{"id":230253,"date":"2019-11-19T15:03:41","date_gmt":"2019-11-19T12:03:41","guid":{"rendered":"http:\/\/www.tvturk.com\/index.php\/yelkenler-buyukcekmecede-ruzgarla-bulustu\/"},"modified":"2019-11-19T15:03:41","modified_gmt":"2019-11-19T12:03:41","slug":"yelkenler-buyukcekmecede-ruzgarla-bulustu","status":"publish","type":"post","link":"http:\/\/www.tvturk.com\/index.php\/yelkenler-buyukcekmecede-ruzgarla-bulustu\/","title":{"rendered":"Yelkenler B\u00fcy\u00fck\u00e7ekmece\u2019de r\u00fczgarla bulu\u015ftu"},"content":{"rendered":"<p>B\u00fcy\u00fck\u00e7ekmece\u2019de yelken sporcular\u0131 yelkenlerini r\u00fczgarla bulu\u015fturdu. Y\u00fczlerce yelkenli, \u201cTYF T\u00fcrkiye \u015eampiyonas\u0131\u201d i\u00e7in k\u0131yas\u0131ya m\u00fccadele etti.<\/p>\n<p>T\u00fcrkiye Yelken Federasyonu\u2019nun d\u00fczenledi\u011fi, B\u00fcy\u00fck\u00e7ekmece Belediyesi ve B\u00fcy\u00fck\u00e7ekmece Yelken Kul\u00fcb\u00fc ev sahipli\u011finde ger\u00e7ekle\u015fen \u201cTYF T\u00fcrkiye \u015eampiyonas\u0131\u201d ilk start\u0131n\u0131 verdi. Sporcular yelkenlerini haz\u0131rlad\u0131ktan sonra teknelerini denizle, yelkenlerini ise r\u00fczgarla bulu\u015fturdu. 600\u2019den fazla yelkenlinin bulundu\u011fu B\u00fcy\u00fck\u00e7ekmece koyunda sporcular t\u00fcm h\u00fcnerlerini sergiledi. 59 kul\u00fcpten 620 sporcunun k\u0131yas\u0131ya m\u00fccadele edece\u011fi \u015fampiyonan\u0131n ilk etab\u0131nda 7-14 ya\u015f aras\u0131 sporcular Optimist, 14-18 ya\u015f aras\u0131 sporcular ise Laser 4.7 kategorisinde yar\u0131\u015facak. Daha sonraki haftalarda ise Laser Radial, Laser Standard, 420 &#8211; 470 &#8211; RS:X &#8211; RS:One &#8211; Techno 293 ve Funboard Slalom kategorilerinde yar\u0131\u015fmalar devam edecek. Heyecan\u0131n dorukta oldu\u011fu yar\u0131\u015f 30 Kas\u0131m\u2019a kadar devam edecek.<\/p>\n<p>\u201cBin sporcunun denize \u00e7\u0131k\u0131p T\u00fcrkiye \u015eampiyonu unvan\u0131 i\u00e7in yar\u0131\u015fmas\u0131n\u0131 bekliyoruz\u201d<\/p>\n<p>Bine yak\u0131n sporcunun B\u00fcy\u00fck\u00e7ekmece\u2019de ilk defa yar\u0131\u015faca\u011f\u0131n\u0131 ifade eden B\u00fcy\u00fck\u00e7ekmece Yelken Kul\u00fcb\u00fc Ba\u015fkan Yard\u0131mc\u0131s\u0131 Mete \u00c7\u0131t\u0131r, \u201cT\u00fcrkiye Yelken Federasyonu kuruldu\u011fundan bu yana her y\u0131l T\u00fcrkiye Yelken \u015eampiyonas\u0131 d\u00fczenleniyor. Fakat bu y\u0131l\u0131n \u00f6zelli\u011fi ilk defa B\u00fcy\u00fck\u00e7ekmece koyunda d\u00fczenleniyor olmas\u0131d\u0131r. Dolay\u0131s\u0131yla tarihi bir hafta ge\u00e7iriyoruz. Ayr\u0131ca kat\u0131l\u0131m da olduk\u00e7a y\u00fcksek. \u0130lk hafta 620 sporcu 2 ayr\u0131 parkurda yar\u0131\u015facak. \u0130kinci hafta da 250 sporcu tekrar ba\u015fka s\u0131n\u0131flarda yar\u0131\u015fmak \u00fczere kul\u00fcb\u00fcm\u00fczde misafir edilecek. \u0130ki hafta i\u00e7inde 900-1000 aras\u0131nda sporcunun denize \u00e7\u0131k\u0131p T\u00fcrkiye \u015eampiyonu unvan\u0131n\u0131 almak \u00fczere yar\u0131\u015fmas\u0131n\u0131 bekliyoruz\u201d ifadelerini kulland\u0131.<\/p>\n<p>\u201c\u0130lk yar\u0131\u015f\u0131m olacak\u201d<\/p>\n<p>E\u011flenceli bir spor oldu\u011funu belirten Arda \u00c7ava\u015f, \u201cBence e\u011flenceli fakat g\u00fc\u00e7 isteyen bir spor. Kendini zorluyorsun biraz. \u0130lk yar\u0131\u015f\u0131m olacak. \u0130n\u015fallah ilk 10\u2019a girerim\u201d dedi.<\/p>\n<p>Di\u011fer yar\u0131\u015fan sporculara ba\u015far\u0131lar dileyen Can Er, \u201c9 ya\u015f\u0131ndan beri bu sporu yap\u0131yorum. \u00d6ncelikle t\u00fcm kat\u0131lan sporculara ba\u015far\u0131lar diliyorum. R\u00fczgarlar\u0131 bol olsun. \u0130n\u015fallah iyi bir sonu\u00e7 \u00e7\u0131kart\u0131rlar\u201d diye konu\u015ftu.<\/p>\n<p>\u201c9 ya\u015f\u0131ndan beri yelken sporu yap\u0131yorum\u201d<\/p>\n<p>2 bu\u00e7uk y\u0131ld\u0131r yelken sporuyla u\u011fra\u015fan Ela T\u0131rpanc\u0131, \u201c9 ya\u015f\u0131ndan beri 2 bu\u00e7uk y\u0131ld\u0131r yelken sporu yap\u0131yorum. \u0130lk \u00f6nce r\u00fczgar s\u00f6rf\u00fcn\u00fc g\u00f6r\u00fcyordum. Oradan merak\u0131m ba\u015flad\u0131. Ama ona ya\u015f\u0131m yetmedi\u011fi i\u00e7in yelkene ba\u015flad\u0131m. Herkese ba\u015far\u0131lar diliyorum. Umar\u0131m g\u00fczel bir yar\u0131\u015f olur\u201d dedi.<\/p>\n","protected":false},"excerpt":{"rendered":"<p>B\u00dcY\u00dcK\u00c7EKMECE\u2019DE YELKEN SPORCULARI YELKENLER\u0130N\u0130 R\u00dcZGARLA BULU\u015eTURDU. Y\u00dcZLERCE YELKENL\u0130, \u201cTYF T\u00dcRK\u0130YE \u015eAMP\u0130YONASI\u201d \u0130\u00c7\u0130N KIYASIYA M\u00dcCADELE ETT\u0130.<\/p>\n","protected":false},"author":1,"featured_media":230254,"comment_status":"closed","ping_status":"open","sticky":false,"template":"","format":"standard","meta":{"jetpack_post_was_ever_published":false,"_jetpack_newsletter_access":"","_jetpack_dont_email_post_to_subs":false,"_jetpack_newsletter_tier_id":0,"_jetpack_memberships_contains_paywalled_content":false,"_jetpack_memberships_contains_paid_content":false,"footnotes":"","jetpack_publicize_message":"","jetpack_publicize_feature_enabled":true,"jetpack_social_post_already_shared":true,"jetpack_social_options":{"image_generator_settings":{"template":"highway","default_image_id":0,"font":"","enabled":false},"version":2}},"categories":[657],"tags":[389,5881,45979,29820],"class_list":["post-230253","post","type-post","status-publish","format-standard","has-post-thumbnail","hentry","category-spor","tag-bulustu","tag-buyukcekmecede","tag-ruzgarla","tag-yelkenler"],"jetpack_publicize_connections":[],"jetpack_featured_media_url":"https:\/\/i0.wp.com\/www.tvturk.com\/wp-content\/uploads\/2019\/11\/yelkenler-buyukcekmecede-ruzgarla-bulustu_2f557b0.jpg?fit=1000%2C666","jetpack_sharing_enabled":true,"jetpack_shortlink":"https:\/\/wp.me\/paKIfm-XTL","_links":{"self":[{"href":"http:\/\/www.tvturk.com\/index.php\/wp-json\/wp\/v2\/posts\/230253","targetHints":{"allow":["GET"]}}],"collection":[{"href":"http:\/\/www.tvturk.com\/index.php\/wp-json\/wp\/v2\/posts"}],"about":[{"href":"http:\/\/www.tvturk.com\/index.php\/wp-json\/wp\/v2\/types\/post"}],"author":[{"embeddable":true,"href":"http:\/\/www.tvturk.com\/index.php\/wp-json\/wp\/v2\/users\/1"}],"replies":[{"embeddable":true,"href":"http:\/\/www.tvturk.com\/index.php\/wp-json\/wp\/v2\/comments?post=230253"}],"version-history":[{"count":0,"href":"http:\/\/www.tvturk.com\/index.php\/wp-json\/wp\/v2\/posts\/230253\/revisions"}],"wp:featuredmedia":[{"embeddable":true,"href":"http:\/\/www.tvturk.com\/index.php\/wp-json\/wp\/v2\/media\/230254"}],"wp:attachment":[{"href":"http:\/\/www.tvturk.com\/index.php\/wp-json\/wp\/v2\/media?parent=230253"}],"wp:term":[{"taxonomy":"category","embeddable":true,"href":"http:\/\/www.tvturk.com\/index.php\/wp-json\/wp\/v2\/categories?post=230253"},{"taxonomy":"post_tag","embeddable":true,"href":"http:\/\/www.tvturk.com\/index.php\/wp-json\/wp\/v2\/tags?post=230253"}],"curies":[{"name":"wp","href":"https:\/\/api.w.org\/{rel}","templated":true}]}}