{"id":230351,"date":"2019-11-19T17:47:17","date_gmt":"2019-11-19T14:47:17","guid":{"rendered":"http:\/\/www.tvturk.com\/index.php\/abdnin-adana-konsoloslugunda-skandal-kutlama\/"},"modified":"2019-11-19T17:47:17","modified_gmt":"2019-11-19T14:47:17","slug":"abdnin-adana-konsoloslugunda-skandal-kutlama","status":"publish","type":"post","link":"http:\/\/www.tvturk.com\/index.php\/abdnin-adana-konsoloslugunda-skandal-kutlama\/","title":{"rendered":"ABD\u2019nin Adana Konsoloslu\u011funda skandal kutlama"},"content":{"rendered":"<p>ABD\u2019nin Adana Konsoloslu\u011fu\u2019nda \u00e7al\u0131\u015ft\u0131\u011f\u0131 ileri s\u00fcr\u00fclen T\u00fcrk personellerin Halloween (Cad\u0131lar Bayram\u0131) kutlamalar\u0131nda \u0130slam dini ile alay etti\u011fi g\u00f6r\u00fcnt\u00fcler sosyal medyada tepki \u00e7ekti.<\/p>\n<p>ABD\u2019nin Adana Konsoloslu\u011fu\u2019nda \u00e7al\u0131\u015ft\u0131\u011f\u0131 ileri s\u00fcr\u00fclen T\u00fcrk personeller Cad\u0131lar Bayram\u0131 kutlamalar\u0131nda \u0130slam diniyle alay etti\u011fi g\u00f6r\u00fcnt\u00fcler sosyal medyada payla\u015f\u0131ld\u0131. Ellerindeki pet \u015fi\u015fede zemzem suyunu g\u00f6steren biri kad\u0131n iki personel, &#8220;Bunu i\u00e7tikten sonra b\u00fct\u00fcn g\u00fcnahlar\u0131n\u0131zdan ar\u0131n\u0131yorsunuz, bunu i\u00e7in ar\u0131n\u0131n sonra hayat\u0131n\u0131za bak\u0131n&#8221; \u015feklinde ifadeler kulland\u0131. G\u00f6r\u00fcnt\u00fcler sosyal medyada b\u00fcy\u00fck tepki \u00e7ekti.<\/p>\n<p>ABD B\u00fcy\u00fckel\u00e7ili\u011finden a\u00e7\u0131klama<\/p>\n<p>Sosyal medyadaki tepkilerin ard\u0131ndan ABD B\u00fcy\u00fckel\u00e7ili\u011fi\u2019nden bir yetkili, \u0130HA muhabirine yapt\u0131\u011f\u0131 a\u00e7\u0131klamada, &#8220;S\u00f6z konusu haberlerin fark\u0131nday\u0131z ve bu haberleri ciddiye al\u0131yoruz. ABD h\u00fck\u00fcmeti ve ABD\u2019nin T\u00fcrkiye\u2019deki diplomatik temsilcilikleri, gerek \u0130slam dinine ve \u0130slami geleneklere, gerekse d\u00fcnyadaki di\u011fer dinlere ve dini team\u00fcllere b\u00fcy\u00fck sayg\u0131 duymaktad\u0131r. Personelle ilgili konularda ise yorum yapm\u0131yoruz&#8221; dedi.<\/p>\n","protected":false},"excerpt":{"rendered":"<p>ABD&#8217;N\u0130N ADANA KONSOLOSLU\u011eU&#8217;NDA \u00c7ALI\u015eTI\u011eI \u0130LER\u0130 S\u00dcR\u00dcLEN T\u00dcRK PERSONELLER CADILAR BAYRAMI KUTLAMALARINDA \u0130SLAM D\u0130N\u0130YLE ALAY ETT\u0130.<\/p>\n","protected":false},"author":1,"featured_media":230352,"comment_status":"closed","ping_status":"open","sticky":false,"template":"","format":"standard","meta":{"jetpack_post_was_ever_published":false,"_jetpack_newsletter_access":"","_jetpack_dont_email_post_to_subs":false,"_jetpack_newsletter_tier_id":0,"_jetpack_memberships_contains_paywalled_content":false,"_jetpack_memberships_contains_paid_content":false,"footnotes":"","jetpack_publicize_message":"","jetpack_publicize_feature_enabled":true,"jetpack_social_post_already_shared":true,"jetpack_social_options":{"image_generator_settings":{"template":"highway","default_image_id":0,"font":"","enabled":false},"version":2}},"categories":[1],"tags":[3078,2080,18279,15430,1573],"class_list":["post-230351","post","type-post","status-publish","format-standard","has-post-thumbnail","hentry","category-genel","tag-abdnin","tag-adana","tag-konsoloslugunda","tag-kutlama","tag-skandal"],"jetpack_publicize_connections":[],"jetpack_featured_media_url":"https:\/\/i0.wp.com\/www.tvturk.com\/wp-content\/uploads\/2019\/11\/abdnin-adana-konsoloslugunda-skandal-kutlama_aa1b81b.jpg?fit=400%2C400","jetpack_sharing_enabled":true,"jetpack_shortlink":"https:\/\/wp.me\/paKIfm-XVl","_links":{"self":[{"href":"http:\/\/www.tvturk.com\/index.php\/wp-json\/wp\/v2\/posts\/230351","targetHints":{"allow":["GET"]}}],"collection":[{"href":"http:\/\/www.tvturk.com\/index.php\/wp-json\/wp\/v2\/posts"}],"about":[{"href":"http:\/\/www.tvturk.com\/index.php\/wp-json\/wp\/v2\/types\/post"}],"author":[{"embeddable":true,"href":"http:\/\/www.tvturk.com\/index.php\/wp-json\/wp\/v2\/users\/1"}],"replies":[{"embeddable":true,"href":"http:\/\/www.tvturk.com\/index.php\/wp-json\/wp\/v2\/comments?post=230351"}],"version-history":[{"count":0,"href":"http:\/\/www.tvturk.com\/index.php\/wp-json\/wp\/v2\/posts\/230351\/revisions"}],"wp:featuredmedia":[{"embeddable":true,"href":"http:\/\/www.tvturk.com\/index.php\/wp-json\/wp\/v2\/media\/230352"}],"wp:attachment":[{"href":"http:\/\/www.tvturk.com\/index.php\/wp-json\/wp\/v2\/media?parent=230351"}],"wp:term":[{"taxonomy":"category","embeddable":true,"href":"http:\/\/www.tvturk.com\/index.php\/wp-json\/wp\/v2\/categories?post=230351"},{"taxonomy":"post_tag","embeddable":true,"href":"http:\/\/www.tvturk.com\/index.php\/wp-json\/wp\/v2\/tags?post=230351"}],"curies":[{"name":"wp","href":"https:\/\/api.w.org\/{rel}","templated":true}]}}