{"id":230511,"date":"2019-11-20T11:47:54","date_gmt":"2019-11-20T08:47:54","guid":{"rendered":"http:\/\/www.tvturk.com\/index.php\/genc-besiktaslilar-grubundan-ahmet-nur-cebiye-hayirli-olsun-ziyareti\/"},"modified":"2019-11-20T11:47:54","modified_gmt":"2019-11-20T08:47:54","slug":"genc-besiktaslilar-grubundan-ahmet-nur-cebiye-hayirli-olsun-ziyareti","status":"publish","type":"post","link":"http:\/\/www.tvturk.com\/index.php\/genc-besiktaslilar-grubundan-ahmet-nur-cebiye-hayirli-olsun-ziyareti\/","title":{"rendered":"Gen\u00e7 Be\u015fikta\u015fl\u0131lar Grubu\u2019ndan Ahmet Nur \u00c7ebi\u2019ye hay\u0131rl\u0131 olsun ziyareti"},"content":{"rendered":"<p>Yakla\u015f\u0131k 31 y\u0131ll\u0131k mazisiyle Be\u015fikta\u015f tarihinin \u00f6nemli olu\u015fumlar\u0131ndan biri olarak kabul edilen Gen\u00e7 Be\u015fikta\u015fl\u0131lar Grubu\u2019nun Y\u00f6netim Kurulu, Be\u015fikta\u015f Kul\u00fcb\u00fc\u2019n\u00fcn 34. Ba\u015fkan\u0131 se\u00e7ilen Ahmet Nur \u00c7ebi\u2019ye hay\u0131rl\u0131 olsun ziyaretinde bulundu.<\/p>\n<p>Gen\u00e7 Be\u015fikta\u015fl\u0131lar Ba\u015fkan\u0131 Ahmet Hilmi Y\u0131lmaz ve y\u00f6netim kurulu \u00fcyeleri ile birlikte eski ba\u015fkanlardan Ali B\u00fcy\u00fckasar\u2019\u0131n da yer ald\u0131\u011f\u0131 nezaket ziyaretinde kar\u015f\u0131l\u0131kl\u0131 fikir al\u0131\u015fveri\u015finde bulunuldu. Samimi bir ortamda ger\u00e7ekle\u015fen ziyaretin sonunda Be\u015fikta\u015f Ba\u015fkan\u0131 Ahmet Nur \u00c7ebi\u2019ye, grup taraf\u0131ndan haz\u0131rlanan plaket takdim edildi.<\/p>\n<p>Toplant\u0131 sonras\u0131 Ba\u015fkan Ahmet Hilmi Y\u0131lmaz yapt\u0131\u011f\u0131 k\u0131sa a\u00e7\u0131klamada, &#8220;Be\u015fikta\u015f Jimnastik Kul\u00fcb\u00fc\u2019n\u00fcn 34. Ba\u015fkan\u0131 se\u00e7ilen Ahmet Nur \u00c7ebi\u2019yi bir kere daha kutluyor, kul\u00fcb\u00fcm\u00fcze hay\u0131rl\u0131 hizmetler yaparak, Be\u015fikta\u015f\u2019\u0131m\u0131z\u0131 hak etti\u011fi yerlere getirece\u011fine y\u00fcrekten inan\u0131yoruz&#8221; ifadelerini kulland\u0131.<\/p>\n<p>Birlik ve beraberlik i\u00e7in bir araya geldiklerini s\u00f6yleyen eski Ba\u015fkan Ali B\u00fcy\u00fckasar ise, &#8220;Be\u015fikta\u015f ad\u0131na camiada \u00f6zlenen birlik ve beraberli\u011fi yeni se\u00e7ilen Ba\u015fkan\u0131m\u0131z Ahmet Nur \u00c7ebi Beyefendi ve y\u00f6netimi k\u0131sa s\u00fcrede sa\u011flad\u0131. Kul\u00fcb\u00fcm\u00fcz ivedilikle mali disiplini olan, taraftar ile b\u00fct\u00fcnle\u015fmi\u015f ve daha \u015feffaf y\u00f6netilen bir yap\u0131ya d\u00f6n\u00fc\u015ft\u00fcr\u00fcl\u00fcyor. Eme\u011fi ge\u00e7en herkese \u00e7ok te\u015fekk\u00fcr ediyoruz&#8221; a\u00e7\u0131klamas\u0131n\u0131 yapt\u0131.<\/p>\n","protected":false},"excerpt":{"rendered":"<p>GEN\u00c7 BE\u015e\u0130KTA\u015eLILAR GRUBU\u2019NUN Y\u00d6NET\u0130M KURULU, BE\u015e\u0130KTA\u015e KUL\u00dcB\u00dc&#8217;N\u00dcN 34. BA\u015eKANI SE\u00c7\u0130LEN AHMET NUR \u00c7EB\u0130&#8217;YE HAYIRLI OLSUN Z\u0130YARET\u0130NDE BULUNDU.<\/p>\n","protected":false},"author":1,"featured_media":230512,"comment_status":"closed","ping_status":"open","sticky":false,"template":"","format":"standard","meta":{"jetpack_post_was_ever_published":false,"_jetpack_newsletter_access":"","_jetpack_dont_email_post_to_subs":false,"_jetpack_newsletter_tier_id":0,"_jetpack_memberships_contains_paywalled_content":false,"_jetpack_memberships_contains_paid_content":false,"footnotes":"","jetpack_publicize_message":"","jetpack_publicize_feature_enabled":true,"jetpack_social_post_already_shared":true,"jetpack_social_options":{"image_generator_settings":{"template":"highway","default_image_id":0,"font":"","enabled":false},"version":2}},"categories":[657],"tags":[6627,3634,8429,55069,803,1959,13718,6245,1730],"class_list":["post-230511","post","type-post","status-publish","format-standard","has-post-thumbnail","hentry","category-spor","tag-hayirli","tag-ahmet","tag-besiktaslilar","tag-cebiye","tag-genc","tag-grubundan","tag-nur","tag-olsun","tag-ziyareti"],"jetpack_publicize_connections":[],"jetpack_featured_media_url":"https:\/\/i0.wp.com\/www.tvturk.com\/wp-content\/uploads\/2019\/11\/genc-besiktaslilar-grubundan-ahmet-nur-cebiye-hayirli-olsun-ziyareti_453e28e.jpg?fit=1000%2C642","jetpack_sharing_enabled":true,"jetpack_shortlink":"https:\/\/wp.me\/paKIfm-XXV","_links":{"self":[{"href":"http:\/\/www.tvturk.com\/index.php\/wp-json\/wp\/v2\/posts\/230511","targetHints":{"allow":["GET"]}}],"collection":[{"href":"http:\/\/www.tvturk.com\/index.php\/wp-json\/wp\/v2\/posts"}],"about":[{"href":"http:\/\/www.tvturk.com\/index.php\/wp-json\/wp\/v2\/types\/post"}],"author":[{"embeddable":true,"href":"http:\/\/www.tvturk.com\/index.php\/wp-json\/wp\/v2\/users\/1"}],"replies":[{"embeddable":true,"href":"http:\/\/www.tvturk.com\/index.php\/wp-json\/wp\/v2\/comments?post=230511"}],"version-history":[{"count":0,"href":"http:\/\/www.tvturk.com\/index.php\/wp-json\/wp\/v2\/posts\/230511\/revisions"}],"wp:featuredmedia":[{"embeddable":true,"href":"http:\/\/www.tvturk.com\/index.php\/wp-json\/wp\/v2\/media\/230512"}],"wp:attachment":[{"href":"http:\/\/www.tvturk.com\/index.php\/wp-json\/wp\/v2\/media?parent=230511"}],"wp:term":[{"taxonomy":"category","embeddable":true,"href":"http:\/\/www.tvturk.com\/index.php\/wp-json\/wp\/v2\/categories?post=230511"},{"taxonomy":"post_tag","embeddable":true,"href":"http:\/\/www.tvturk.com\/index.php\/wp-json\/wp\/v2\/tags?post=230511"}],"curies":[{"name":"wp","href":"https:\/\/api.w.org\/{rel}","templated":true}]}}