{"id":230551,"date":"2019-11-20T12:47:04","date_gmt":"2019-11-20T09:47:04","guid":{"rendered":"http:\/\/www.tvturk.com\/index.php\/cumhurbaskanligi-savunma-sanayii-baskani-demir-dunyanin-siber-ataklara-ve-saldirilara-karsi-isbirligi-icinde-olmasi-gerektigini-dusunuyoruz\/"},"modified":"2019-11-20T12:47:04","modified_gmt":"2019-11-20T09:47:04","slug":"cumhurbaskanligi-savunma-sanayii-baskani-demir-dunyanin-siber-ataklara-ve-saldirilara-karsi-isbirligi-icinde-olmasi-gerektigini-dusunuyoruz","status":"publish","type":"post","link":"http:\/\/www.tvturk.com\/index.php\/cumhurbaskanligi-savunma-sanayii-baskani-demir-dunyanin-siber-ataklara-ve-saldirilara-karsi-isbirligi-icinde-olmasi-gerektigini-dusunuyoruz\/","title":{"rendered":"Cumhurba\u015fkanl\u0131\u011f\u0131 Savunma Sanayii Ba\u015fkan\u0131 Demir: &#8220;D\u00fcnyan\u0131n siber ataklara ve sald\u0131r\u0131lara kar\u015f\u0131 i\u015fbirli\u011fi i\u00e7inde olmas\u0131 gerekti\u011fini d\u00fc\u015f\u00fcn\u00fcyoruz&#8221;"},"content":{"rendered":"<p>Cumhurba\u015fkanl\u0131\u011f\u0131 Savunma Sanayii Ba\u015fkan\u0131 \u0130smail Demir, &#8220;D\u00fcnyan\u0131n siber ataklara ve sald\u0131r\u0131lara kar\u015f\u0131 i\u015fbirli\u011fi i\u00e7inde olmas\u0131 gerekti\u011fini d\u00fc\u015f\u00fcn\u00fcyoruz&#8221; dedi.<\/p>\n<p>Cumhurba\u015fkanl\u0131\u011f\u0131 Savunma Sanayii Ba\u015fkan\u0131 Prof. Dr. \u0130smail Demir, Ankara\u2019da bir otelde d\u00fczenlenen &#8220;Siber G\u00fcvenlikte K\u00fcresel Oyuncu Nas\u0131l Olunur&#8221; temal\u0131 4. Siber Sava\u015f ve G\u00fcvenlik Konferans\u0131\u2019n\u0131n a\u00e7\u0131l\u0131\u015f\u0131na kat\u0131ld\u0131. Konferansta bir konu\u015fma yapan Demir, T\u00fcrk savunma sanayiinde pek \u00e7ok geli\u015fme ya\u015fand\u0131\u011f\u0131n\u0131 ve siber g\u00fcvenlik alan\u0131nda da geli\u015fme sa\u011flayabilmenin uzun vadede \u00e7ok \u00f6nemli oldu\u011funu ifade etti. Ya\u015fanan geli\u015fmelerin kendilerini siber g\u00fcvenlik alan\u0131na yo\u011funla\u015ft\u0131rd\u0131\u011f\u0131n\u0131 belirten Demir, d\u00fcnya genelinde \u00fclkelerin kendi kurumlar\u0131n\u0131 kurmak a\u00e7\u0131s\u0131ndan dikkatli oldu\u011funu, \u00fclkelerin kendi \u015febekesini, kendi bilgi sistemlerini, kendi istihbaratlar\u0131n\u0131 ve askeri sistemlerini korumaya \u00e7al\u0131\u015ft\u0131klar\u0131n\u0131 vurgulad\u0131. Yak\u0131n gelecekte \u00fclkelerin siber alan\u0131 bir sava\u015f alan\u0131 de\u011fil bir i\u015fbirli\u011fi alan\u0131 olarak anlayaca\u011f\u0131n\u0131n alt\u0131n\u0131 \u00e7izen Demir, &#8220;\u00c7\u00fcnk\u00fc, world wild web ve i\u015f ba\u011flant\u0131lar\u0131 alan\u0131nda ulusal s\u0131n\u0131rlar yok. Ulusal s\u0131n\u0131rlar olsa bile o s\u0131n\u0131rlar ge\u00e7ilebilir. D\u00fcnya, uluslararas\u0131 bir i\u015fbirli\u011finin ve \u00f6nleme faaliyetinin ger\u00e7ekle\u015fmesi gerekti\u011fini anlamak durumunda, hem kriminal faaliyetler i\u00e7in hem de \u00fclkelerin kendi emniyetlerini sa\u011flamalar\u0131 i\u00e7in bir t\u00fcr uluslararas\u0131 anla\u015fmaya ihtiya\u00e7 var. \u00dclkelerin ve insanlar\u0131n korunmas\u0131 \u00e7ok \u00f6nemli&#8221; ifadelerini kulland\u0131.<\/p>\n<p>D\u00fcnyada toplumlar\u0131 y\u00f6nlendirmenin, ki\u015filerin ve toplumlar\u0131n zihinleriyle farkl\u0131 t\u00fcr bilgilerle oynaman\u0131n m\u00fcmk\u00fcn oldu\u011funu kaydeden Demir, &#8220;Bu d\u00fcnyada toplumlar\u0131 y\u00f6nlendirme, ki\u015filerin ve toplumlar\u0131n zihinleriyle farkl\u0131 t\u00fcr bilgilerle oynamak m\u00fcmk\u00fcn. \u0130nternette dola\u015fan bilgilerin do\u011frulanmas\u0131 gerekiyor. Pek \u00e7ok insan\u0131, toplumu ve zihni bilgiyi \u00e7arp\u0131tarak veya yanl\u0131\u015f bilgi yayarak zarar verebilirsiniz. Bu noktada i\u015fin hem yaz\u0131l\u0131m hem de donan\u0131m k\u0131sm\u0131 var. Her kesimde her \u00fclkenin \u00e7ok dikkatli olmas\u0131 gerekiyor. Siber g\u00fcvenlik k\u00fcmelenmesi ile fark\u0131ndal\u0131k olu\u015fturmaya \u00e7al\u0131\u015f\u0131yoruz&#8221; diye konu\u015ftu.<\/p>\n<p>D\u00fcnyan\u0131n siber ataklara ve sald\u0131r\u0131lara kar\u015f\u0131 i\u015fbirli\u011fi i\u00e7inde olmas\u0131 gerekti\u011fini aktaran Demir, &#8220;Bu fark\u0131ndal\u0131\u011f\u0131 olu\u015fturmaya \u00e7al\u0131\u015f\u0131yoruz. \u0130nsan kaynaklar\u0131 ve yaz\u0131l\u0131mlar\u0131 olu\u015fturmak bizim amac\u0131m\u0131z. \u00d6nemli kurumlar\u0131n tehlike alt\u0131nda oldu\u011funu g\u00f6r\u00fcyorsunuz. Herhangi bir ulusun ve bizim ulusumuzun g\u00fcvenli\u011fini korumak i\u00e7in teknolojiler geli\u015ftiriyoruz. Sivil toplumla ve di\u011fer \u00fclkeler ile i\u015fbirli\u011fi yap\u0131yoruz. Bu konferans boyunca k\u00fcmelerimizin \u00fcyeleriyle \u00fcr\u00fcnlerini tan\u0131tabilmeleri i\u00e7in bu konferanstan maksimum \u015fekilde yararlanman\u0131z\u0131 tavsiye ediyorum&#8221; dedi.<\/p>\n","protected":false},"excerpt":{"rendered":"<p>CUMHURBA\u015eKANLI\u011eI SAVUNMA SANAY\u0130 BA\u015eKANI \u0130SMA\u0130L DEM\u0130R, &#8220;D\u00dcNYANIN S\u0130BER ATAKLARA VE SALDIRILARA KAR\u015eI \u0130\u015e B\u0130RL\u0130\u011e\u0130 \u0130\u00c7\u0130NDE OLMASI GEREKT\u0130\u011e\u0130N\u0130 D\u00dc\u015e\u00dcN\u00dcYORUZ&#8221; DED\u0130.<\/p>\n","protected":false},"author":1,"featured_media":230552,"comment_status":"closed","ping_status":"open","sticky":false,"template":"","format":"standard","meta":{"jetpack_post_was_ever_published":false,"_jetpack_newsletter_access":"","_jetpack_dont_email_post_to_subs":false,"_jetpack_newsletter_tier_id":0,"_jetpack_memberships_contains_paywalled_content":false,"_jetpack_memberships_contains_paid_content":false,"footnotes":"","jetpack_publicize_message":"","jetpack_publicize_feature_enabled":true,"jetpack_social_post_already_shared":true,"jetpack_social_options":{"image_generator_settings":{"template":"highway","default_image_id":0,"font":"","enabled":false},"version":2}},"categories":[1],"tags":[58075,216,5204,491,1197,19919,46784,4601,2909,2541,5308,33763,14056,33,8593],"class_list":["post-230551","post","type-post","status-publish","format-standard","has-post-thumbnail","hentry","category-genel","tag-ataklara","tag-baskani","tag-cumhurbaskanligi","tag-demir","tag-dunyanin","tag-dusunuyoruz","tag-gerektigini","tag-icinde","tag-isbirligi","tag-karsi","tag-olmasi","tag-saldirilara","tag-sanayii","tag-savunma","tag-siber"],"jetpack_publicize_connections":[],"jetpack_featured_media_url":"https:\/\/i0.wp.com\/www.tvturk.com\/wp-content\/uploads\/2019\/11\/cumhurbaskanligi-savunma-sanayii-baskani-demir-dunyanin-siber-ataklara-ve-saldirilara-karsi-isbirligi-icinde-olmasi-gerektigini-dusunuyoruz_9fc4b0f.jpg?fit=1000%2C463","jetpack_sharing_enabled":true,"jetpack_shortlink":"https:\/\/wp.me\/paKIfm-XYz","_links":{"self":[{"href":"http:\/\/www.tvturk.com\/index.php\/wp-json\/wp\/v2\/posts\/230551","targetHints":{"allow":["GET"]}}],"collection":[{"href":"http:\/\/www.tvturk.com\/index.php\/wp-json\/wp\/v2\/posts"}],"about":[{"href":"http:\/\/www.tvturk.com\/index.php\/wp-json\/wp\/v2\/types\/post"}],"author":[{"embeddable":true,"href":"http:\/\/www.tvturk.com\/index.php\/wp-json\/wp\/v2\/users\/1"}],"replies":[{"embeddable":true,"href":"http:\/\/www.tvturk.com\/index.php\/wp-json\/wp\/v2\/comments?post=230551"}],"version-history":[{"count":0,"href":"http:\/\/www.tvturk.com\/index.php\/wp-json\/wp\/v2\/posts\/230551\/revisions"}],"wp:featuredmedia":[{"embeddable":true,"href":"http:\/\/www.tvturk.com\/index.php\/wp-json\/wp\/v2\/media\/230552"}],"wp:attachment":[{"href":"http:\/\/www.tvturk.com\/index.php\/wp-json\/wp\/v2\/media?parent=230551"}],"wp:term":[{"taxonomy":"category","embeddable":true,"href":"http:\/\/www.tvturk.com\/index.php\/wp-json\/wp\/v2\/categories?post=230551"},{"taxonomy":"post_tag","embeddable":true,"href":"http:\/\/www.tvturk.com\/index.php\/wp-json\/wp\/v2\/tags?post=230551"}],"curies":[{"name":"wp","href":"https:\/\/api.w.org\/{rel}","templated":true}]}}