{"id":230605,"date":"2019-11-20T13:47:00","date_gmt":"2019-11-20T10:47:00","guid":{"rendered":"http:\/\/www.tvturk.com\/index.php\/afad-gonulluleri-bir-araya-geldi\/"},"modified":"2019-11-20T13:47:00","modified_gmt":"2019-11-20T10:47:00","slug":"afad-gonulluleri-bir-araya-geldi","status":"publish","type":"post","link":"http:\/\/www.tvturk.com\/index.php\/afad-gonulluleri-bir-araya-geldi\/","title":{"rendered":"AFAD g\u00f6n\u00fcll\u00fcleri bir araya geldi"},"content":{"rendered":"<p>Afyonkarahisar\u2019daki AFAD g\u00f6n\u00fcll\u00fcleri \u0130l Afet ve Acil Durum M\u00fcd\u00fcrl\u00fc\u011f\u00fc taraf\u0131ndan d\u00fczenlenen programla bir araya geldiler.<\/p>\n<p>Afyonkarahisar \u0130l Afet ve Acil Durum M\u00fcd\u00fcrl\u00fc\u011f\u00fc taraf\u0131ndan \u201cAFAD G\u00f6n\u00fcll\u00fcleri Bulu\u015fmas\u0131\u00e9 program\u0131 d\u00fczenlendi. Programa; Afyonkarahisar Vali Yard\u0131mc\u0131s\u0131 \u00dcmit Kayacan, AFAD \u0130l M\u00fcd\u00fcr\u00fc Mehmet Buldan, 112 Acil \u00c7a\u011fr\u0131 Merkezi M\u00fcd\u00fcr\u00fc G\u00fcls\u00fcn Ate\u015f Do\u011fan, daire m\u00fcd\u00fcrleri \u00e7ok say\u0131da AFAD g\u00f6n\u00fcll\u00fcs\u00fc kat\u0131ld\u0131.<\/p>\n<p>AFAD \u0130l M\u00fcd\u00fcr\u00fc Mehmet Buldan, AFAD g\u00f6n\u00fcll\u00fclerinin \u00f6nemine dikkat \u00e7ekerek, \u0130\u00e7i\u015fleri Bakanl\u0131\u011f\u0131 Afet ve Acil Durum Y\u00f6netimi Ba\u015fkanl\u0131\u011f\u0131 afetin her a\u015famas\u0131 ile ilgili pek \u00e7ok proje y\u00fcr\u00fctt\u00fc\u011f\u00fcn\u00fc s\u00f6yledi. Buldan, &#8220;Bu proje ile afet y\u00f6netiminin herhangi bir evresinde g\u00f6n\u00fcll\u00fc olarak rol almak isteyen ger\u00e7ek ve t\u00fczel ki\u015filerin s\u00fcrece dahil edilmesi amac\u0131yla, g\u00f6rev alanlar\u0131n\u0131n belirlenmesi, e\u011fitimlerle kapasitelerinin artt\u0131r\u0131lmas\u0131 ve g\u00f6n\u00fcll\u00fcl\u00fck sistemi i\u00e7erisindeki performanslar\u0131n\u0131n takip edilmesi hedeflenmi\u015ftir. AFAD G\u00f6n\u00fcll\u00fcleri afet \u00f6ncesinde, afet esnas\u0131nda ve afet sonras\u0131nda ihtiya\u00e7 duyulan sa\u011fl\u0131k, beslenme, psikososyal destek, bar\u0131nma, arama kurtarma gibi alanlarda yeti\u015ftirilerek afetin her evresinde etkin \u015fekilde \u00e7al\u0131\u015fmalar\u0131 sa\u011flanacak ve toplum afet ve acil durumlara daha diren\u00e7li hale getirilecektir\u201d diye konu\u015ftu.<\/p>\n","protected":false},"excerpt":{"rendered":"<p>AFYONKARAH\u0130SAR\u2019DAK\u0130 AFAD G\u00d6N\u00dcLL\u00dcLER\u0130 \u0130L AFET VE AC\u0130L DURUM M\u00dcD\u00dcRL\u00dc\u011e\u00dc TARAFINDAN D\u00dcZENLENEN PROGRAMLA B\u0130R ARAYA GELD\u0130LER.<\/p>\n","protected":false},"author":1,"featured_media":230606,"comment_status":"closed","ping_status":"open","sticky":false,"template":"","format":"standard","meta":{"jetpack_post_was_ever_published":false,"_jetpack_newsletter_access":"","_jetpack_dont_email_post_to_subs":false,"_jetpack_newsletter_tier_id":0,"_jetpack_memberships_contains_paywalled_content":false,"_jetpack_memberships_contains_paid_content":false,"footnotes":"","jetpack_publicize_message":"","jetpack_publicize_feature_enabled":true,"jetpack_social_post_already_shared":true,"jetpack_social_options":{"image_generator_settings":{"template":"highway","default_image_id":0,"font":"","enabled":false},"version":2}},"categories":[1],"tags":[2382,126,125,127,12779],"class_list":["post-230605","post","type-post","status-publish","format-standard","has-post-thumbnail","hentry","category-genel","tag-afad","tag-araya","tag-bir","tag-geldi","tag-gonulluleri"],"jetpack_publicize_connections":[],"jetpack_featured_media_url":"https:\/\/i0.wp.com\/www.tvturk.com\/wp-content\/uploads\/2019\/11\/afad-gonulluleri-bir-araya-geldi_db8880c.jpg?fit=1000%2C666","jetpack_sharing_enabled":true,"jetpack_shortlink":"https:\/\/wp.me\/paKIfm-XZr","_links":{"self":[{"href":"http:\/\/www.tvturk.com\/index.php\/wp-json\/wp\/v2\/posts\/230605","targetHints":{"allow":["GET"]}}],"collection":[{"href":"http:\/\/www.tvturk.com\/index.php\/wp-json\/wp\/v2\/posts"}],"about":[{"href":"http:\/\/www.tvturk.com\/index.php\/wp-json\/wp\/v2\/types\/post"}],"author":[{"embeddable":true,"href":"http:\/\/www.tvturk.com\/index.php\/wp-json\/wp\/v2\/users\/1"}],"replies":[{"embeddable":true,"href":"http:\/\/www.tvturk.com\/index.php\/wp-json\/wp\/v2\/comments?post=230605"}],"version-history":[{"count":0,"href":"http:\/\/www.tvturk.com\/index.php\/wp-json\/wp\/v2\/posts\/230605\/revisions"}],"wp:featuredmedia":[{"embeddable":true,"href":"http:\/\/www.tvturk.com\/index.php\/wp-json\/wp\/v2\/media\/230606"}],"wp:attachment":[{"href":"http:\/\/www.tvturk.com\/index.php\/wp-json\/wp\/v2\/media?parent=230605"}],"wp:term":[{"taxonomy":"category","embeddable":true,"href":"http:\/\/www.tvturk.com\/index.php\/wp-json\/wp\/v2\/categories?post=230605"},{"taxonomy":"post_tag","embeddable":true,"href":"http:\/\/www.tvturk.com\/index.php\/wp-json\/wp\/v2\/tags?post=230605"}],"curies":[{"name":"wp","href":"https:\/\/api.w.org\/{rel}","templated":true}]}}