{"id":230689,"date":"2019-11-20T15:18:32","date_gmt":"2019-11-20T12:18:32","guid":{"rendered":"http:\/\/www.tvturk.com\/index.php\/nebiyan-doga-festivali-fotograf-yarismasi-sonuclandi\/"},"modified":"2019-11-20T15:18:32","modified_gmt":"2019-11-20T12:18:32","slug":"nebiyan-doga-festivali-fotograf-yarismasi-sonuclandi","status":"publish","type":"post","link":"http:\/\/www.tvturk.com\/index.php\/nebiyan-doga-festivali-fotograf-yarismasi-sonuclandi\/","title":{"rendered":"Nebiyan Do\u011fa Festivali Foto\u011fraf Yar\u0131\u015fmas\u0131 sonu\u00e7land\u0131"},"content":{"rendered":"<p>19 May\u0131s Belediyesinin bu y\u0131l ilkini ger\u00e7ekle\u015ftirdi\u011fi 1.Nebiyan Do\u011fa Festivali b\u00fcnyesinde d\u00fczenlenen foto maratonu sonu\u00e7lar\u0131 a\u00e7\u0131kland\u0131.<\/p>\n<p>T\u00fcrkiye Foto\u011fraf Sanat\u0131 Federasyonu Temsilcisi Ya\u015far Ali Dursun, Samsun Cumhuriyet Savc\u0131s\u0131 Vedat So\u011fukp\u0131nar, Prof.\u00d6\u011fr. \u00dcyesi &#8211; Foto\u011fraf Sanat\u00e7\u0131s\u0131 Ata Yakup Kaptan, \u00d6\u011fr. G\u00f6r -Foto\u011fraf Sanat\u00e7\u0131s\u0131 Atanur Sevim, Heykeltra\u015f &#8211; Foto\u011fraf Sanat\u00e7\u0131s\u0131 G\u00fcng\u00f6r \u00c7\u0131nar, Foto\u011fraf Sanat\u00e7\u0131s\u0131 Alihan Akt\u00fcrk,19 May\u0131s Belediye Temsilcisi Veteriner Hekim Mahmut Bilgen\u2019den olu\u015fan se\u00e7ici kurul toplanarak, yar\u0131\u015fmaya kat\u0131lan foto\u011fraf\u00e7\u0131lar\u0131n eserlerini titiz bir \u00e7al\u0131\u015fma ile de\u011ferlendirdi.<\/p>\n<p>Foto maratona 60 ki\u015fi kay\u0131t yapt\u0131r\u0131rken, 42 kat\u0131l\u0131mc\u0131n\u0131n teslim etti\u011fi 158 foto\u011fraf aras\u0131nda dereceye girenler belirlendi. 1.Nebiyan Do\u011fa Festivali, foto maraton foto\u011fraf yar\u0131\u015fmas\u0131nda birincili\u011fi Samsun\u2019 kat\u0131lan Ufuk Sefero\u011flu \u201cKazlar\u201d adl\u0131 foto\u011fraf\u0131 ile elde etti. \u0130kincili\u011fi ise Samsun\u2019dan kat\u0131lan Ayd\u0131n Tuta\u015f, \u201cBir Ak\u015fam \u00dcst\u00fc\u201d adl\u0131 foto\u011fraf ile \u00fc\u00e7\u00fcnc\u00fcl\u00fc\u011f\u00fc de yine Samsun\u2019dan kat\u0131lan Mustafa Erba\u015f, \u201cSazc\u0131\u201d adl\u0131 foto\u011frafla elde etti.<\/p>\n<p>Yar\u0131\u015fmaya Giresun\u2019dan kat\u0131lan Elif Bora ve Samsun\u2019dan kat\u0131lan \u00d6zlem \u00d6zy\u00fcn mansiyon kazan\u0131rken,  s\u00f6z konusu yar\u0131\u015fman\u0131n \u00f6d\u00fcl t\u00f6reni 19 May\u0131s Belediyesi taraf\u0131ndan 19 May\u0131s Belediyesi web sayfas\u0131nda a\u00e7\u0131klanacak.<\/p>\n<p>Yar\u0131\u015fmada derece alan ve sergilenmeye lay\u0131k g\u00f6r\u00fclen foto\u011fraflar, T\u00fcrkiye Foto\u011fraf Sanat\u0131 Federasyonu resmi sitesi ve 19 May\u0131s Belediyesi resmi sitesinde yer al\u0131yor.<\/p>\n","protected":false},"excerpt":{"rendered":"<p>1. KAZLAR.<\/p>\n","protected":false},"author":1,"featured_media":230690,"comment_status":"closed","ping_status":"open","sticky":false,"template":"","format":"standard","meta":{"jetpack_post_was_ever_published":false,"_jetpack_newsletter_access":"","_jetpack_dont_email_post_to_subs":false,"_jetpack_newsletter_tier_id":0,"_jetpack_memberships_contains_paywalled_content":false,"_jetpack_memberships_contains_paid_content":false,"footnotes":"","jetpack_publicize_message":"","jetpack_publicize_feature_enabled":true,"jetpack_social_post_already_shared":true,"jetpack_social_options":{"image_generator_settings":{"template":"highway","default_image_id":0,"font":"","enabled":false},"version":2}},"categories":[656],"tags":[52255,4197,3400,5874,9127,1650],"class_list":["post-230689","post","type-post","status-publish","format-standard","has-post-thumbnail","hentry","category-kultur-sanat","tag-nebiyan","tag-doga","tag-festivali","tag-fotograf","tag-sonuclandi","tag-yarismasi"],"jetpack_publicize_connections":[],"jetpack_featured_media_url":"https:\/\/i0.wp.com\/www.tvturk.com\/wp-content\/uploads\/2019\/11\/nebiyan-doga-festivali-fotograf-yarismasi-sonuclandi_c76d30b.jpg?fit=1000%2C666","jetpack_sharing_enabled":true,"jetpack_shortlink":"https:\/\/wp.me\/paKIfm-Y0N","_links":{"self":[{"href":"http:\/\/www.tvturk.com\/index.php\/wp-json\/wp\/v2\/posts\/230689","targetHints":{"allow":["GET"]}}],"collection":[{"href":"http:\/\/www.tvturk.com\/index.php\/wp-json\/wp\/v2\/posts"}],"about":[{"href":"http:\/\/www.tvturk.com\/index.php\/wp-json\/wp\/v2\/types\/post"}],"author":[{"embeddable":true,"href":"http:\/\/www.tvturk.com\/index.php\/wp-json\/wp\/v2\/users\/1"}],"replies":[{"embeddable":true,"href":"http:\/\/www.tvturk.com\/index.php\/wp-json\/wp\/v2\/comments?post=230689"}],"version-history":[{"count":0,"href":"http:\/\/www.tvturk.com\/index.php\/wp-json\/wp\/v2\/posts\/230689\/revisions"}],"wp:featuredmedia":[{"embeddable":true,"href":"http:\/\/www.tvturk.com\/index.php\/wp-json\/wp\/v2\/media\/230690"}],"wp:attachment":[{"href":"http:\/\/www.tvturk.com\/index.php\/wp-json\/wp\/v2\/media?parent=230689"}],"wp:term":[{"taxonomy":"category","embeddable":true,"href":"http:\/\/www.tvturk.com\/index.php\/wp-json\/wp\/v2\/categories?post=230689"},{"taxonomy":"post_tag","embeddable":true,"href":"http:\/\/www.tvturk.com\/index.php\/wp-json\/wp\/v2\/tags?post=230689"}],"curies":[{"name":"wp","href":"https:\/\/api.w.org\/{rel}","templated":true}]}}