{"id":230733,"date":"2019-11-20T16:47:48","date_gmt":"2019-11-20T13:47:48","guid":{"rendered":"http:\/\/www.tvturk.com\/index.php\/galatasaray-altayin-genc-golcusu-icin-resmi-teklif-yapti\/"},"modified":"2019-11-20T16:47:48","modified_gmt":"2019-11-20T13:47:48","slug":"galatasaray-altayin-genc-golcusu-icin-resmi-teklif-yapti","status":"publish","type":"post","link":"http:\/\/www.tvturk.com\/index.php\/galatasaray-altayin-genc-golcusu-icin-resmi-teklif-yapti\/","title":{"rendered":"Galatasaray, Altay\u2019\u0131n gen\u00e7 golc\u00fcs\u00fc i\u00e7in resmi teklif yapt\u0131"},"content":{"rendered":"<p>Altay Sportif Direkt\u00f6r\u00fc \u00d6zden T\u00f6rayd\u0131n, Akhisarspor ma\u00e7\u0131n\u0131 kazanarak \u00e7\u0131k\u0131\u015fa ge\u00e7mek istediklerini s\u00f6ylerken, 2003 do\u011fumlu golc\u00fcleri Kaz\u0131m Karata\u015f i\u00e7in Galatasaray\u2019dan resmi teklif ald\u0131klar\u0131n\u0131 da a\u00e7\u0131klad\u0131.<\/p>\n<p>TFF 1. Lig\u2019in ge\u00e7en sezondan daha zorlu bir startla ba\u015flad\u0131\u011f\u0131n\u0131 belirten Altay Sportif Direkt\u00f6r\u00fc \u00d6zden T\u00f6rayd\u0131n, Ege derbisinden galibiyetle ayr\u0131l\u0131p \u00e7\u0131k\u0131\u015fa ge\u00e7mek istediklerini s\u00f6yledi. Akhisarspor\u2019un S\u00fcper Lig\u2019den d\u00fc\u015ft\u00fckten sonra belli \u00f6l\u00e7\u00fcde kadrosunu muhafaza etti\u011fini hat\u0131rlatan T\u00f6rayd\u0131n, &#8220;Ligde zirve ile aram\u0131zda 6 puanl\u0131k bir fark var. Bunu kapatabilecek g\u00fc\u00e7teyiz. Son 3 haftada hanemize puan yazd\u0131ramad\u0131k fakat lig ge\u00e7en sezona oranla denk g\u00fc\u00e7lerin yar\u0131\u015ft\u0131\u011f\u0131 daha zor bir maraton haline geldi. 3 puan aslan\u0131n a\u011fz\u0131nda. Sonuna kadar istikrar\u0131n\u0131 koruyan ba\u015far\u0131ya ula\u015facak. Akhisarspor ma\u00e7\u0131nda futbolun her anlamda g\u00fczellikleri sahada olacak. Rakibimiz de bizim gibi kapanmaktan \u00e7ok futbol oynamaya gayret eden bir yap\u0131da. Motivasyonlar\u0131 y\u00fcksek. Biz de m\u00fcsabakaya iyi haz\u0131rlan\u0131yoruz. Ge\u00e7ti\u011fimiz sezon lige al\u0131\u015fma s\u00fcrecindeydik. \u00d6zellikle ligin 2. yar\u0131s\u0131 ara transferde gelen oyuncular ve Sait Karaf\u0131rt\u0131nalar hocam\u0131z\u0131n katk\u0131s\u0131yla dikkat \u00e7ekici sonu\u00e7lara imza att\u0131k.  Bu y\u0131l oyun ve puan anlam\u0131nda hedefimiz daha \u00fcstte, bireysel s\u0131k\u0131nt\u0131lar var ancak bunlar\u0131 \u00e7\u00f6zmek zor de\u011fil. Ekiple toplant\u0131 yapt\u0131k, gerekli uyar\u0131lar yap\u0131ld\u0131. Beklenen \u00e7\u0131k\u0131\u015f\u0131 bu hafta yakalayaca\u011f\u0131m\u0131za inanc\u0131m\u0131z tam\u2019\u2019 dedi.<\/p>\n<p>&#8220;Alsancak Stadyumunun tahsisi i\u00e7in \u00e7al\u0131\u015f\u0131yoruz&#8221;<\/p>\n<p>Altay isminin Alsancak Stad\u0131 ile \u00f6zde\u015fle\u015fmi\u015f oldu\u011funu s\u00f6yleyen T\u00f6rayd\u0131n, &#8220;Alsancak Stad\u0131n\u0131n tahsisi i\u00e7in her platformda \u00e7al\u0131\u015f\u0131yoruz. Stad\u0131n in\u015faat\u0131 s\u00fcr\u00fcyor. \u00d6denek s\u0131k\u0131nt\u0131s\u0131 \u00e7\u00f6z\u00fcld\u00fc ve misafir trib\u00fcn yap\u0131m\u0131 yeniden ba\u015flat\u0131lacak. Kul\u00fcp Ba\u015fkan\u0131m\u0131z \u00d6zg\u00fcr Ekmek\u00e7io\u011flu projenin en ba\u015f\u0131ndan bu yana b\u00fcy\u00fck emek harcad\u0131 ve y\u00fcz y\u0131l\u0131 a\u015fk\u0131n maziye sahip Altay Alsancak Stad\u0131na yak\u0131\u015facak bir proje yap\u0131lmas\u0131na \u00f6nemli katk\u0131lar koydu. Stad\u0131n \u00fcst\u00fcn\u00fcn kapat\u0131lmas\u0131, projenin defalarca revize edilmesi, d\u0131\u015f kaplaman\u0131n siyah-beyaz renklerde olmas\u0131nda \u00d6zg\u00fcr Ekmek\u00e7io\u011flu\u2019nun giri\u015fimleri \u00e7ok \u00f6nemliydi. Y\u00f6netim olarak tahsis konusunda da b\u00fcy\u00fck m\u00fccadele veriyoruz. Ancak bu bir s\u00fcre\u00e7. Taraftar\u0131m\u0131z Alsancak konusunda hassas ve sab\u0131rs\u0131z olabiliyor, \u00e7\u00fcnk\u00fc orada hepimiz i\u00e7in \u00f6nemli an\u0131lar var. Y\u00fcklenici firma A\u011fustos ay\u0131nda teslim edilece\u011fini kaydetti. Stratejik bir durum i\u00e7indeyiz. Bu i\u015fin lokomotifi profesyonel futbol tak\u0131m\u0131m\u0131z. Biz ne kadar ba\u015far\u0131l\u0131 ve yukar\u0131da olursak, stad\u0131n tahsisini alma konusunda da bir ad\u0131m \u00f6ne ge\u00e7eriz. Bu y\u0131l S\u00fcper Lig\u2019e \u00e7\u0131k\u0131p rakiplerimizi mabedimiz Altay Alsancak Stad\u0131nda a\u011f\u0131rlamak istiyoruz. Bu sezon ligin 2. yar\u0131s\u0131n\u0131 da Bornova Do\u011fanlar Stad\u0131\u2019nda oynamak i\u00e7in de gereken ba\u015fvuruyu yapt\u0131k&#8221; \u015feklinde konu\u015ftu.<\/p>\n<p>Kaz\u0131mcan i\u00e7in karar haftaya<\/p>\n<p>Galatasaray\u2019\u0131n radar\u0131na giren gen\u00e7 golc\u00fc Kaz\u0131mcan Karata\u015f konusuna da a\u00e7\u0131kl\u0131k getiren \u00d6zden T\u00f6rayd\u0131n, altyap\u0131lar\u0131ndan yeti\u015fen gen\u00e7 oyuncu i\u00e7in Galatasaray taraf\u0131ndan resmi bir teklif geldi\u011fini, y\u00f6netim kurulunun konuyu \u00f6n\u00fcm\u00fczdeki hafta de\u011ferlendirece\u011fini kaydetti. T\u00f6rayd\u0131n, &#8220;Kaz\u0131mcan 2003 do\u011fumlu, \u015fut becerisi y\u00fcksek, oyun zekas\u0131 iyi, fiziksel geli\u015fimi iyi seyreden bir oyuncumuz. Galatasaray teklifini yapt\u0131. \u00d6n\u00fcm\u00fczdeki hafta de\u011ferlendirece\u011fiz. Kaz\u0131mcan haricinde, Cenk \u00d6zka\u00e7ar, Eren Erdo\u011fan, Cem \u00d6zgener gibi gen\u00e7lerimiz de ya\u015f gruplar\u0131nda milli tak\u0131ma \u00e7a\u011f\u0131r\u0131l\u0131yor. Altyap\u0131 gelene\u011fimiz s\u00fcr\u00fcyor. Ancak altyap\u0131 \u00e7al\u0131\u015fmalar\u0131 i\u00e7in tesis konusunda s\u0131k\u0131nt\u0131m\u0131z var. G\u00fcnl\u00fck ba\u015far\u0131lardan \u00e7ok kal\u0131c\u0131 bir altyap\u0131 sistemi i\u00e7in \u00e7al\u0131\u015f\u0131yoruz. Bornova Belediyesi ve Belediye Ba\u015fkan\u0131m\u0131z Dr. Mustafa \u0130du\u011f ile \u00f6nemli bir proje \u00fczerindeyiz. S\u00fcper Lig\u2019e y\u00fckselip tesisle\u015fmeyi sa\u011flad\u0131\u011f\u0131m\u0131z taktirde Altay eski g\u00fcc\u00fcne d\u00f6nerek Anadolu futbolunun ba\u015f akt\u00f6r\u00fc olacakt\u0131r&#8221; ifadelerini kulland\u0131.<\/p>\n","protected":false},"excerpt":{"rendered":"<p>ALTAY SPORT\u0130F D\u0130REKT\u00d6R\u00dc \u00d6ZDEN T\u00d6RAYDIN, AKH\u0130SAR MA\u00c7INI KAZANARAK \u00c7IKI\u015eA GE\u00c7MEK \u0130STED\u0130KLER\u0130N\u0130 S\u00d6YLERKEN 2003 DO\u011eUMLU GOLC\u00dc KAZIM KARATA\u015e \u0130\u00c7\u0130N GALATASARAY&#8217;DAN RESM\u0130 TEKL\u0130F GELD\u0130\u011e\u0130N\u0130 BEL\u0130RTT\u0130.<\/p>\n","protected":false},"author":1,"featured_media":230734,"comment_status":"closed","ping_status":"open","sticky":false,"template":"","format":"standard","meta":{"jetpack_post_was_ever_published":false,"_jetpack_newsletter_access":"","_jetpack_dont_email_post_to_subs":false,"_jetpack_newsletter_tier_id":0,"_jetpack_memberships_contains_paywalled_content":false,"_jetpack_memberships_contains_paid_content":false,"footnotes":"","jetpack_publicize_message":"","jetpack_publicize_feature_enabled":true,"jetpack_social_post_already_shared":true,"jetpack_social_options":{"image_generator_settings":{"template":"highway","default_image_id":0,"font":"","enabled":false},"version":2}},"categories":[657],"tags":[17802,1976,803,5078,44,3690,17060,292],"class_list":["post-230733","post","type-post","status-publish","format-standard","has-post-thumbnail","hentry","category-spor","tag-altayin","tag-galatasaray","tag-genc","tag-golcusu","tag-icin","tag-resmi","tag-teklif","tag-yapti"],"jetpack_publicize_connections":[],"jetpack_featured_media_url":"https:\/\/i0.wp.com\/www.tvturk.com\/wp-content\/uploads\/2019\/11\/galatasaray-altayin-genc-golcusu-icin-resmi-teklif-yapti_8e9ae2d.jpg?fit=1000%2C579","jetpack_sharing_enabled":true,"jetpack_shortlink":"https:\/\/wp.me\/paKIfm-Y1v","_links":{"self":[{"href":"http:\/\/www.tvturk.com\/index.php\/wp-json\/wp\/v2\/posts\/230733","targetHints":{"allow":["GET"]}}],"collection":[{"href":"http:\/\/www.tvturk.com\/index.php\/wp-json\/wp\/v2\/posts"}],"about":[{"href":"http:\/\/www.tvturk.com\/index.php\/wp-json\/wp\/v2\/types\/post"}],"author":[{"embeddable":true,"href":"http:\/\/www.tvturk.com\/index.php\/wp-json\/wp\/v2\/users\/1"}],"replies":[{"embeddable":true,"href":"http:\/\/www.tvturk.com\/index.php\/wp-json\/wp\/v2\/comments?post=230733"}],"version-history":[{"count":0,"href":"http:\/\/www.tvturk.com\/index.php\/wp-json\/wp\/v2\/posts\/230733\/revisions"}],"wp:featuredmedia":[{"embeddable":true,"href":"http:\/\/www.tvturk.com\/index.php\/wp-json\/wp\/v2\/media\/230734"}],"wp:attachment":[{"href":"http:\/\/www.tvturk.com\/index.php\/wp-json\/wp\/v2\/media?parent=230733"}],"wp:term":[{"taxonomy":"category","embeddable":true,"href":"http:\/\/www.tvturk.com\/index.php\/wp-json\/wp\/v2\/categories?post=230733"},{"taxonomy":"post_tag","embeddable":true,"href":"http:\/\/www.tvturk.com\/index.php\/wp-json\/wp\/v2\/tags?post=230733"}],"curies":[{"name":"wp","href":"https:\/\/api.w.org\/{rel}","templated":true}]}}