{"id":230783,"date":"2019-11-20T22:18:04","date_gmt":"2019-11-20T19:18:04","guid":{"rendered":"http:\/\/www.tvturk.com\/index.php\/bulent-baserin-calistirdigi-alman-boksor-avrupa-sampiyonu-oldu\/"},"modified":"2019-11-20T22:18:04","modified_gmt":"2019-11-20T19:18:04","slug":"bulent-baserin-calistirdigi-alman-boksor-avrupa-sampiyonu-oldu","status":"publish","type":"post","link":"http:\/\/www.tvturk.com\/index.php\/bulent-baserin-calistirdigi-alman-boksor-avrupa-sampiyonu-oldu\/","title":{"rendered":"B\u00fclent Ba\u015fer\u2019in \u00e7al\u0131\u015ft\u0131rd\u0131\u011f\u0131 Alman boks\u00f6r, Avrupa \u015fampiyonu oldu"},"content":{"rendered":"<p>Boks antren\u00f6r\u00fc B\u00fclent Ba\u015fer\u2019in \u00e7al\u0131\u015ft\u0131rd\u0131\u011f\u0131 Alman boks\u00f6r Erik Pfeifer, Bosnal\u0131 rakibi Adnan Redzovic\u2019i devirerek WBO (D\u00fcnya Boks Organizasyonu) a\u011f\u0131r s\u0131klet dal\u0131nda Avrupa \u015fampiyonluk kemerini kazand\u0131.<\/p>\n<p>Antren\u00f6r B\u00fclent Ba\u015fer\u2019in \u00e7al\u0131\u015ft\u0131rd\u0131\u011f\u0131 Alman boks\u00f6r Erik Pfeifer, WBO a\u011f\u0131r s\u0131klet dal\u0131nda Avrupa \u015fampiyonluk ma\u00e7\u0131nda Bosnal\u0131 Adnan Redzovic ile kar\u015f\u0131la\u015ft\u0131. Pfeifer, rakibi kar\u015f\u0131s\u0131nda \u00fcst\u00fcn oyun sergileyerek \u015fampiyon oldu. Ayn\u0131 gece iki dalda birden d\u00fcnya \u015fampiyonlu\u011fu i\u00e7in ringe \u00e7\u0131kan Ba\u015fer\u2019in di\u011fer boks\u00f6r\u00fc Sven Fronling ise ald\u0131\u011f\u0131 kafa darbeleriyle hafif bir beyin kanamas\u0131 ge\u00e7irerek, iki alt\u0131n kemeri birden kaybetti.<\/p>\n<p>B\u00fclent Ba\u015fer: &#8220;Yolumuza devam edece\u011fiz&#8221;<\/p>\n<p>T\u00fcrk boks kul\u00fcb\u00fc EC BOX\u0130NG\u2019in ba\u015fantren\u00f6r\u00fc B\u00fclent Ba\u015fer ve boks\u00f6rleri Almanya\u2019n\u0131n Halle kentinde ringe \u00e7\u0131kt\u0131. K\u0131ran k\u0131rana ge\u00e7en kar\u015f\u0131la\u015fmalar t\u00fcm d\u00fcnyada yank\u0131 yaparken, d\u00fcnya \u015fampiyonu Sven Fronling ald\u0131\u011f\u0131 kafa darbeleri ile hafif bir beyin sars\u0131nt\u0131s\u0131 ge\u00e7irerek hastaneye kald\u0131r\u0131ld\u0131. Sporcunun antren\u00f6r\u00fc B\u00fclent Ba\u015fer, t\u00fcm geceyi hastanede ge\u00e7irdi\u011fini vurgulayarak, &#8220;Sabaha kadar boks\u00f6r\u00fcm\u00fcn ba\u015f\u0131nda bekledim \u00e7ok \u015f\u00fck\u00fcr herhangi bir hasar almadan atlatt\u0131k bu s\u00fcreci. Maalesef ma\u00e7\u0131 kaybettik ancak sporcum d\u00fcnya klasman\u0131nda bir boks\u00f6rd\u00fcr ve \u00f6n\u00fcm\u00fczdeki aylarda yeniden zirveye t\u0131rmanaca\u011f\u0131ndan eminiz. Y\u00fcz\u00fcm\u00fcz\u00fc g\u00fcld\u00fcren ise Erik Pfeiffer oldu. Muhte\u015fem bir kar\u015f\u0131la\u015fma \u00e7\u0131kararak Avrupa \u015fampiyonluk kemerini kazand\u0131. Bundan sonras\u0131 ise d\u00fcnya \u015fampiyonlu\u011fudur&#8221; \u015feklinde konu\u015ftu.<\/p>\n<p>Erol Ceylan: &#8220;Sporcunun sa\u011fl\u0131\u011f\u0131 her \u015feyden \u00f6nemli&#8221;<\/p>\n<p>EC BOX\u0130NG Spor Kul\u00fcb\u00fc Ba\u015fkan\u0131 Erol Ceylan ise sporcusunun sa\u011fl\u0131\u011f\u0131n\u0131n kendisi i\u00e7in her \u015feyden \u00f6nemli oldu\u011funu belirterek, &#8220;Sven Fronling\u2019in en iyi \u015fekilde tedavi g\u00f6rmesi ve bu yaralanmay\u0131 hasars\u0131z atlatabilmesi i\u00e7in t\u00fcm gece boyunca elimizden gelenin en iyisini yapt\u0131k. Bizim i\u00e7in sporcunun sa\u011fl\u0131\u011f\u0131 her \u015feyden \u00f6nce gelir. \u00c7ok \u015f\u00fck\u00fcr d\u00fcn itibar\u0131 ile hastaneden \u00e7\u0131karak ailesi ile bulu\u015ftu ve herhangi bir hasar kalmad\u0131. Bundan sonra geli\u015fmelere g\u00f6re yeniden d\u00fcnya \u015fampiyonluk yolunda devam edece\u011fiz&#8221; dedi.<\/p>\n","protected":false},"excerpt":{"rendered":"<p>BOKS ANTREN\u00d6R\u00dc B\u00dcLENT BA\u015eER\u2019\u0130N \u00c7ALI\u015eTIRDI\u011eI ALMAN BOKS\u00d6R ER\u0130K PFE\u0130FER, BOSNALI RAK\u0130B\u0130 ADNAN REDZOV\u0130C\u2019\u0130 DEV\u0130REREK WBO (D\u00dcNYA BOKS ORGAN\u0130ZASYONU) A\u011eIR SIKLET DALINDA AVRUPA \u015eAMP\u0130YONLUK KEMER\u0130N\u0130 KAZANDI.<\/p>\n","protected":false},"author":1,"featured_media":230784,"comment_status":"closed","ping_status":"open","sticky":false,"template":"","format":"standard","meta":{"jetpack_post_was_ever_published":false,"_jetpack_newsletter_access":"","_jetpack_dont_email_post_to_subs":false,"_jetpack_newsletter_tier_id":0,"_jetpack_memberships_contains_paywalled_content":false,"_jetpack_memberships_contains_paid_content":false,"footnotes":"","jetpack_publicize_message":"","jetpack_publicize_feature_enabled":true,"jetpack_social_post_already_shared":true,"jetpack_social_options":{"image_generator_settings":{"template":"highway","default_image_id":0,"font":"","enabled":false},"version":2}},"categories":[657],"tags":[2536,392,58121,19900,2193,58122,77,2415],"class_list":["post-230783","post","type-post","status-publish","format-standard","has-post-thumbnail","hentry","category-spor","tag-alman","tag-avrupa","tag-baserin","tag-boksor","tag-bulent","tag-calistirdigi","tag-oldu","tag-sampiyonu"],"jetpack_publicize_connections":[],"jetpack_featured_media_url":"https:\/\/i0.wp.com\/www.tvturk.com\/wp-content\/uploads\/2019\/11\/bulent-baserin-calistirdigi-alman-boksor-avrupa-sampiyonu-oldu_2543b53.jpg?fit=1000%2C724","jetpack_sharing_enabled":true,"jetpack_shortlink":"https:\/\/wp.me\/paKIfm-Y2j","_links":{"self":[{"href":"http:\/\/www.tvturk.com\/index.php\/wp-json\/wp\/v2\/posts\/230783","targetHints":{"allow":["GET"]}}],"collection":[{"href":"http:\/\/www.tvturk.com\/index.php\/wp-json\/wp\/v2\/posts"}],"about":[{"href":"http:\/\/www.tvturk.com\/index.php\/wp-json\/wp\/v2\/types\/post"}],"author":[{"embeddable":true,"href":"http:\/\/www.tvturk.com\/index.php\/wp-json\/wp\/v2\/users\/1"}],"replies":[{"embeddable":true,"href":"http:\/\/www.tvturk.com\/index.php\/wp-json\/wp\/v2\/comments?post=230783"}],"version-history":[{"count":0,"href":"http:\/\/www.tvturk.com\/index.php\/wp-json\/wp\/v2\/posts\/230783\/revisions"}],"wp:featuredmedia":[{"embeddable":true,"href":"http:\/\/www.tvturk.com\/index.php\/wp-json\/wp\/v2\/media\/230784"}],"wp:attachment":[{"href":"http:\/\/www.tvturk.com\/index.php\/wp-json\/wp\/v2\/media?parent=230783"}],"wp:term":[{"taxonomy":"category","embeddable":true,"href":"http:\/\/www.tvturk.com\/index.php\/wp-json\/wp\/v2\/categories?post=230783"},{"taxonomy":"post_tag","embeddable":true,"href":"http:\/\/www.tvturk.com\/index.php\/wp-json\/wp\/v2\/tags?post=230783"}],"curies":[{"name":"wp","href":"https:\/\/api.w.org\/{rel}","templated":true}]}}