{"id":230911,"date":"2019-11-21T11:17:09","date_gmt":"2019-11-21T08:17:09","guid":{"rendered":"http:\/\/www.tvturk.com\/index.php\/yanaktan-makas-almak-tazminat-sebebi\/"},"modified":"2019-11-21T11:17:09","modified_gmt":"2019-11-21T08:17:09","slug":"yanaktan-makas-almak-tazminat-sebebi","status":"publish","type":"post","link":"http:\/\/www.tvturk.com\/index.php\/yanaktan-makas-almak-tazminat-sebebi\/","title":{"rendered":"Yanaktan \u2019makas almak\u2019 tazminat sebebi"},"content":{"rendered":"<p>\u0130\u015f yeri yetkilisinin yana\u011f\u0131ndan makas ald\u0131\u011f\u0131 i\u015f\u00e7i, amirinin bu hareketiyle kendisini k\u00fc\u00e7\u00fcmsedi\u011fini iddia ederek olay\u0131 yarg\u0131ya ta\u015f\u0131d\u0131. Yana\u011f\u0131ndan makas al\u0131nd\u0131\u011f\u0131 i\u00e7in depresyona girdi\u011fini ve ki\u015filik haklar\u0131na sald\u0131r\u0131 olay\u0131n\u0131n ger\u00e7ekle\u015fti\u011fini savunan i\u015f\u00e7iye m\u00fcjdeli haber Yarg\u0131tay\u2019dan geldi.<\/p>\n<p>Tasar\u0131mc\u0131 gen\u00e7 kad\u0131n, 4 y\u0131l boyunca \u00e7al\u0131\u015ft\u0131\u011f\u0131 i\u015f yerinde maruz kald\u0131\u011f\u0131 uygulamalar neticesi psikolojisinin bozuldu\u011funu ileri s\u00fcr\u00fcp i\u015f s\u00f6zle\u015fmesini feshetti. \u0130\u015f Mahkemesi\u2019nin yolunu tutan ma\u011fdur modac\u0131, i\u015f yeri sahibi hakk\u0131nda alacak ve manevi tazminat davas\u0131 a\u00e7t\u0131. Daval\u0131 \u015firket nezdinde moda tasar\u0131mc\u0131s\u0131 olarak \u00e7al\u0131\u015ft\u0131\u011f\u0131n\u0131, i\u015fveren taraf\u0131ndan hak etti\u011fi i\u015f\u00e7ilik alacaklar\u0131 zaman\u0131nda ve tam olarak \u00f6denmedi\u011fi ve ayr\u0131ca psikolojik bask\u0131ya maruz kald\u0131\u011f\u0131n\u0131 dile getirdi. \u0130\u015f akdinin hakl\u0131 sebeple feshedildi\u011fini ileri s\u00fcren davac\u0131 kad\u0131n, k\u0131dem tazminat\u0131, fazla \u00e7al\u0131\u015fma ve manevi tazminat\u0131n daval\u0131dan tahsiline karar verilmesini talep etti. Davan\u0131n reddini isteyen daval\u0131 i\u015fveren ise kar\u015f\u0131 dava a\u00e7arak 9 bin 180 TL\u2019lik ihbar tazminat\u0131n\u0131n faizi ile birlikte davac\u0131 kad\u0131ndan tahsiline karar verilmesini istedi.<\/p>\n<p>\u0130\u015f Mahkemesi; daval\u0131 \u015firket nezdinde toplam 4 y\u0131l 5 g\u00fcn \u00e7al\u0131\u015fan davac\u0131n\u0131n i\u015f akdini hakl\u0131 sebeple feshetti\u011fine dikkat \u00e7ekti. Davac\u0131n\u0131n fesih sebebi ve \u015fekli itibari ile k\u0131dem tazminat\u0131na hak kazand\u0131\u011f\u0131na h\u00fckmeden Mahkeme; fazla \u00e7al\u0131\u015fma alaca\u011f\u0131n\u0131n bulundu\u011funu, bu alacak kalemleri y\u00f6n\u00fcnden davan\u0131n kabul\u00fcne, manevi tazminat talebinin \u015fartlar\u0131 olu\u015fmad\u0131\u011f\u0131ndan reddine, daval\u0131 taraf\u00e7a ihbar tazminat\u0131 talepli a\u00e7\u0131lan kar\u015f\u0131-davada ise fesih sebebi ve \u015fekli itibari ile ispatlanamayan davan\u0131n reddine karar verdi. Karar\u0131, davac\u0131-kar\u015f\u0131 daval\u0131 ve daval\u0131-kar\u015f\u0131 davac\u0131 vekilleri yasal s\u00fcresinde temyiz etti. Yarg\u0131tay 9. Hukuk Dairesi emsal nitelikte bir karara imza att\u0131.<\/p>\n<p>Siz siz olun kimsenin yana\u011f\u0131ndan makas almay\u0131n<\/p>\n<p>Davac\u0131n\u0131n ya\u015fad\u0131\u011f\u0131 psikolojik rahats\u0131zl\u0131\u011f\u0131 sebebiyle istirahat raporu ald\u0131\u011f\u0131na dikkat \u00e7ekilen Yarg\u0131tay karar\u0131nda \u015fu ifadelere yer verildi:<\/p>\n<p>&#8220;Davac\u0131n\u0131n i\u015fi ile ilgili yap\u0131lan bir toplant\u0131 s\u0131ras\u0131nda amiri konumundaki R. taraf\u0131ndan \u00fczerine do\u011fru k\u00fcll\u00fck f\u0131rlatmak suretiyle ki\u015filik haklar\u0131na sald\u0131r\u0131da bulunuldu\u011fu anla\u015f\u0131lmaktad\u0131r. \u00d6te yandan ba\u015fka bir toplant\u0131 s\u0131ras\u0131nda yine yap\u0131lan i\u015fi k\u00fc\u00e7\u00fcmser bir \u015fekilde i\u015f yeri yetkilisi A.\u00c7.\u2019nin davac\u0131n\u0131n yana\u011f\u0131na dokundu\u011fu \u2019makas ald\u0131\u011f\u0131\u2019 anla\u015f\u0131lmaktad\u0131r. Bu davran\u0131\u015flar ve davac\u0131n\u0131n depresyon tedavisi g\u00f6rd\u00fc\u011f\u00fcne dair doktor raporu da bulunmakla somut olayda manevi tazminat\u0131n ko\u015fullar\u0131n\u0131n bulundu\u011fu kabul edilmelidir. Mahkemece s\u00f6z\u00fc edilen iste\u011fin reddine karar verilmesi hatal\u0131 olup bozmay\u0131 gerektirmi\u015ftir. Temyiz olunan karar\u0131n yaz\u0131l\u0131 sebepten dolay\u0131 bozulmas\u0131na oy birli\u011fiyle karar verildi.&#8221;<\/p>\n","protected":false},"excerpt":{"rendered":"<p>YANAKTAN &#8216;MAKAS ALMAK&#8217; TAZM\u0130NAT SEBEB\u0130<\/p>\n","protected":false},"author":1,"featured_media":230912,"comment_status":"closed","ping_status":"open","sticky":false,"template":"","format":"standard","meta":{"jetpack_post_was_ever_published":false,"_jetpack_newsletter_access":"","_jetpack_dont_email_post_to_subs":false,"_jetpack_newsletter_tier_id":0,"_jetpack_memberships_contains_paywalled_content":false,"_jetpack_memberships_contains_paid_content":false,"footnotes":"","jetpack_publicize_message":"","jetpack_publicize_feature_enabled":true,"jetpack_social_post_already_shared":true,"jetpack_social_options":{"image_generator_settings":{"template":"highway","default_image_id":0,"font":"","enabled":false},"version":2}},"categories":[1],"tags":[9374,7122,1733,24522,58150],"class_list":["post-230911","post","type-post","status-publish","format-standard","has-post-thumbnail","hentry","category-genel","tag-makas","tag-almak","tag-sebebi","tag-tazminat","tag-yanaktan"],"jetpack_publicize_connections":[],"jetpack_featured_media_url":"https:\/\/i0.wp.com\/www.tvturk.com\/wp-content\/uploads\/2019\/11\/yanaktan-makas-almak-tazminat-sebebi_49d808e.jpg?fit=1000%2C750","jetpack_sharing_enabled":true,"jetpack_shortlink":"https:\/\/wp.me\/paKIfm-Y4n","_links":{"self":[{"href":"http:\/\/www.tvturk.com\/index.php\/wp-json\/wp\/v2\/posts\/230911","targetHints":{"allow":["GET"]}}],"collection":[{"href":"http:\/\/www.tvturk.com\/index.php\/wp-json\/wp\/v2\/posts"}],"about":[{"href":"http:\/\/www.tvturk.com\/index.php\/wp-json\/wp\/v2\/types\/post"}],"author":[{"embeddable":true,"href":"http:\/\/www.tvturk.com\/index.php\/wp-json\/wp\/v2\/users\/1"}],"replies":[{"embeddable":true,"href":"http:\/\/www.tvturk.com\/index.php\/wp-json\/wp\/v2\/comments?post=230911"}],"version-history":[{"count":0,"href":"http:\/\/www.tvturk.com\/index.php\/wp-json\/wp\/v2\/posts\/230911\/revisions"}],"wp:featuredmedia":[{"embeddable":true,"href":"http:\/\/www.tvturk.com\/index.php\/wp-json\/wp\/v2\/media\/230912"}],"wp:attachment":[{"href":"http:\/\/www.tvturk.com\/index.php\/wp-json\/wp\/v2\/media?parent=230911"}],"wp:term":[{"taxonomy":"category","embeddable":true,"href":"http:\/\/www.tvturk.com\/index.php\/wp-json\/wp\/v2\/categories?post=230911"},{"taxonomy":"post_tag","embeddable":true,"href":"http:\/\/www.tvturk.com\/index.php\/wp-json\/wp\/v2\/tags?post=230911"}],"curies":[{"name":"wp","href":"https:\/\/api.w.org\/{rel}","templated":true}]}}