{"id":230923,"date":"2019-11-21T11:32:20","date_gmt":"2019-11-21T08:32:20","guid":{"rendered":"http:\/\/www.tvturk.com\/index.php\/terzi-hemsirelik-bolumu-akademisyenleri-ve-ogrenci-memnuniyeti-ile-akreditasyonu-hak-ediyor\/"},"modified":"2019-11-21T11:32:20","modified_gmt":"2019-11-21T08:32:20","slug":"terzi-hemsirelik-bolumu-akademisyenleri-ve-ogrenci-memnuniyeti-ile-akreditasyonu-hak-ediyor","status":"publish","type":"post","link":"http:\/\/www.tvturk.com\/index.php\/terzi-hemsirelik-bolumu-akademisyenleri-ve-ogrenci-memnuniyeti-ile-akreditasyonu-hak-ediyor\/","title":{"rendered":"Terzi: \u201cHem\u015firelik B\u00f6l\u00fcm\u00fc, akademisyenleri ve \u00f6\u011frenci memnuniyeti ile akreditasyonu hak ediyor\u201d"},"content":{"rendered":"<p>Ondokuz May\u0131s \u00dcniversitesi (OM\u00dc) Sa\u011fl\u0131k Bilimleri Fak\u00fcltesi Dekan\u0131 Prof. Dr. Murat Terzi, Hem\u015firelik B\u00f6l\u00fcm\u00fcn\u00fcn, akademisyenleri ve \u00f6\u011frenci memnuniyeti ile akreditasyonu hak etti\u011fini s\u00f6yledi.<\/p>\n<p>Ondokuz May\u0131s \u00dcniversitesi Sa\u011fl\u0131k Bilimleri Fak\u00fcltesi Hem\u015firelik B\u00f6l\u00fcm\u00fc; 2 y\u0131ld\u0131r s\u00fcrd\u00fcrd\u00fc\u011f\u00fc akreditasyon \u00e7al\u0131\u015fmalar\u0131n\u0131, d\u00fczenledi\u011fi \u201cHem\u015firelik E\u011fitiminde Kalite \u00c7al\u0131\u015ftay\u0131\u201dnda payda\u015flar\u0131yla mercek alt\u0131na ald\u0131. Yo\u011fun bir \u015fekilde akreditasyon faaliyeti i\u00e7inde olan Hem\u015firelik B\u00f6l\u00fcm\u00fc, bu kapsamda d\u00fczenli olarak payda\u015f toplant\u0131lar\u0131 yap\u0131yor. Hem\u015firelik B\u00f6l\u00fcm\u00fc, bu faaliyetlerinin devam\u0131 olan Hem\u015firelik E\u011fitiminde Kalite \u00c7al\u0131\u015ftay\u0131 ile akreditasyon s\u00fcrecine ortak olan d\u0131\u015f payda\u015f konumundaki kamu ve \u00f6zel sekt\u00f6r kurulu\u015flar\u0131n\u0131n yetkililerini bilgilendirdi.<\/p>\n<p>Fak\u00fcltenin konferans salonundaki \u00e7al\u0131\u015ftaya; Sa\u011fl\u0131k Bilimleri Fak\u00fcltesi Dekan\u0131 Prof. Dr. Murat Terzi, Rekt\u00f6r Dan\u0131\u015fman\u0131 Prof. Dr. Y\u00fcksel Ardal\u0131, Dekan Yard\u0131mc\u0131s\u0131 Dr. \u00d6\u011fr. \u00dcyesi Afitap \u00d6zdelikara, Hem\u015firelik B\u00f6l\u00fcm Ba\u015fkan\u0131 Prof. Dr. \u0130lknur Ayd\u0131n Avc\u0131, Akreditasyon \u00dcst Kurulu Ba\u015fkan\u0131 Prof. Dr. \u00d6zen Kulaka\u00e7, B\u00f6l\u00fcm akademisyenleri ile d\u0131\u015f payda\u015f olarak bu s\u00fcre\u00e7te yer alan kamu kurumu ve \u00f6zel sekt\u00f6r temsilcileri kat\u0131ld\u0131.<\/p>\n<p>\u201cHem\u015firelik B\u00f6l\u00fcm\u00fcn\u00fcn akreditasyon s\u00fcrecinde olmas\u0131 di\u011fer b\u00f6l\u00fcmleri de cesaretlendiriyor\u201d<\/p>\n<p>\u00c7al\u0131\u015ftay\u0131n a\u00e7\u0131l\u0131\u015f konu\u015fmas\u0131nda s\u00f6z alan Sa\u011fl\u0131k Bilimleri Fak\u00fcltesi Dekan\u0131 Prof. Dr. Murat Terzi, akreditasyon s\u00fcrecine giren bir kurumun nitelikli ve \u00f6zellikli bir ge\u00e7mi\u015fe sahip olmas\u0131n\u0131n \u00f6nemine i\u015faret ederek \u201cOM\u00dc, 44 y\u0131ll\u0131k k\u00f6kl\u00fc bir maziye sahip olan bir \u00fcniversite ve b\u00fcnyesinde bar\u0131nd\u0131rd\u0131\u011f\u0131 Sa\u011fl\u0131k Bilimleri Fak\u00fcltemiz ve Hem\u015firelik B\u00f6l\u00fcm\u00fcm\u00fcz de bir ge\u00e7mi\u015fe sahip. Tabii ge\u00e7mi\u015fe sahip olmak yetmiyor zira bu ge\u00e7mi\u015fin nitelikli olmas\u0131 da gerekiyor. Sa\u011fl\u0131k Bilimleri Fak\u00fcltemizin ger\u00e7ekten sa\u011flam ad\u0131mlarla gelece\u011fe ilerledi\u011fini g\u00f6r\u00fcyoruz ki bu da Fak\u00fclte b\u00fcnyesindeki di\u011fer b\u00f6l\u00fcmleri cesaretlendiriyor; t\u0131pk\u0131 T\u0131p Fak\u00fcltesinin akredite olmas\u0131 gibi ve yine di\u011fer fak\u00fcltelerimizin baz\u0131 b\u00f6l\u00fcmlerinin bu s\u00fcre\u00e7ten ge\u00e7ip akreditasyon belgesini almas\u0131 gibi. Yani hem fak\u00fclte hem de b\u00f6l\u00fcm baz\u0131nda akreditasyonlar\u0131m\u0131z\u0131 ger\u00e7ekle\u015ftiren bir \u00fcniversiteyiz. OM\u00dc\u2019n\u00fcn bir par\u00e7as\u0131 olan Sa\u011fl\u0131k Bilimleri Fak\u00fcltesi olarak bu s\u00fcreci ya\u015famak, bizleri ziyadesiyle mutlu ediyor ve gururland\u0131r\u0131yor. Bu tabii di\u011fer b\u00f6l\u00fcmlerimizin de akredite olabilece\u011fi anlam\u0131na geliyor\u201d de\u011ferlendirmesinde bulundu.<\/p>\n<p>\u201cB\u00fct\u00fcn \u00e7abalar daha ya\u015fan\u0131labilir bir kent ve \u00fcniversite i\u00e7in\u201d<\/p>\n<p>Konu\u015fmas\u0131nda Samsun\u2019un kent olarak s\u00fcrekli bir geli\u015fim ve de\u011fi\u015fim g\u00f6sterdi\u011fini kaydeden Dekan Prof. Dr. Terzi, bu durumun OM\u00dc\u2019ye olumlu yans\u0131malar\u0131 oldu\u011funu belirterek, \u201cSamsun her ge\u00e7en g\u00fcn geli\u015fen ekonomisi ve ula\u015f\u0131m\u0131yla, yan\u0131 s\u0131ra tarih\u00ee ve do\u011fal g\u00fczellikleriyle hem \u00f6\u011frencilere hem de akademisyenlere hitap ediyor. \u00dcniversitemiz de bu geli\u015fime paralel olarak hem \u00e7evre ve yeniden yap\u0131lanma a\u00e7\u0131s\u0131ndan hem S\u0131f\u0131r At\u0131k Projesi ve y\u00fcr\u00fct\u00fclen vb. projeler bak\u0131m\u0131ndan dikkat \u00e7eken bir at\u0131l\u0131m g\u00f6steriyor. \u0130\u015fte b\u00fct\u00fcn bu geli\u015fmeler, daha ya\u015fan\u0131labilir bir kent ve \u00fcniversite amac\u0131na hizmet ediyor. Dolay\u0131s\u0131yla b\u00fct\u00fcn bu hamleler, fak\u00fclte ve y\u00fcksekokullar\u0131m\u0131z\u0131 \u2018daha iyi neler yapabiliriz\u2019 noktas\u0131na g\u00f6t\u00fcr\u00fcyor. Zaten \u00fcniversitemiz de bu do\u011frultuda kalite politikalar\u0131 izliyor\u201d dedi.<\/p>\n<p>\u201cHem\u015firelik B\u00f6l\u00fcm\u00fc, akademisyenleri ve \u00f6\u011frenci memnuniyeti ile akreditasyonu hak ediyor\u201d<\/p>\n<p>Hem\u015firelik B\u00f6l\u00fcm\u00fcn\u00fcn akademisyenleri ve \u00f6\u011frenci memnuniyetiyle akreditasyonu hak etti\u011fine dikkat \u00e7eken Prof. Dr. Terzi, devam\u0131nda, \u201cHem\u015firelik B\u00f6l\u00fcm\u00fc hakikaten T\u00fcrkiye\u2019nin en \u00f6nemli b\u00f6l\u00fcmlerinden biri konumunda zira fak\u00fcltemizin en \u00e7ok \u00f6\u011fretim \u00fcyesi ve ara\u015ft\u0131rma g\u00f6revlisi bar\u0131nd\u0131ran b\u00f6l\u00fcm\u00fc ve \u00fclkemizin di\u011fer \u00fcniversiteleri ile rekabet edebilecek bir kadro ve donan\u0131ma sahip. Gelen \u00f6\u011frencilerin de y\u00fcksek puanlarla b\u00f6l\u00fcme girmeleri de bunu teyit etmekte. Hem\u015firelik B\u00f6l\u00fcm\u00fcnde akademisyenlerimizin iste\u011fi ve cesaretiyle ba\u015flayan bu s\u00fcrecin sorunsuz bir \u015fekilde tamamlanaca\u011f\u0131na ve yak\u0131n bir zamanda da akreditasyon belgesinin al\u0131naca\u011f\u0131na inan\u0131yoruz. B\u00f6l\u00fcm\u00fcm\u00fcz\u00fcn akredite olmas\u0131 hepimizin elini daha da g\u00fc\u00e7lendirecektir ve sa\u011fl\u0131k alan\u0131nda ilimizi daha iyi temsil edebilece\u011fiz. Bu s\u00fcre\u00e7te bizlere destek olan b\u00fct\u00fcn kurumlara ve akademisyenlerimize \u00e7ok te\u015fekk\u00fcr ediyorum\u201d s\u00f6zlerine yer verdi.<\/p>\n<p>Ard\u0131ndan Akreditasyon \u00dcst Kurulu Ba\u015fkan\u0131 Prof. Dr. \u00d6zen Kulaka\u00e7; Hem\u015firelik Lisans Program\u0131n\u0131n akreditasyon s\u00fcreciyle ilgili bilgilendirme sunumunda, s\u00fcrecin detaylar\u0131n\u0131 payda\u015f kurumlar\u0131n yetkilileriyle payla\u015ft\u0131. Zorlu oldu\u011fu kadar e\u011fitici ve \u00f6\u011fretici bir s\u00fcre\u00e7ten ge\u00e7tiklerine dikkat \u00e7eken Prof. Dr. Kulaka\u00e7, sunumunda \u015fimdiye dek neler yapt\u0131klar\u0131n\u0131, \u00f6\u011frencileri i\u015f birli\u011fi i\u00e7inde olduklar\u0131 payda\u015f kurumlara g\u00f6nderirken hangi s\u00fcre\u00e7lerden ge\u00e7irdiklerini ve mezunlardan da neler beklediklerini kat\u0131l\u0131mc\u0131lara aktard\u0131.<\/p>\n<p>\u201cStandartlar\u0131 destekleyecek klinik hem\u015firelerle \u00e7al\u0131\u015f\u0131yoruz\u201d<\/p>\n<p>Sunumunda \u00f6\u011frenciler, \u00f6\u011fretim elemanlar\u0131, e\u011fitim y\u00f6netimi, fiziksel alt yap\u0131, maddi kaynaklar, s\u00fcrekli iyile\u015ftirme gibi standartlar konusunda kat\u0131l\u0131mc\u0131lar\u0131 bilgilendiren Prof. Dr. Kulaka\u00e7, bu hususlarda ba\u015fta laboratuvarlar olmak \u00fczere pek \u00e7ok iyile\u015ftirme ger\u00e7ekle\u015ftirdiklerini ve B\u00f6l\u00fcm olarak standartlar\u0131 destekleyecek klinik hem\u015firelerle \u00e7al\u0131\u015fmaya ba\u015flad\u0131klar\u0131n\u0131 vurgulad\u0131.<\/p>\n<p>\u201cKalite \u00e7al\u0131\u015fmalar\u0131nda \u0130ngilizce t\u0131ptan sonra ikinci s\u0131raday\u0131z\u201d<\/p>\n<p>Rekt\u00f6rl\u00fck y\u00f6netimi taraf\u0131ndan da desteklendiklerini kaydeden Prof. Dr. Kulaka\u00e7, kalite \u00e7al\u0131\u015fmalar\u0131nda \u00f6n plana \u00e7\u0131kt\u0131klar\u0131n\u0131 ve bu s\u00fcre\u00e7te T\u0131p Fak\u00fcltesi \u0130ngilizce Program\u0131n\u0131n hemen arkas\u0131ndan ikinci s\u0131rada yer ald\u0131klar\u0131n\u0131 s\u00f6zlerine ekledi.<\/p>\n<p>Sunum, payda\u015f kurum temsilcilerinin fikir ve de\u011ferlendirmeleriyle etkile\u015fimli h\u00e2le gelirken Hem\u015firelik B\u00f6l\u00fcm Ba\u015fkan\u0131 Prof. Dr. \u0130lknur Ayd\u0131n Avc\u0131 da y\u00f6neltilen soru \u00fczerine, y\u00fcr\u00fctt\u00fckleri \u201cakran dan\u0131\u015fmanl\u0131\u011f\u0131\u201d y\u00f6ntemine dair detaylar\u0131 payla\u015f\u0131rken, bu uygulamada 3. s\u0131n\u0131f \u00f6\u011frencilerinin 1. s\u0131n\u0131f \u00f6\u011frencilerine dan\u0131\u015fmanl\u0131k yapt\u0131\u011f\u0131n\u0131 ve bu y\u00f6nde pozitif geri d\u00f6n\u00fc\u015fler ald\u0131klar\u0131n\u0131 dile getirdi.<\/p>\n<p>Hem\u015firelik E\u011fitiminde Kalite \u00c7al\u0131\u015ftay\u0131, sonras\u0131nda Prof. Dr. \u00d6zen Kulaka\u00e7\u2019\u0131n moderat\u00f6rl\u00fc\u011f\u00fcn\u00fc yapt\u0131\u011f\u0131 ve B\u00f6l\u00fcm akademisyenlerinin d\u00fc\u015f\u00fcncelerini payla\u015ft\u0131klar\u0131 \u201cMevcut Sorunlar\u0131n Analizi\u201d ve \u201cPayda\u015f \u00d6nerileri\u201d ba\u015fl\u0131kl\u0131 oturumlarla devam etti.<\/p>\n<p>HEPDAK\u2019\u0131n ziyareti 4 Aral\u0131k\u2019ta<\/p>\n<p>Sa\u011fl\u0131k Bilimleri Fak\u00fcltesi Hem\u015firelik B\u00f6l\u00fcm\u00fc, akreditasyon \u00e7al\u0131\u015fmalar\u0131 kapsam\u0131nda 4 Aral\u0131k 2019 tarihinde Hem\u015firelik E\u011fitim Programlar\u0131 De\u011ferlendirme ve Akreditasyon Derne\u011fi (HEPDAK) taraf\u0131ndan ziyaret edilecek.<\/p>\n","protected":false},"excerpt":{"rendered":"<p>ONDOKUZ MAYIS \u00dcN\u0130VERS\u0130TES\u0130 (OM\u00dc) SA\u011eLIK B\u0130L\u0130MLER\u0130 FAK\u00dcLTES\u0130 DEKANI PROF. DR. MURAT TERZ\u0130, HEM\u015e\u0130REL\u0130K B\u00d6L\u00dcM\u00dcN\u00dcN, AKADEM\u0130SYENLER\u0130 VE \u00d6\u011eRENC\u0130 MEMNUN\u0130YET\u0130 \u0130LE AKRED\u0130TASYONU HAK ETT\u0130\u011e\u0130N\u0130 S\u00d6YLED\u0130.<\/p>\n","protected":false},"author":1,"featured_media":230924,"comment_status":"closed","ping_status":"open","sticky":false,"template":"","format":"standard","meta":{"jetpack_post_was_ever_published":false,"_jetpack_newsletter_access":"","_jetpack_dont_email_post_to_subs":false,"_jetpack_newsletter_tier_id":0,"_jetpack_memberships_contains_paywalled_content":false,"_jetpack_memberships_contains_paid_content":false,"footnotes":"","jetpack_publicize_message":"","jetpack_publicize_feature_enabled":true,"jetpack_social_post_already_shared":true,"jetpack_social_options":{"image_generator_settings":{"template":"highway","default_image_id":0,"font":"","enabled":false},"version":2}},"categories":[1],"tags":[55670,58156,3145,523,964,6897,192,18993,773,6452],"class_list":["post-230923","post","type-post","status-publish","format-standard","has-post-thumbnail","hentry","category-genel","tag-akademisyenleri","tag-akreditasyonu","tag-bolumu","tag-ediyor","tag-hak","tag-hemsirelik","tag-ile","tag-memnuniyeti","tag-ogrenci","tag-terzi"],"jetpack_publicize_connections":[],"jetpack_featured_media_url":"https:\/\/i0.wp.com\/www.tvturk.com\/wp-content\/uploads\/2019\/11\/terzi-hemsirelik-bolumu-akademisyenleri-ve-ogrenci-memnuniyeti-ile-akreditasyonu-hak-ediyor_8659cfc.jpg?fit=1000%2C666","jetpack_sharing_enabled":true,"jetpack_shortlink":"https:\/\/wp.me\/paKIfm-Y4z","_links":{"self":[{"href":"http:\/\/www.tvturk.com\/index.php\/wp-json\/wp\/v2\/posts\/230923","targetHints":{"allow":["GET"]}}],"collection":[{"href":"http:\/\/www.tvturk.com\/index.php\/wp-json\/wp\/v2\/posts"}],"about":[{"href":"http:\/\/www.tvturk.com\/index.php\/wp-json\/wp\/v2\/types\/post"}],"author":[{"embeddable":true,"href":"http:\/\/www.tvturk.com\/index.php\/wp-json\/wp\/v2\/users\/1"}],"replies":[{"embeddable":true,"href":"http:\/\/www.tvturk.com\/index.php\/wp-json\/wp\/v2\/comments?post=230923"}],"version-history":[{"count":0,"href":"http:\/\/www.tvturk.com\/index.php\/wp-json\/wp\/v2\/posts\/230923\/revisions"}],"wp:featuredmedia":[{"embeddable":true,"href":"http:\/\/www.tvturk.com\/index.php\/wp-json\/wp\/v2\/media\/230924"}],"wp:attachment":[{"href":"http:\/\/www.tvturk.com\/index.php\/wp-json\/wp\/v2\/media?parent=230923"}],"wp:term":[{"taxonomy":"category","embeddable":true,"href":"http:\/\/www.tvturk.com\/index.php\/wp-json\/wp\/v2\/categories?post=230923"},{"taxonomy":"post_tag","embeddable":true,"href":"http:\/\/www.tvturk.com\/index.php\/wp-json\/wp\/v2\/tags?post=230923"}],"curies":[{"name":"wp","href":"https:\/\/api.w.org\/{rel}","templated":true}]}}