{"id":230949,"date":"2019-11-21T11:48:58","date_gmt":"2019-11-21T08:48:58","guid":{"rendered":"http:\/\/www.tvturk.com\/index.php\/nihat-ozdemir-can-yakacak-kararlar-almak-zorunda-kalacagiz\/"},"modified":"2019-11-21T11:48:58","modified_gmt":"2019-11-21T08:48:58","slug":"nihat-ozdemir-can-yakacak-kararlar-almak-zorunda-kalacagiz","status":"publish","type":"post","link":"http:\/\/www.tvturk.com\/index.php\/nihat-ozdemir-can-yakacak-kararlar-almak-zorunda-kalacagiz\/","title":{"rendered":"Nihat \u00d6zdemir: \u201cCan yakacak kararlar almak zorunda kalaca\u011f\u0131z\u201d"},"content":{"rendered":"<p>T\u00fcrkiye Futbol Federasyonu (TFF) Ba\u015fkan\u0131 Nihat \u00d6zdemir, &#8220;Herkesin aya\u011f\u0131n\u0131 yorgan\u0131na g\u00f6re uzatmas\u0131n\u0131 istiyoruz. Ocak ay\u0131ndan itibaren can yakacak kararlar almak zorunda kalaca\u011f\u0131z. Transfer yasa\u011f\u0131, puan silme ve k\u00fcme d\u00fc\u015f\u00fcrme cezalar\u0131n\u0131 uygulayaca\u011f\u0131z&#8221; dedi.<\/p>\n<p>Bu y\u0131l 2. kez d\u00fczenlenen Uluslararas\u0131 Futbol Ekonomi Forumu\u2019nun a\u00e7\u0131l\u0131\u015f\u0131 \u0130stinye\u2019de bulunan Borsa \u0130stanbul Yerle\u015fkesi\u2019nde yap\u0131ld\u0131. A\u00e7\u0131l\u0131\u015fa kat\u0131lan TFF Ba\u015fkan\u0131 Nihat \u00d6zdemir bir konu\u015fma ger\u00e7ekle\u015ftirdi. \u00d6zdemir, T\u00fcrk futbolunun marka de\u011ferini artt\u0131rmak ad\u0131na yo\u011fun \u00e7al\u0131\u015fmalar yapt\u0131klar\u0131n\u0131 ifade ederek, \u201cEkonomide d\u00fcnyada s\u00f6z sahibi olan bir \u00fclkeyiz. Futbol ekonomisinde ise Avrupa\u2019da 6.\u2019y\u0131z. Bug\u00fcn toplamda da 2 milyar dolara varan bir futbol gelir hacmine ula\u015fm\u0131\u015f durumday\u0131z. Bu tabloda ku\u015fkusuz en \u00f6nemli gelir kayna\u011f\u0131n\u0131 yay\u0131nlar olu\u015ftururken, trib\u00fcn futbolcu, sat\u0131\u015f ve sponsor reklam gelirleri de kul\u00fcpler i\u00e7in az\u0131msanmayacak boyutlardad\u0131r. Bu g\u00fcc\u00fc el birli\u011fi ile daha y\u00fcksek seviyeye \u00e7\u0131karmal\u0131y\u0131z. Bunu sa\u011flayacak olan da her zaman sportif ba\u015far\u0131 ve marka de\u011feri artt\u0131rmakt\u0131r. Milli tak\u0131m\u0131m\u0131z 2020 Avrupa finallerine kalarak \u00f6nemli ba\u015far\u0131 kazanm\u0131\u015ft\u0131r. T\u00fcrkiye ekonomisine ciddi katk\u0131s\u0131 olacakt\u0131r. Finallerde de \u00f6nemli ba\u015far\u0131 sa\u011flay\u0131p bizleri gururland\u0131racaklar\u0131na ve T\u00fcrk futbolunun marka de\u011ferine art\u0131 katacaklar\u0131na inan\u0131yorum. Milli tak\u0131m ba\u015far\u0131s\u0131yla birlikte liglerdeki rekabet de T\u00fcrk futbolunun uluslararas\u0131 alandaki imaj\u0131 i\u00e7in olumlu olmu\u015ftur. Marka de\u011ferinin artmas\u0131 i\u00e7in yo\u011fun \u00e7aba sarf ediyoruz. Kul\u00fcpler Birli\u011fi y\u00f6netimi ile bir araya gelece\u011fiz. \u00c7al\u0131\u015fmalar\u0131m\u0131z\u0131 k\u0131sa s\u00fcrede hayata ge\u00e7irmek istiyoruz. Ortak hedef i\u00e7in futbol ailesi olarak omuz omuza vermemiz gerekiyor. Bunun yolu da dost\u00e7a rekabetten ge\u00e7mektedir. Futbol pastas\u0131n\u0131 mutlaka b\u00fcy\u00fctmeliyiz. B\u00fcy\u00fct\u00fcrken lezzet katarak de\u011ferlendirmemiz gerekir. S\u00fcper Lig\u2019in izlenme oran\u0131n\u0131n artmas\u0131 gerekmektedir\u201d \u015feklinde konu\u015ftu.<\/p>\n<p>\u201c\u015eampiyonlar Ligi\u2019ne her sene 1 de\u011fil 2 tak\u0131m g\u00f6ndermeliyiz\u201d<\/p>\n<p>Nihat \u00d6zdemir, S\u00fcper Lig\u2019in yurt d\u0131\u015f\u0131nda izlenme oranlar\u0131n\u0131 artt\u0131rmak i\u00e7in \u00e7al\u0131\u015fmalar ger\u00e7ekle\u015ftirdiklerinin alt\u0131n\u0131 \u00e7izerek, \u201cS\u00fcper Kupa\u2019y\u0131 gerekirse stat\u00fc de\u011fi\u015ftirip 4 tak\u0131ma \u00e7\u0131kararak yurt d\u0131\u015f\u0131nda d\u00fczenlemek T\u00fcrk futboluna de\u011fer katacakt\u0131r. Uzak do\u011fu pazar\u0131 da \u00f6nemli hedeflerimizden biridir. Gen\u00e7lere mutlaka yat\u0131r\u0131m yapmal\u0131y\u0131z. Altyap\u0131dan gen\u00e7leri yeti\u015ftirerek onlar\u0131 Avrupa\u2019ya ihra\u00e7 etmek b\u00fcy\u00fck kaynak olacakt\u0131r. Bug\u00fcn Avrupa\u2019da bir\u00e7ok kul\u00fcp \u015eampiyonlar Ligi gelirleriyle ayakta durmaktad\u0131r. Bunun i\u00e7in Avrupa kupalar\u0131na istikrarl\u0131 kat\u0131l\u0131m ve ba\u015far\u0131n\u0131n \u015fart oldu\u011funa inan\u0131yoruz. Her sene \u015eampiyonlar Ligi\u2019ne 1 de\u011fil 2 tak\u0131m g\u00f6ndermeliyiz. 2007-2008 sezonundan bu yana 12 y\u0131ld\u0131r tek tak\u0131mla gidebiliyoruz. Kul\u00fcplerimizin mali kayb\u0131n\u0131 siz hesap edin. Bu tabloyu tersine \u00e7evirmek i\u00e7in var g\u00fcc\u00fcm\u00fczle \u00e7al\u0131\u015fmal\u0131y\u0131z. Ba\u015far\u0131lara odaklanmal\u0131y\u0131z\u201d diye konu\u015ftu.<\/p>\n<p>\u201cGelirinin 3-5 kat\u0131n\u0131 harcama l\u00fcks\u00fc art\u0131k yok\u201d<\/p>\n<p>Kul\u00fcplerin yapt\u0131\u011f\u0131 y\u00fcksek harcamalara de\u011finen \u00d6zdemir, uygulamaya ba\u015flad\u0131klar\u0131 yeni kul\u00fcp lisans talimatnamesinde a\u011f\u0131r cezalar yer ald\u0131\u011f\u0131n\u0131 belirterek, \u201cFutbol ailesi olarak Cumhurba\u015fkan\u0131m\u0131z Recep Tayyip Erdo\u011fan\u2019a da desteklerinden dolay\u0131 te\u015fekk\u00fcr ediyoruz. Futbola bu kadar yat\u0131r\u0131m yapan ba\u015fka hi\u00e7bir \u00fclke yoktur. Bunu b\u00fcy\u00fcme i\u00e7in f\u0131rsata \u00e7evirmeliyiz. En iyi \u015fekilde kullanmal\u0131y\u0131z. T\u00fcrk futbolunun gelirleri art\u0131yor ama kontrols\u00fczce yap\u0131lan harcamalar var. Gelirin 3,5 kat\u0131n\u0131 harcama l\u00fcks\u00fc art\u0131k yok. Federasyon olarak denk b\u00fct\u00e7eye \u00f6nem veriyoruz. Bunun i\u00e7in kul\u00fcp lisans y\u00f6netmeli\u011fini yeniledik. Harcama limiti getirdik. Herkesin aya\u011f\u0131n\u0131 yorgan\u0131na g\u00f6re uzatmas\u0131n\u0131 istiyoruz. Ocak ay\u0131ndan itibaren can yakacak kararlar almak zorunda kalaca\u011f\u0131z. Transfer yasa\u011f\u0131, puan silme ve k\u00fcme d\u00fc\u015f\u00fcrme cezalar\u0131n\u0131 uygulayaca\u011f\u0131z\u201d ifadelerini kulland\u0131.<\/p>\n<p>Mehmet Sepil: \u201cSon 3 y\u0131lda Milli Tak\u0131m\u2019\u0131n g\u00f6sterdi\u011fi ba\u015far\u0131y\u0131 g\u00f6steremedik\u201d<\/p>\n<p>Kul\u00fcpler Birli\u011fi yeni Ba\u015fkan\u0131 Mehmet Sepil ise, A Milli Futbol Tak\u0131m\u0131\u2019n\u0131n EURO 2020\u2019ye kat\u0131lmaya hak kazanmas\u0131n\u0131n T\u00fcrk futbolunda milat olarak nitelendirilebilecek bir ba\u015far\u0131 oldu\u011funu s\u00f6yleyerek, \u015fu ifadelere yer verdi:<\/p>\n<p>&#8220;Milli Tak\u0131m bildi\u011fimiz gibi \u00f6nemli bir ba\u015far\u0131 kazand\u0131. Esas\u0131nda bu ba\u015far\u0131y\u0131 dikkatle izleyip sebepleri de do\u011fru yere koymal\u0131y\u0131z. Bu ba\u015far\u0131ya bakt\u0131\u011f\u0131m\u0131zda kal\u0131c\u0131 bir ba\u015far\u0131 olman\u0131n \u00f6zelli\u011fini ta\u015f\u0131yor. Oyunculara bakt\u0131\u011f\u0131m\u0131zda bu ba\u015far\u0131n\u0131n T\u00fcrk futbolu i\u00e7in \u00f6nemli bir milat olabilece\u011fini g\u00f6r\u00fcyoruz. S\u00fcper Lig kul\u00fcpleri olarak ayn\u0131 ba\u015far\u0131y\u0131 g\u00f6sterdi\u011fimizi s\u00f6yleyemeyiz. Son 3 y\u0131l i\u00e7erisinde milli tak\u0131m\u0131n g\u00f6sterdi\u011fi ba\u015far\u0131y\u0131 g\u00f6steremedik. Bunun sebepleri bellidir. Tamamen ekonomik olarak kul\u00fcplerin bulundu\u011fu durumdur. Biz kul\u00fcpler olarak bu s\u00fcrecin fark\u0131nday\u0131z. Dolay\u0131s\u0131yla TFF\u2019nin de yard\u0131m\u0131yla bunu engelleyecek kul\u00fcpleri ekonomik olarak do\u011fru yola ta\u015f\u0131yacak tedbirleri birlikte ald\u0131k. Ge\u00e7en sene lisans talimat\u0131nda TFF ile \u00e7al\u0131\u015f\u0131p, kul\u00fcp gelir giderlerinin de\u011ferlendirilece\u011fi yap\u0131ya gittik. Kul\u00fcpler olarak i\u00e7imizde d\u00fczeltmemiz gereken \u015feylerle ilgili ba\u015flang\u0131\u00e7 yapt\u0131k. \u00d6n\u00fcm\u00fczde yapmam\u0131z gereken bir\u00e7ok \u00e7al\u0131\u015fma var.&#8221;<\/p>\n","protected":false},"excerpt":{"rendered":"<p>T\u00dcRK\u0130YE FUTBOL FEDERASYONU (TFF) BA\u015eKANI N\u0130HAT \u00d6ZDEM\u0130R, &#8220;HERKES\u0130N AYA\u011eINI YORGANINA G\u00d6RE UZATMASINI \u0130ST\u0130YORUZ. OCAK AYINDAN \u0130T\u0130BAREN CAN YAKACAK KARARLAR ALMAK ZORUNDA KALACA\u011eIZ. TRANSFER YASA\u011eI, PUAN S\u0130LME VE K\u00dcME D\u00dc\u015e\u00dcRME CEZALARINI UYGULAYACA\u011eIZ&#8221; DED\u0130.<\/p>\n","protected":false},"author":1,"featured_media":230950,"comment_status":"closed","ping_status":"open","sticky":false,"template":"","format":"standard","meta":{"jetpack_post_was_ever_published":false,"_jetpack_newsletter_access":"","_jetpack_dont_email_post_to_subs":false,"_jetpack_newsletter_tier_id":0,"_jetpack_memberships_contains_paywalled_content":false,"_jetpack_memberships_contains_paid_content":false,"footnotes":"","jetpack_publicize_message":"","jetpack_publicize_feature_enabled":true,"jetpack_social_post_already_shared":true,"jetpack_social_options":{"image_generator_settings":{"template":"highway","default_image_id":0,"font":"","enabled":false},"version":2}},"categories":[657],"tags":[7122,930,13043,55872,4609,7559,49356,4585],"class_list":["post-230949","post","type-post","status-publish","format-standard","has-post-thumbnail","hentry","category-spor","tag-almak","tag-can","tag-kalacagiz","tag-kararlar","tag-nihat","tag-ozdemir","tag-yakacak","tag-zorunda"],"jetpack_publicize_connections":[],"jetpack_featured_media_url":"https:\/\/i0.wp.com\/www.tvturk.com\/wp-content\/uploads\/2019\/11\/nihat-ozdemir-can-yakacak-kararlar-almak-zorunda-kalacagiz_150decb.jpg?fit=1000%2C675","jetpack_sharing_enabled":true,"jetpack_shortlink":"https:\/\/wp.me\/paKIfm-Y4Z","_links":{"self":[{"href":"http:\/\/www.tvturk.com\/index.php\/wp-json\/wp\/v2\/posts\/230949","targetHints":{"allow":["GET"]}}],"collection":[{"href":"http:\/\/www.tvturk.com\/index.php\/wp-json\/wp\/v2\/posts"}],"about":[{"href":"http:\/\/www.tvturk.com\/index.php\/wp-json\/wp\/v2\/types\/post"}],"author":[{"embeddable":true,"href":"http:\/\/www.tvturk.com\/index.php\/wp-json\/wp\/v2\/users\/1"}],"replies":[{"embeddable":true,"href":"http:\/\/www.tvturk.com\/index.php\/wp-json\/wp\/v2\/comments?post=230949"}],"version-history":[{"count":0,"href":"http:\/\/www.tvturk.com\/index.php\/wp-json\/wp\/v2\/posts\/230949\/revisions"}],"wp:featuredmedia":[{"embeddable":true,"href":"http:\/\/www.tvturk.com\/index.php\/wp-json\/wp\/v2\/media\/230950"}],"wp:attachment":[{"href":"http:\/\/www.tvturk.com\/index.php\/wp-json\/wp\/v2\/media?parent=230949"}],"wp:term":[{"taxonomy":"category","embeddable":true,"href":"http:\/\/www.tvturk.com\/index.php\/wp-json\/wp\/v2\/categories?post=230949"},{"taxonomy":"post_tag","embeddable":true,"href":"http:\/\/www.tvturk.com\/index.php\/wp-json\/wp\/v2\/tags?post=230949"}],"curies":[{"name":"wp","href":"https:\/\/api.w.org\/{rel}","templated":true}]}}