{"id":230989,"date":"2019-11-21T12:46:47","date_gmt":"2019-11-21T09:46:47","guid":{"rendered":"http:\/\/www.tvturk.com\/index.php\/bakan-varank-mobil-uygulamalari-indirme-ve-kullanmada-dunyanin-8inci-ulkesiyiz\/"},"modified":"2019-11-21T12:46:47","modified_gmt":"2019-11-21T09:46:47","slug":"bakan-varank-mobil-uygulamalari-indirme-ve-kullanmada-dunyanin-8inci-ulkesiyiz","status":"publish","type":"post","link":"http:\/\/www.tvturk.com\/index.php\/bakan-varank-mobil-uygulamalari-indirme-ve-kullanmada-dunyanin-8inci-ulkesiyiz\/","title":{"rendered":"Bakan Varank: &#8220;Mobil uygulamalar\u0131 indirme ve kullanmada d\u00fcnyan\u0131n 8\u2019inci \u00fclkesiyiz&#8221;"},"content":{"rendered":"<p>Sanayi ve Teknoloji Bakan\u0131 Mustafa Varank, &#8220;T\u00fcrkiye\u2019deki mobil uygulama pazar\u0131 i\u00e7in yap\u0131lan tahminler 1,5 milyar dolarl\u0131k bir hacme i\u015faret ediyor. Mobil uygulamalar\u0131 indirme ve kullanmada d\u00fcnyan\u0131n 8\u2019inci \u00fclkesiyiz&#8221; dedi.<\/p>\n<p>Dijital pazarlama profesyonelleri, mobil uygulama d\u00fcnyas\u0131 ve teknoloji merakl\u0131lar\u0131n\u0131 bir araya getiren mobil uygulama fuar\u0131 Mobilefest, kap\u0131lar\u0131n\u0131 ziyaret\u00e7ilerine a\u00e7t\u0131. 24 Kas\u0131m tarihine kadar devam edecek fuar\u0131n a\u00e7\u0131l\u0131\u015f\u0131na Sanayi ve Tekonoloji Bakan\u0131 Mustafa Varank kat\u0131ld\u0131. Bakan Varank, sekt\u00f6r ile ilgili rakamlar verirken, yap\u0131lan \u00e7al\u0131\u015fmalara de\u011findi. Bakan Varank, a\u00e7\u0131l\u0131\u015f \u00f6ncesi fuar alan\u0131ndaki stantlar\u0131 gezerek bilgiler ald\u0131.<\/p>\n<p>&#8220;Mobil uygulamalar\u0131 indirme ve kullanmada d\u00fcnyan\u0131n 8\u2019inci \u00fclkesiyiz&#8221;<\/p>\n<p>Pazar\u0131n h\u0131zla b\u00fcy\u00fcd\u00fc\u011f\u00fcne dikkat \u00e7eken Bakan Mustafa Varank, \u2019\u20192014 y\u0131l\u0131nda d\u00fcnyada mobil uygulamalardan elde edilen gelir 94 milyar dolard\u0131. Be\u015f senede piyasa be\u015f kat b\u00fcy\u00fcd\u00fc. Bu sene pazar hacmi 460 milyar dolara ula\u015ft\u0131. 2023\u2019teyse 1 trilyon dolarl\u0131k b\u00fcy\u00fckl\u00fc\u011f\u00fc yakalamas\u0131 beklenen bir sekt\u00f6rden bahsediyoruz. Peki T\u00fcrkiye\u2019de durum ne? Yap\u0131lan tahminler 1,5 milyar dolarl\u0131k bir hacme i\u015faret ediyor. Mobil uygulamalar\u0131 indirme ve kullanmada d\u00fcnyan\u0131n 8\u2019inci \u00fclkesiyiz. 2016\u2019da 40 milyon olan mobil internet kullan\u0131c\u0131 say\u0131s\u0131, bu senenin ilk yar\u0131s\u0131nda 61 milyona ula\u015ft\u0131. T\u00fcrk milleti bu i\u015flere \u00e7ok merakl\u0131. Fakat kulland\u0131\u011f\u0131m\u0131z uygulamalar\u0131n sadece y\u00fczde 14\u2019\u00fc yerli. Bu durum; hem yurt i\u00e7indeki firmalar\u0131m\u0131z hem de ba\u011f\u0131ms\u0131z geli\u015ftiricilerimiz i\u00e7in b\u00fcy\u00fck f\u0131rsatlar sunuyor. Asl\u0131nda T\u00fcrkiye, heyecanl\u0131 ve s\u00fcrprizlerle dolu bir yolculu\u011fun daha \u00e7ok ba\u015f\u0131nda diyebiliriz&#8221; \u015feklinde konu\u015ftu.<\/p>\n<p>&#8220;Herkes kodlama ve programlama \u00f6\u011frenebilir&#8221;<\/p>\n<p>Kodlaman\u0131n \u00f6nemine de\u011finen Bakan Varank, &#8220;Mobil uygulama marketlerinde 2008 y\u0131l\u0131nda 500\u2019den az uygulama varken, bug\u00fcn 2 milyonun \u00fczerinde farkl\u0131 uygulama var. Biz istiyoruz ki \u00fclkemizdeki herkes bu i\u015flere daha \u00e7ok kafa yorsun T\u00fcrkiye\u2019nin gittik\u00e7e b\u00fcy\u00fcyen bu pazarda, vazge\u00e7ilmez bir akt\u00f6r olmas\u0131n\u0131n \u00f6n\u00fcnde hi\u00e7bir engel yok. Giri\u015fimcilerimiz, yaz\u0131l\u0131mc\u0131lar\u0131m\u0131z, hatta bu i\u015fi amat\u00f6rce yapanlar dahi dijital d\u00fcnyan\u0131n e\u011filimlerini y\u00f6nlendirebilir. Bu i\u015f i\u00e7in ileri seviye bir e\u011fitime, b\u00fcy\u00fck diplomalara da ihtiya\u00e7 yok. Herkes kodlama ve programlama \u00f6\u011frenebilir&#8221; dedi.<\/p>\n<p>&#8220;En az 500 bin yaz\u0131l\u0131mc\u0131 say\u0131s\u0131na ula\u015fmay\u0131 hedefliyoruz&#8221;<\/p>\n<p>Sekt\u00f6re verdikleri desteklere de\u011finen Bakan Varank, &#8220;Hem giri\u015fimcilik desteklerimizle, hem de yaz\u0131l\u0131m sekt\u00f6r\u00fcne y\u00f6nelik programlar\u0131m\u0131zla sizlerin yan\u0131nday\u0131z. KOSGEB ve T\u00dcB\u0130TAK\u2019\u0131n sundu\u011fu desteklere ek olarak, AR-GE merkezlerine ve teknoparklardaki firmalara bir tak\u0131m ayr\u0131cal\u0131klar tan\u0131yoruz. 2023 Sanayi ve Teknoloji Stratejimizde de yaz\u0131l\u0131m konusunu \u00f6nceliklendirdik. Bu alandaki yetenek havuzumuzu geni\u015fletip, en az 500 bin yaz\u0131l\u0131mc\u0131 say\u0131s\u0131na ula\u015fmay\u0131 hedefliyoruz. Yaz\u0131l\u0131m geli\u015ftirmenin maliyeti, bu i\u015fin getirisiyle kar\u015f\u0131la\u015ft\u0131rd\u0131\u011f\u0131n\u0131zda neredeyse devede kulak kal\u0131yor&#8221; diye konu\u015ftu.<\/p>\n<p>&#8220;A\u00e7\u0131k Kaynak Kod Platformunu kurduk&#8221;<\/p>\n<p>Bakan Varank s\u00f6zlerine \u015f\u00f6yle devam etti: &#8220;Kritik \u00f6neme sahip bu alanda kabiliyetlerimizi daha da geli\u015ftirmek i\u00e7in son d\u00f6nemde vizyoner politikalar\u0131 hayata ge\u00e7irdik. Bunlardan birisi A\u00e7\u0131k Kaynak Kod Platformunun kurulmas\u0131. Bu Platformla; yaz\u0131l\u0131m maliyetlerini azaltmay\u0131, yaz\u0131l\u0131mc\u0131 say\u0131m\u0131z\u0131 art\u0131rmay\u0131 ve a\u00e7\u0131k kaynak alan\u0131nda \u00e7al\u0131\u015fan giri\u015fim say\u0131s\u0131n\u0131 art\u0131rmay\u0131 hedefliyoruz. \u0130lk olarak kamunun mevcut ve yeni al\u0131mlar\u0131nda, a\u00e7\u0131k kaynak yaz\u0131l\u0131mlara ge\u00e7i\u015fi i\u00e7in yol haritas\u0131 Cumhurba\u015fkanl\u0131\u011f\u0131 Dijital Ofisi ile beraber belirleyece\u011fiz. A\u00e7\u0131k kaynak yaz\u0131l\u0131m ekosisteminin, kamu ve \u00f6zel sekt\u00f6r taraf\u0131ndan desteklenmesini sa\u011flayaca\u011f\u0131z. Bu ama\u00e7la; h\u0131zla hayata ge\u00e7irilebilir, yayg\u0131nla\u015ft\u0131r\u0131labilir ve yenilik\u00e7i bir yaz\u0131l\u0131m e\u011fitimi modelini de haz\u0131rl\u0131yoruz. Yak\u0131nda kamuoyuyla in\u015fallah payla\u015faca\u011f\u0131z.&#8221;<\/p>\n<p>&#8220;81 ilimizde 100 Deneyap Teknoloji At\u00f6lyesi kuraca\u011f\u0131z&#8221;<\/p>\n<p>Yaz\u0131l\u0131mc\u0131 olmay\u0131 itibarl\u0131 bir kariyer haline getirmek istediklerini belirten Bakan Varank, &#8220;Bunun i\u00e7in bir seferberlik ba\u015flatacak ve gen\u00e7 yeteneklerimize yeni imk\u00e2nlar sunaca\u011f\u0131z.Deneyap Teknoloji at\u00f6lyeleri bu ama\u00e7la uygulamaya ba\u015flad\u0131\u011f\u0131m\u0131z \u00f6nc\u00fc projelerimizden bir tanesi. \u00c7ocuklar\u0131m\u0131z\u0131 \u015fimdiden gelece\u011fe haz\u0131rl\u0131yoruz. Bu at\u00f6lyelerde ortaokul ve lise seviyesindeki \u00fcst\u00fcn yetenekli \u00f6\u011frencilere, 3 y\u0131ll\u0131k kapsaml\u0131 teknoloji e\u011fitimleri sunuyoruz.  Elektronik programlamadan, robotik kodlamaya, siber g\u00fcvenlikten yapay zek\u00e2ya farkl\u0131 teknoloji ba\u015fl\u0131klar\u0131nda at\u00f6lye e\u011fitimleri ve proje \u00e7al\u0131\u015fmalar\u0131yla gelece\u011fin teknoloji y\u0131ld\u0131zlar\u0131n\u0131 yeti\u015ftiriyoruz. Bu sene 12 ilimizde e\u011fitimleri ba\u015flatt\u0131k. \u00d6n\u00fcm\u00fczdeki d\u00f6nemde 12 ilimiz tekrar devreye girmi\u015f olacak ve 81 ilimizde 100 Deneyap Teknoloji At\u00f6lyesi kuraca\u011f\u0131z. 5 y\u0131ll\u0131k s\u00fcre\u00e7te yakla\u015f\u0131k 50 bin \u00f6\u011frencimiz bu nitelikli teknoloji e\u011fitiminden yararlanacak&#8221; a\u00e7\u0131klamas\u0131nda bulundu.<\/p>\n<p>Giri\u015fimciler ve yat\u0131r\u0131mc\u0131lar \u00e7a\u011fr\u0131<\/p>\n<p>Giri\u015fimciler ve yat\u0131r\u0131mc\u0131lar \u00e7a\u011fr\u0131da bulunan Bakan Varank, &#8220;Buradan hem giri\u015fimcilere hem de yat\u0131r\u0131mc\u0131lara bir \u00e7a\u011fr\u0131da bulunmak istiyorum. Gelin 2020 y\u0131l\u0131nda, mobil uygulama yat\u0131r\u0131mlar\u0131na alt\u0131n \u00e7a\u011f\u0131n\u0131 ya\u015fatal\u0131m. \u00dclkemizde birbirinden yetenekli yaz\u0131l\u0131mc\u0131lar\u0131m\u0131z var.Onlar\u0131n yetenekleriyle, g\u00f6z\u00fc kara yat\u0131r\u0131mc\u0131lar\u0131m\u0131z\u0131n birlikteli\u011finden muazzam i\u015fler ortaya \u00e7\u0131kabilir&#8221; dedi.<\/p>\n","protected":false},"excerpt":{"rendered":"<p>SANAY\u0130 VE TEKONOLOJ\u0130 BAKANI MUSTAFA VARANK KATILDI. BAKAN VARANK, SEKT\u00d6R \u0130LE \u0130LG\u0130L\u0130 RAKAMLAR VER\u0130RKEN, YAPILAN \u00c7ALI\u015eMALARA DE\u011e\u0130ND\u0130. BAKAN VARANK, A\u00c7ILI\u015e \u00d6NCES\u0130 FUAR ALANINDAK\u0130 STANTLARI GEZEREK B\u0130LG\u0130LER ALDI.<\/p>\n","protected":false},"author":1,"featured_media":230990,"comment_status":"closed","ping_status":"open","sticky":false,"template":"","format":"standard","meta":{"jetpack_post_was_ever_published":false,"_jetpack_newsletter_access":"","_jetpack_dont_email_post_to_subs":false,"_jetpack_newsletter_tier_id":0,"_jetpack_memberships_contains_paywalled_content":false,"_jetpack_memberships_contains_paid_content":false,"footnotes":"","jetpack_publicize_message":"","jetpack_publicize_feature_enabled":true,"jetpack_social_post_already_shared":true,"jetpack_social_options":{"image_generator_settings":{"template":"highway","default_image_id":0,"font":"","enabled":false},"version":2}},"categories":[19],"tags":[22641,742,1197,27958,58173,2183,18271,6158,2985],"class_list":["post-230989","post","type-post","status-publish","format-standard","has-post-thumbnail","hentry","category-ekonomi","tag-8inci","tag-bakan","tag-dunyanin","tag-indirme","tag-kullanmada","tag-mobil","tag-ulkesiyiz","tag-uygulamalari","tag-varank"],"jetpack_publicize_connections":[],"jetpack_featured_media_url":"https:\/\/i0.wp.com\/www.tvturk.com\/wp-content\/uploads\/2019\/11\/bakan-varank-mobil-uygulamalari-indirme-ve-kullanmada-dunyanin-8inci-ulkesiyiz_31121c2.jpg?fit=1000%2C686","jetpack_sharing_enabled":true,"jetpack_shortlink":"https:\/\/wp.me\/paKIfm-Y5D","_links":{"self":[{"href":"http:\/\/www.tvturk.com\/index.php\/wp-json\/wp\/v2\/posts\/230989","targetHints":{"allow":["GET"]}}],"collection":[{"href":"http:\/\/www.tvturk.com\/index.php\/wp-json\/wp\/v2\/posts"}],"about":[{"href":"http:\/\/www.tvturk.com\/index.php\/wp-json\/wp\/v2\/types\/post"}],"author":[{"embeddable":true,"href":"http:\/\/www.tvturk.com\/index.php\/wp-json\/wp\/v2\/users\/1"}],"replies":[{"embeddable":true,"href":"http:\/\/www.tvturk.com\/index.php\/wp-json\/wp\/v2\/comments?post=230989"}],"version-history":[{"count":0,"href":"http:\/\/www.tvturk.com\/index.php\/wp-json\/wp\/v2\/posts\/230989\/revisions"}],"wp:featuredmedia":[{"embeddable":true,"href":"http:\/\/www.tvturk.com\/index.php\/wp-json\/wp\/v2\/media\/230990"}],"wp:attachment":[{"href":"http:\/\/www.tvturk.com\/index.php\/wp-json\/wp\/v2\/media?parent=230989"}],"wp:term":[{"taxonomy":"category","embeddable":true,"href":"http:\/\/www.tvturk.com\/index.php\/wp-json\/wp\/v2\/categories?post=230989"},{"taxonomy":"post_tag","embeddable":true,"href":"http:\/\/www.tvturk.com\/index.php\/wp-json\/wp\/v2\/tags?post=230989"}],"curies":[{"name":"wp","href":"https:\/\/api.w.org\/{rel}","templated":true}]}}