{"id":231003,"date":"2019-11-21T13:03:44","date_gmt":"2019-11-21T10:03:44","guid":{"rendered":"http:\/\/www.tvturk.com\/index.php\/emre-kocadag-karius-icin-gerekli-girisimleri-yapacagiz\/"},"modified":"2019-11-21T13:03:44","modified_gmt":"2019-11-21T10:03:44","slug":"emre-kocadag-karius-icin-gerekli-girisimleri-yapacagiz","status":"publish","type":"post","link":"http:\/\/www.tvturk.com\/index.php\/emre-kocadag-karius-icin-gerekli-girisimleri-yapacagiz\/","title":{"rendered":"Emre Kocada\u011f: &#8220;Karius i\u00e7in gerekli giri\u015fimleri yapaca\u011f\u0131z&#8221;"},"content":{"rendered":"<p>Be\u015fikta\u015f Y\u00f6netim Kurulu \u00dcyesi Emre Kocada\u011f, sezon sonu kiral\u0131k s\u00f6zle\u015fmesi sona erecek Karius\u2019un gelece\u011fine ili\u015fkin, &#8220;Bu sene Karius iyi bir performans g\u00f6steriyor. Onunla alakal\u0131 gerekli giri\u015fimleri yapaca\u011f\u0131z. Kendisi de\u011ferli bir oyuncu, kariyeri belli. Biz onun kalmas\u0131n\u0131 isteriz. Bunu \u015fartlar belirler&#8221; dedi.<\/p>\n<p>Uluslararas\u0131 Futbol Ekonomi Forumu Borsa \u0130stanbul\u2019da ger\u00e7ekle\u015ftiriliyor. Spor d\u00fcnyas\u0131ndan bir\u00e7ok ismin kat\u0131ld\u0131\u011f\u0131 toplant\u0131da Be\u015fikta\u015f ad\u0131na yer alan Y\u00f6netim Kurulu \u00dcyesi ve A Tak\u0131mdan Sorumlu Y\u00f6netici Emre Kocada\u011f bas\u0131n mensuplar\u0131na a\u00e7\u0131klamada bulundu. Y\u00f6netim olarak iyi bir ba\u015flang\u0131\u00e7 yapt\u0131klar\u0131n\u0131 ifade eden Kocada\u011f, \u201c3 ma\u00e7ta 3 galibiyet. Konyaspor ma\u00e7\u0131na tamamen konsantre olmu\u015f vaziyetteyiz. Oradan da galibiyetle d\u00f6nmek istiyoruz. Tak\u0131m\u0131n havas\u0131 gayet iyi. Hocam\u0131z ve \u00dcmraniye\u2019deki hava olumlu. Biz ma\u00e7 ma\u00e7 bak\u0131yoruz. \u0130stanbul\u2019da 6 haftal\u0131k bir s\u00fcre\u00e7 var. Devre aras\u0131na kadar olabildi\u011fince galibiyetlerle devam etmek istiyoruz\u201d diye konu\u015ftu.<\/p>\n<p>\u201cG\u00f6nl\u00fcm\u00fczden eksik b\u00f6lgelere transfer yapmak ge\u00e7iyor\u201d<\/p>\n<p>Transfer sorular\u0131na cevap veren Kocada\u011f, \u201c\u015eu an futbol ekonomi zirvesindeyiz. Futbol ekonomi zirvesinde de bunlar\u0131 konu\u015ftuk. B\u00fct\u00e7enin ne kadar \u00f6nemli oldu\u011funu konu\u015ftuk. G\u00f6nl\u00fcm\u00fczden eksik b\u00f6lgelere transfer yapmak ge\u00e7iyor. Hocam\u0131z\u0131n da bunlarla alakal\u0131 talepleri olacakt\u0131r. Bizim y\u00f6netimimizde de transferden sorumlu y\u00f6netici var. Biz de tak\u0131m\u0131n eksi\u011fi nedir onlar\u0131 de\u011ferlendirece\u011fiz. En uygun b\u00f6lgeye 1 veya 2 transfer yap\u0131lacakt\u0131r. Forvet transferi olabilir. Hocan\u0131n iste\u011fi do\u011frultusunda hangi b\u00f6lgelere takviye isterse. Devre aras\u0131ndaki pozisyonumuz da \u00f6nemli. Nas\u0131l girece\u011fiz, devam edece\u011fiz. Bu planlamay\u0131 yapar\u0131z. \u015eu an isimlerle ilgili konu\u015fmak \u00e7ok yanl\u0131\u015f olur. O gelir bu gider diye bir \u015fey yok. B\u00fcy\u00fck kul\u00fcplerde planlamalar daha \u00f6nceden yap\u0131l\u0131yor. Belli isimler \u00fczerinde duruluyor. Netle\u015fmesi tabi ihtiya\u00e7 dahilinde olacak. Bir sakatl\u0131k olur ihtiya\u00e7 olur oraya da transfer yap\u0131l\u0131r\u201d ifadelerini kulland\u0131.<\/p>\n<p>\u201cKul\u00fcp zor d\u00f6nemlerden ge\u00e7iyor\u201d<\/p>\n<p>Zor bir s\u00fcre\u00e7te tak\u0131m\u0131n ba\u015f\u0131na geldiklerini anlatan Emre Kocada\u011f, \u201cZor bir s\u00fcre\u00e7te ba\u015fkan\u0131m\u0131z ve y\u00f6netim kurulu olarak bizler bu s\u00fcrece dahil olduk. Kul\u00fcp zor d\u00f6nemlerden ge\u00e7iyor. Bu anlamda tabi belli bir yol haritam\u0131z vard\u0131, onlar\u0131 uygulamaya ald\u0131k. Daha iyi bir \u015fekilde gidiyor diyebilirim\u201d \u015feklinde konu\u015ftu.<\/p>\n<p>&#8220;Karius i\u00e7in gerekli giri\u015fimleri yapaca\u011f\u0131z&#8221;<\/p>\n<p>Sezon sonu kiral\u0131k s\u00f6zle\u015fmesi sona eren Karius\u2019un tak\u0131mda kal\u0131p kalmayaca\u011f\u0131 ile ilgili soruya cevap veren Emre Kocada\u011f \u015fu ifadeleri kulland\u0131:<\/p>\n<p>\u201cBu sene Karius iyi bir performans g\u00f6steriyor. Onunla alakal\u0131 gerekli giri\u015fimleri yapaca\u011f\u0131z. Kendisi de\u011ferli bir oyuncu, kariyeri belli. Biz onun kalmas\u0131n\u0131 isteriz. Bunu \u015fartlar belirler.\u201d<\/p>\n<p>\u201cAboubakar g\u00fcndemimizde var ya da yok diyemem\u201d<\/p>\n<p>Aboubakar\u2019\u0131n tak\u0131ma kat\u0131laca\u011f\u0131 y\u00f6n\u00fcndeki iddialara da cevap veren Kocada\u011f, \u201cAboubakar ile ilgili ya\u015fanan d\u00f6nemleri bilmiyorum. \u015eu an g\u00fcndemimizde var diyemem ama olmayacak diye bir \u015fey yok. Bu tamamen ekonomik \u015fartlara g\u00f6re. Kul\u00fcb\u00fcn i\u00e7ine girdik\u00e7e ciddi s\u0131k\u0131nt\u0131lar\u0131 g\u00f6rebiliyoruz. Biz burada \u00e7\u00f6z\u00fcm \u00fcretmeye geldik. Bunlar\u0131n \u00fcstesinden gelece\u011fiz\u201d dedi.<\/p>\n","protected":false},"excerpt":{"rendered":"<p>BE\u015e\u0130KTA\u015e Y\u00d6NET\u0130M KURULU \u00dcYES\u0130 EMRE KOCADA\u011e, SEZON SONU K\u0130RALIK S\u00d6ZLE\u015eMES\u0130 SONA ERECEK KAR\u0130US&#8217;UN GELECE\u011e\u0130NE \u0130L\u0130\u015eK\u0130N, &#8220;BU SENE KAR\u0130US \u0130Y\u0130 B\u0130R PERFORMANS G\u00d6STER\u0130YOR<\/p>\n","protected":false},"author":1,"featured_media":231004,"comment_status":"closed","ping_status":"open","sticky":false,"template":"","format":"standard","meta":{"jetpack_post_was_ever_published":false,"_jetpack_newsletter_access":"","_jetpack_dont_email_post_to_subs":false,"_jetpack_newsletter_tier_id":0,"_jetpack_memberships_contains_paywalled_content":false,"_jetpack_memberships_contains_paid_content":false,"footnotes":"","jetpack_publicize_message":"","jetpack_publicize_feature_enabled":true,"jetpack_social_post_already_shared":true,"jetpack_social_options":{"image_generator_settings":{"template":"highway","default_image_id":0,"font":"","enabled":false},"version":2}},"categories":[657],"tags":[6360,13734,33284,44,46484,55996,7476],"class_list":["post-231003","post","type-post","status-publish","format-standard","has-post-thumbnail","hentry","category-spor","tag-emre","tag-gerekli","tag-girisimleri","tag-icin","tag-karius","tag-kocadag","tag-yapacagiz"],"jetpack_publicize_connections":[],"jetpack_featured_media_url":"https:\/\/i0.wp.com\/www.tvturk.com\/wp-content\/uploads\/2019\/11\/emre-kocadag-karius-icin-gerekli-girisimleri-yapacagiz_6263f34.jpg?fit=1000%2C917","jetpack_sharing_enabled":true,"jetpack_shortlink":"https:\/\/wp.me\/paKIfm-Y5R","_links":{"self":[{"href":"http:\/\/www.tvturk.com\/index.php\/wp-json\/wp\/v2\/posts\/231003","targetHints":{"allow":["GET"]}}],"collection":[{"href":"http:\/\/www.tvturk.com\/index.php\/wp-json\/wp\/v2\/posts"}],"about":[{"href":"http:\/\/www.tvturk.com\/index.php\/wp-json\/wp\/v2\/types\/post"}],"author":[{"embeddable":true,"href":"http:\/\/www.tvturk.com\/index.php\/wp-json\/wp\/v2\/users\/1"}],"replies":[{"embeddable":true,"href":"http:\/\/www.tvturk.com\/index.php\/wp-json\/wp\/v2\/comments?post=231003"}],"version-history":[{"count":0,"href":"http:\/\/www.tvturk.com\/index.php\/wp-json\/wp\/v2\/posts\/231003\/revisions"}],"wp:featuredmedia":[{"embeddable":true,"href":"http:\/\/www.tvturk.com\/index.php\/wp-json\/wp\/v2\/media\/231004"}],"wp:attachment":[{"href":"http:\/\/www.tvturk.com\/index.php\/wp-json\/wp\/v2\/media?parent=231003"}],"wp:term":[{"taxonomy":"category","embeddable":true,"href":"http:\/\/www.tvturk.com\/index.php\/wp-json\/wp\/v2\/categories?post=231003"},{"taxonomy":"post_tag","embeddable":true,"href":"http:\/\/www.tvturk.com\/index.php\/wp-json\/wp\/v2\/tags?post=231003"}],"curies":[{"name":"wp","href":"https:\/\/api.w.org\/{rel}","templated":true}]}}