{"id":231059,"date":"2019-11-21T14:46:37","date_gmt":"2019-11-21T11:46:37","guid":{"rendered":"http:\/\/www.tvturk.com\/index.php\/cinden-milyonlarca-liraya-ithal-edilen-sistem-yerli-ve-milli-olarak-uretildi\/"},"modified":"2019-11-21T14:46:37","modified_gmt":"2019-11-21T11:46:37","slug":"cinden-milyonlarca-liraya-ithal-edilen-sistem-yerli-ve-milli-olarak-uretildi","status":"publish","type":"post","link":"http:\/\/www.tvturk.com\/index.php\/cinden-milyonlarca-liraya-ithal-edilen-sistem-yerli-ve-milli-olarak-uretildi\/","title":{"rendered":"\u00c7in\u2019den milyonlarca liraya ithal edilen sistem yerli ve milli olarak \u00fcretildi"},"content":{"rendered":"<p>Zonguldak\u2019ta T\u00fcrkiye Ta\u015fk\u00f6m\u00fcr\u00fc Kurumu\u2019nun yerin metrelerce alt\u0131nda kulland\u0131\u011f\u0131 yeralt\u0131 esnek mekanize tahkimat te\u00e7hizat\u0131, yerli ve milli kaynaklarla \u00fcretildi.<\/p>\n<p>T\u00fcrkiye Ta\u015fk\u00f6m\u00fcr\u00fc Kurumunun \u00c7in\u2019den 170 metresini 12 milyon 500 bin liraya ithal etti\u011fi yeralt\u0131 esnek mekanize tahkimat te\u00e7hizat\u0131, Zonguldak Maden Makinalar\u0131 \u0130malat\u00e7\u0131lar\u0131 Derne\u011fi (MAKZON) \u00f6nc\u00fcl\u00fc\u011f\u00fcnde Mesleki E\u011fitim ve K\u00fc\u00e7\u00fck Sanayii Destekleme Vakf\u0131 (MEKSA) E\u011fitim Merkezi at\u00f6lyelerinde yerli ve milli kaynaklarla \u00fcretildi. 20 g\u00fcn s\u00fcren \u00e7al\u0131\u015fman\u0131n ard\u0131ndan \u00fcretilen te\u00e7hizata &#8220;MAKZON 1&#8221; ismi verildi. Zonguldak Valisi Erdo\u011fan Bekta\u015f ve beraberindekiler MEKSA at\u00f6lyesinde \u00fcretilen te\u00e7hizat\u0131 yerinde inceledi.<\/p>\n<p>Sistemin k\u0131sa s\u00fcrede \u00fcretilmesinin mutluluk verici oldu\u011funu ifade eden Vali Bekta\u015f, &#8220;K\u00fcmelenme dedi\u011fimiz \u015feyin ben do\u011frusu bu i\u015fi yapabilir miyiz kafamda canland\u0131r\u0131yordum ama b\u00f6yle k\u0131sa vadede b\u00f6yle bir \u00fcr\u00fcnle kar\u015f\u0131lanaca\u011f\u0131n\u0131 bilmiyordum. Arkada\u015flara te\u015fekk\u00fcr ediyorum. TTK burada, \u00fcniversite burada, dernek burada ve sanayi burada. Herkes burada el ele veriyor. Bir ucundan tutuyor ve ortaya olumlu sonu\u00e7 \u00e7\u0131k\u0131yor. Biz maden makineleri k\u00fcmelenmesi laf\u0131n\u0131 ederken do\u011frusu muhataplar\u0131m\u0131z amac\u0131m\u0131z\u0131 tam anlayabilmi\u015f de\u011fildi. Zaten bu i\u015f s\u00f6zlerle de anlat\u0131lam\u0131yor. B\u00f6yle g\u00f6r\u00fclmesi gerekiyor. B\u00fct\u00fcn ekip te\u015fekk\u00fcr\u00fc hak ediyor. Ger\u00e7ekten g\u00fczel bir imece oldu. Zonguldak\u2019ta maden makinecili\u011fi sekt\u00f6r\u00fcnde bu yolda al\u0131nacak \u00e7ok i\u015fler var. Bu i\u015flerin bir ba\u015flang\u0131c\u0131 olaca\u011f\u0131n\u0131 umuyoruz&#8221; dedi.<\/p>\n<p>MAKZON Ba\u015fkan\u0131 Murat Uzun ise, &#8220;\u00dclkemizin ithal etti\u011fi bir maden makinesinin \u00fcretimiyle ilgili Zonguldak\u2019ta hen\u00fcz yeni kurulmu\u015f olan MAKZON derne\u011finin \u00fcyeleri taraf\u0131ndan burada ZESOB-MEKSA\u2019n\u0131n \u00fcretim k\u0131sm\u0131nda derne\u011fimizin ve \u00fcniversitemizin organizasyonunda bir s\u00fcreci TTK\u2019n\u0131n \u00f6n\u00fcm\u00fcze koydu\u011fu bir hedef do\u011frultusunda tamamlad\u0131k. \u00c7in\u2019den ithal etti\u011fimiz bir \u00fcr\u00fcn\u00fc tamamen yerli ve milli imkanlarla g\u00fc\u00e7 birli\u011fi yaparak \u00fcrettik, uygulanabilir hale getirdik. Sahada da deneyece\u011fiz. Hedefimiz TTK\u2019n\u0131n \u00f6n\u00fcm\u00fczdeki s\u00fcre\u00e7te alaca\u011f\u0131 yakla\u015f\u0131k 400 metrelik bir alandaki bu milyonlarca lira demek. Bu paran\u0131n \u00c7in\u2019e gitmesini engellemi\u015f olaca\u011f\u0131z. \u00dclkemizde kalmas\u0131n\u0131 sa\u011flayaca\u011f\u0131z. Ciddi anlamda bir ekonomik de\u011fer \u00fcretmek anlam\u0131na geliyor. Hem \u015fehrimizdeki, b\u00f6lgemizdeki hem de \u00fclkemizdeki maden makineleri imalat\u00e7\u0131lar\u0131 pozisyonundaki firmalar\u0131n imkanlar\u0131ndan yararlan\u0131p \u00fcretilmeyen \u00fcr\u00fcnleri \u00fcretmek. Bunu Zonguldak\u2019ta yaparak yak\u0131n s\u00fcre\u00e7te kooperatifle\u015fip tahsis s\u00fcreci devam eden alanda da bir maden makineleri imalat\u00e7\u0131 sanayi b\u00f6lgesi olu\u015fturarak ciddi bir ekonomik de\u011fer \u00fcretmek istiyoruz. Burada hem \u00fclkemizin ve \u015fehrimizin istihdam\u0131na katk\u0131 sa\u011flayaca\u011f\u0131z. Sadece maden makineleri imalat\u0131 olarak d\u00fc\u015f\u00fcnmeyelim. Zonguldak ilinde devam etmekte olan enerji yat\u0131r\u0131mlar\u0131n\u0131 d\u00fc\u015f\u00fcnd\u00fc\u011f\u00fcm\u00fczde \u00e7evremizdeki \u00e7elik k\u00fcmelenmesini de\u011ferlendirdi\u011fimizde bir de Filyos End\u00fcstri B\u00f6lgesi\u2019nde yak\u0131n gelecekte ba\u015flayacak olan faaliyetleri d\u00fc\u015f\u00fcnd\u00fc\u011f\u00fcm\u00fczde Zonguldak\u2019ta makinecilik sekt\u00f6r\u00fcn\u00fcn her anlamda geli\u015fmesi \u00e7ok \u00f6nemli&#8221; diye konu\u015ftu.<\/p>\n","protected":false},"excerpt":{"rendered":"<p>ZONGULDAK&#8217;TA T\u00dcRK\u0130YE TA\u015eK\u00d6M\u00dcR\u00dc KURUMU&#8217;NUN YER\u0130N METRELERCE ALTINDA KULLANDI\u011eI YERALTI ESNEK MEKAN\u0130ZE TAHK\u0130MAT TE\u00c7H\u0130ZATI, YERLL\u0130 VE M\u0130LL\u0130 KAYNAKLARLA KENTTE \u00dcRET\u0130LD\u0130.<\/p>\n","protected":false},"author":1,"featured_media":231060,"comment_status":"closed","ping_status":"open","sticky":false,"template":"","format":"standard","meta":{"jetpack_post_was_ever_published":false,"_jetpack_newsletter_access":"","_jetpack_dont_email_post_to_subs":false,"_jetpack_newsletter_tier_id":0,"_jetpack_memberships_contains_paywalled_content":false,"_jetpack_memberships_contains_paid_content":false,"footnotes":"","jetpack_publicize_message":"","jetpack_publicize_feature_enabled":true,"jetpack_social_post_already_shared":true,"jetpack_social_options":{"image_generator_settings":{"template":"highway","default_image_id":0,"font":"","enabled":false},"version":2}},"categories":[19],"tags":[23014,3670,12186,4540,429,18246,5030,494,18977,2454],"class_list":["post-231059","post","type-post","status-publish","format-standard","has-post-thumbnail","hentry","category-ekonomi","tag-cinden","tag-edilen","tag-ithal","tag-liraya","tag-milli","tag-milyonlarca","tag-olarak","tag-sistem","tag-uretildi","tag-yerli"],"jetpack_publicize_connections":[],"jetpack_featured_media_url":"https:\/\/i0.wp.com\/www.tvturk.com\/wp-content\/uploads\/2019\/11\/cinden-milyonlarca-liraya-ithal-edilen-sistem-yerli-ve-milli-olarak-uretildi_b864598.jpg?fit=1000%2C666","jetpack_sharing_enabled":true,"jetpack_shortlink":"https:\/\/wp.me\/paKIfm-Y6L","_links":{"self":[{"href":"http:\/\/www.tvturk.com\/index.php\/wp-json\/wp\/v2\/posts\/231059","targetHints":{"allow":["GET"]}}],"collection":[{"href":"http:\/\/www.tvturk.com\/index.php\/wp-json\/wp\/v2\/posts"}],"about":[{"href":"http:\/\/www.tvturk.com\/index.php\/wp-json\/wp\/v2\/types\/post"}],"author":[{"embeddable":true,"href":"http:\/\/www.tvturk.com\/index.php\/wp-json\/wp\/v2\/users\/1"}],"replies":[{"embeddable":true,"href":"http:\/\/www.tvturk.com\/index.php\/wp-json\/wp\/v2\/comments?post=231059"}],"version-history":[{"count":0,"href":"http:\/\/www.tvturk.com\/index.php\/wp-json\/wp\/v2\/posts\/231059\/revisions"}],"wp:featuredmedia":[{"embeddable":true,"href":"http:\/\/www.tvturk.com\/index.php\/wp-json\/wp\/v2\/media\/231060"}],"wp:attachment":[{"href":"http:\/\/www.tvturk.com\/index.php\/wp-json\/wp\/v2\/media?parent=231059"}],"wp:term":[{"taxonomy":"category","embeddable":true,"href":"http:\/\/www.tvturk.com\/index.php\/wp-json\/wp\/v2\/categories?post=231059"},{"taxonomy":"post_tag","embeddable":true,"href":"http:\/\/www.tvturk.com\/index.php\/wp-json\/wp\/v2\/tags?post=231059"}],"curies":[{"name":"wp","href":"https:\/\/api.w.org\/{rel}","templated":true}]}}