{"id":231067,"date":"2019-11-21T15:02:27","date_gmt":"2019-11-21T12:02:27","guid":{"rendered":"http:\/\/www.tvturk.com\/index.php\/kazim-karabekir-ve-milli-mucadele-kahramanlari-denizlide-anildi\/"},"modified":"2019-11-21T15:02:27","modified_gmt":"2019-11-21T12:02:27","slug":"kazim-karabekir-ve-milli-mucadele-kahramanlari-denizlide-anildi","status":"publish","type":"post","link":"http:\/\/www.tvturk.com\/index.php\/kazim-karabekir-ve-milli-mucadele-kahramanlari-denizlide-anildi\/","title":{"rendered":"Kaz\u0131m Karabekir ve Milli M\u00fccadele kahramanlar\u0131 Denizli\u2019de an\u0131ld\u0131"},"content":{"rendered":"<p>Denizli B\u00fcy\u00fck\u015fehir Belediyesi, \u0130stiklal Sava\u015f\u0131 kahramanlar\u0131ndan Kaz\u0131m Karabekir\u2019in k\u0131z\u0131 Timsal Karabekir\u2019i a\u011f\u0131rlad\u0131. Kaz\u0131m Karabekir Pa\u015fa ve Milli M\u00fccadele kahramanlar\u0131n\u0131n an\u0131ld\u0131\u011f\u0131 duygu dolu program b\u00fcy\u00fck be\u011feni toplad\u0131.<\/p>\n<p>Denizli B\u00fcy\u00fck\u015fehir Belediyesi Milli M\u00fccadele\u2019nin 100. Y\u0131ld\u00f6n\u00fcm\u00fc etkinlikleri kapsam\u0131nda \u0130stiklal Sava\u015f\u0131 kahramanlar\u0131ndan Kaz\u0131m Karabekir Pa\u015fa\u2019n\u0131n k\u0131z\u0131 Timsal Karabekir\u2019i a\u011f\u0131rlad\u0131. B\u00fcy\u00fck\u015fehir Belediyesi Nihat Zeybekci Kongre ve K\u00fclt\u00fcr Merkezi Fatma Y\u0131ld\u0131z Salonu\u2019nda T\u00fcrk Ocaklar\u0131 Denizli \u015eubesi i\u015fbirli\u011finde ger\u00e7ekle\u015ftirilen &#8220;Milli M\u00fccadelenin 100. Y\u0131ld\u00f6n\u00fcm\u00fc An\u0131s\u0131na Kaz\u0131m Karabekir Pa\u015fa\u2019n\u0131n Milli M\u00fccadele Hat\u0131ralar\u0131&#8221; adl\u0131 programa B\u00fcy\u00fck\u015fehir Belediye Ba\u015fkan\u0131 Osman Zolan, Meclis Ba\u015fkanvekili Ali De\u011firmenci, Genel Sekreter Yard\u0131mc\u0131s\u0131 Mustafa G\u00f6ko\u011flan, T\u00fcrk Ocaklar\u0131 Denizli \u015eubesi Ba\u015fkan\u0131 Prof. Dr. Turgut Tok, Kaz\u0131m Karabekir Pa\u015fa\u2019n\u0131n k\u0131z\u0131 Timsal Karabekir, davetliler ve \u00e7ok say\u0131da vatanda\u015f kat\u0131ld\u0131. T\u00fcrk Ocaklar\u0131 Denizli \u015eubesi Ba\u015fkan\u0131 Prof. Dr. Turgut Tok, Milli M\u00fccadele Kahraman\u0131 Kaz\u0131m Karabekir\u2019in biyografisini davetlilere aktarmas\u0131n\u0131n ard\u0131ndan Kaz\u0131m Karabekir Pa\u015fa\u2019n\u0131n k\u0131z\u0131 Timsal Karabekir, babas\u0131n\u0131n hayat\u0131 ve milli m\u00fccadele d\u00f6nemini foto\u011fraf ve an\u0131larla Denizlililere aktard\u0131.<\/p>\n<p>\u201cDuygu y\u00fckl\u00fc bir ak\u015fam ya\u015fad\u0131k\u201d<\/p>\n<p>Zaman zaman duygu dolu anlar\u0131n ya\u015fand\u0131\u011f\u0131 programda, Kaz\u0131m Karabekir Pa\u015fa\u2019n\u0131n, 15. Kolordu Komutan\u0131 iken Mustafa Kemal Atat\u00fcrk\u2019\u00fcn yan\u0131na gelip kendisi ve kolordu komutanl\u0131\u011f\u0131n\u0131n \u0130stiklal m\u00fccadelesinde T\u00fcrk milletinin yan\u0131nda olduklar\u0131n\u0131 s\u00f6yledi\u011fi anlar\u0131n anlat\u0131m\u0131 olduk\u00e7a dikkat \u00e7ekti. Kaz\u0131m Karabekir Pa\u015fa\u2019n\u0131n k\u0131z\u0131 Timsal Karabekir\u2019in \u00f6zg\u00fcn ve duygulu sunumunun ard\u0131ndan bir konu\u015fma yapan B\u00fcy\u00fck\u015fehir Belediye Ba\u015fkan\u0131 Osman Zolan, programa kat\u0131lan Timsal Karabekir\u2019e te\u015fekk\u00fcr ederek, \u201cDuygu y\u00fckl\u00fc bir ak\u015fam ya\u015fad\u0131k. \u0130yi ki geldiniz, aya\u011f\u0131n\u0131za sa\u011fl\u0131k. Allah\u2019\u0131m sizlerden, baban\u0131zdan ve t\u00fcm \u015fehitlerimizden raz\u0131 olsun.  \u0130n\u015fallah \u00fclkemiz, cumhuriyetimiz ilelebet var olsun\u201d diye konu\u015ftu.<\/p>\n<p>\u201cVatan\u0131m\u0131z\u0131 ve bayra\u011f\u0131m\u0131z\u0131 bize emanet ettiler\u201d<\/p>\n<p>Ba\u015fkan Osman Zolan, etkinli\u011fin \u00f6nemi vurgu yaparak, \u201c\u0130yi ki sizleri g\u00f6rd\u00fck.  De\u011ferlerimizi, Cumhuriyetimizin kurucusu Gazi Mustafa Kemal Atat\u00fcrk\u2019\u00fcm\u00fcz\u00fc, Kaz\u0131m Karabekir b\u00fcy\u00fc\u011f\u00fcm\u00fcz\u00fc, t\u00fcm \u015fehit ve gazilerimizi anma imkan\u0131 bulduk. Ruhlar\u0131 \u015fad olsun. Onlara \u00e7ok \u015fey bor\u00e7luyuz. Onlar vatan\u0131m\u0131z\u0131 ve bayra\u011f\u0131m\u0131z\u0131 bize emanet ettiler. \u0130n\u015fallah biz de onlara lay\u0131k torunlar olabilmek i\u00e7in \u00fclkemizi ve cumhuriyetimizi ilelebet ya\u015fataca\u011f\u0131z. Bunun i\u00e7in gerekti\u011finde her t\u00fcrl\u00fc fedakarl\u0131kta bulunaca\u011f\u0131z\u201d dedi.<\/p>\n<p>Konu\u015fmalar\u0131n ard\u0131ndan Ba\u015fkan Zolan, Kaz\u0131m Karabekir Pa\u015fa\u2019n\u0131n k\u0131z\u0131 Timsal Karabekir ve beraberindekiler g\u00fcn\u00fcn an\u0131s\u0131na hat\u0131ra foto\u011fraf\u0131 \u00e7ektirdi.<\/p>\n","protected":false},"excerpt":{"rendered":"<p>DEN\u0130ZL\u0130 B\u00dcY\u00dcK\u015eEH\u0130R BELED\u0130YES\u0130, \u0130ST\u0130KLAL SAVA\u015eI KAHRAMANLARINDAN KAZIM KARABEK\u0130R&#8217;\u0130N KIZI T\u0130MSAL KARABEK\u0130R\u2019\u0130 A\u011eIRLADI. KAZIM KARABEK\u0130R PA\u015eA VE M\u0130LL\u0130 M\u00dcCADELE KAHRAMANLARININ ANILDI\u011eI DUYGU DOLU PROGRAM B\u00dcY\u00dcK BE\u011eEN\u0130 TOPLADI.<\/p>\n","protected":false},"author":1,"featured_media":231068,"comment_status":"closed","ping_status":"open","sticky":false,"template":"","format":"standard","meta":{"jetpack_post_was_ever_published":false,"_jetpack_newsletter_access":"","_jetpack_dont_email_post_to_subs":false,"_jetpack_newsletter_tier_id":0,"_jetpack_memberships_contains_paywalled_content":false,"_jetpack_memberships_contains_paid_content":false,"footnotes":"","jetpack_publicize_message":"","jetpack_publicize_feature_enabled":true,"jetpack_social_post_already_shared":true,"jetpack_social_options":{"image_generator_settings":{"template":"highway","default_image_id":0,"font":"","enabled":false},"version":2}},"categories":[1],"tags":[241,188,23971,33505,4990,429,888],"class_list":["post-231067","post","type-post","status-publish","format-standard","has-post-thumbnail","hentry","category-genel","tag-anildi","tag-denizlide","tag-kahramanlari","tag-karabekir","tag-kazim","tag-milli","tag-mucadele"],"jetpack_publicize_connections":[],"jetpack_featured_media_url":"https:\/\/i0.wp.com\/www.tvturk.com\/wp-content\/uploads\/2019\/11\/kazim-karabekir-ve-milli-mucadele-kahramanlari-denizlide-anildi_f8317fb.jpg?fit=1000%2C666","jetpack_sharing_enabled":true,"jetpack_shortlink":"https:\/\/wp.me\/paKIfm-Y6T","_links":{"self":[{"href":"http:\/\/www.tvturk.com\/index.php\/wp-json\/wp\/v2\/posts\/231067","targetHints":{"allow":["GET"]}}],"collection":[{"href":"http:\/\/www.tvturk.com\/index.php\/wp-json\/wp\/v2\/posts"}],"about":[{"href":"http:\/\/www.tvturk.com\/index.php\/wp-json\/wp\/v2\/types\/post"}],"author":[{"embeddable":true,"href":"http:\/\/www.tvturk.com\/index.php\/wp-json\/wp\/v2\/users\/1"}],"replies":[{"embeddable":true,"href":"http:\/\/www.tvturk.com\/index.php\/wp-json\/wp\/v2\/comments?post=231067"}],"version-history":[{"count":0,"href":"http:\/\/www.tvturk.com\/index.php\/wp-json\/wp\/v2\/posts\/231067\/revisions"}],"wp:featuredmedia":[{"embeddable":true,"href":"http:\/\/www.tvturk.com\/index.php\/wp-json\/wp\/v2\/media\/231068"}],"wp:attachment":[{"href":"http:\/\/www.tvturk.com\/index.php\/wp-json\/wp\/v2\/media?parent=231067"}],"wp:term":[{"taxonomy":"category","embeddable":true,"href":"http:\/\/www.tvturk.com\/index.php\/wp-json\/wp\/v2\/categories?post=231067"},{"taxonomy":"post_tag","embeddable":true,"href":"http:\/\/www.tvturk.com\/index.php\/wp-json\/wp\/v2\/tags?post=231067"}],"curies":[{"name":"wp","href":"https:\/\/api.w.org\/{rel}","templated":true}]}}