{"id":231101,"date":"2019-11-21T15:33:02","date_gmt":"2019-11-21T12:33:02","guid":{"rendered":"http:\/\/www.tvturk.com\/index.php\/bulent-uygun-var-gucumuzle-bulundugumuz-yerden-ayaga-kalkacagiz\/"},"modified":"2019-11-21T15:33:02","modified_gmt":"2019-11-21T12:33:02","slug":"bulent-uygun-var-gucumuzle-bulundugumuz-yerden-ayaga-kalkacagiz","status":"publish","type":"post","link":"http:\/\/www.tvturk.com\/index.php\/bulent-uygun-var-gucumuzle-bulundugumuz-yerden-ayaga-kalkacagiz\/","title":{"rendered":"B\u00fclent Uygun: &#8220;Var g\u00fcc\u00fcm\u00fczle bulundu\u011fumuz yerden aya\u011fa kalkaca\u011f\u0131z&#8221;"},"content":{"rendered":"<p>S\u00fcper Lig\u2019in 12. haftas\u0131nda D.G. Sivasspor ile kar\u015f\u0131la\u015facak olan \u0130stikbal Mobilya Kayserispor\u2019da ma\u00e7\u0131n haz\u0131rl\u0131klar\u0131 t\u00fcm h\u0131z\u0131yla devam ediyor. Teknik Direkt\u00f6r B\u00fclent Uygun, &#8220;\u0130ki karde\u015f \u015fehrin derbisinde kazanan taraf olmak istiyoruz. Var g\u00fcc\u00fcm\u00fczle bulundu\u011fumuz yerden aya\u011fa kalkaca\u011f\u0131z&#8221; dedi.<\/p>\n<p>Hafta sonu Sivasspor\u2019u konuk edecek olan \u0130stikbal Mobilya Kayserispor\u2019da ma\u00e7\u0131n haz\u0131rl\u0131klar\u0131 aral\u0131ks\u0131z devam ediyor. Teknik Direkt\u00f6r B\u00fclent Uygun y\u00f6netiminde, kul\u00fcp tesislerinde toplanan oyuncular, kondisyon ve topla birlikte \u00e7al\u0131\u015ft\u0131. Bas\u0131n mensuplar\u0131na a\u00e7\u0131klamalarda bulunan Teknik Direkt\u00f6r B\u00fclent Uygun, milli ma\u00e7 aras\u0131n\u0131 en iyi \u015fekilde de\u011ferlendirmeye \u00e7al\u0131\u015ft\u0131klar\u0131n\u0131 ifade ederek, bulunduklar\u0131 yerden aya\u011fa kalkacaklar\u0131n\u0131 s\u00f6yledi.<\/p>\n<p>&#8220;Hep beraber ba\u015faraca\u011f\u0131z&#8221;<\/p>\n<p>Uygun, milli ma\u00e7 aras\u0131n\u0131 en iyi \u015fekilde de\u011ferlendirmeye \u00e7al\u0131\u015ft\u0131klar\u0131n\u0131 dile getirerek, &#8220;Baz\u0131 sakatlar\u0131m\u0131z, problemlerimiz var. Eskiden gelen problemler devam etmekle birlikte y\u00f6netim kurulumuz kongre karar\u0131 ald\u0131. Bununla ilgili de belli s\u0131k\u0131nt\u0131lar\u0131 ya\u015f\u0131yoruz ama futbolcu karde\u015flerimin hepsiyle g\u00f6r\u00fc\u015f\u00fcyorum. Kayserispor camias\u0131n\u0131n \u015ferefli formas\u0131 bize emanet edilmi\u015f durumda. O formaya yak\u0131\u015f\u0131r, o forman\u0131n iste\u011fi ve arzusu do\u011frultusunda sahada m\u00fccadele edebilecek arkada\u015flar\u0131m\u0131zla var g\u00fcc\u00fcm\u00fczle bulundu\u011fumuz yerden aya\u011fa kalkaca\u011f\u0131z. Hep beraber ba\u015faraca\u011f\u0131z. Bunda da taraftar\u0131m\u0131z\u0131n b\u00fcy\u00fck eme\u011fi olacak. Belediye ba\u015fkan\u0131m\u0131z her seferinde arayarak bizimle beraber oldu\u011funu dile getiriyor, Bakan\u0131m\u0131z \u00d6zhaseki Bey de yan\u0131m\u0131zda oldu\u011funu s\u00f6yl\u00fcyor. Bu g\u00fcven ve destek ortam\u0131nda \u00e7ok zorlu \u015fartlardan ge\u00e7sek bile inanarak isteyerek, arzu ve co\u015fkuyla sahada olup b\u00fct\u00fcn ilk yar\u0131 boyunca kar\u015f\u0131l\u0131\u011f\u0131n\u0131 verece\u011fiz in\u015fallah&#8221; dedi.<\/p>\n<p>&#8220;Kazanan taraf olmak istiyoruz&#8221;<\/p>\n<p>Sivasspor\u2019un \u00e7ok iyi bir tak\u0131m oldu\u011funu ancak kazanan taraf olmak istediklerini vurgulayan Uygun, &#8220;Lider Sivasspor, son zamanlarda \u00e7ok iyi futbol oynayan, \u00f6zellikle 70 ile 90 aras\u0131nda bir\u00e7ok gol\u00fcn\u00fc bulmas\u0131 fizik ve kondisyon y\u00f6n\u00fcnden \u00e7ok iyi olduklar\u0131n\u0131 g\u00f6sterir. Hak ederek buraya kadar geldiler, iyi bir kadro. Uzun zamandan beri ekonomik olarak hi\u00e7 borcu olmayan, T\u00fcrkiye\u2019de benim oraya geldi\u011fimde kayyumdan ald\u0131\u011f\u0131m\u0131z bir tak\u0131m\u0131n bug\u00fcn bulundu\u011fu ortam itibariyle borcu olmayan, \u00e7ok do\u011fru y\u00f6netilen ve bununla birlikte her sene istedi\u011fi ba\u015far\u0131y\u0131 elde eden bir camiay\u0131 biliyoruz. Ezeli dost, ezeli rakip olarak d\u00fc\u015f\u00fcn\u00fcyoruz. Baz\u0131 insanlar ba\u015fka t\u00fcrl\u00fc d\u00fc\u015f\u00fcnebilirler ama biz iki karde\u015f \u015fehrin derbisinde kazanan taraf olmak istiyoruz. Buna \u00e7ok ihtiyac\u0131m\u0131z var. Zor ma\u00e7\u0131 biliyoruz, taraftar\u0131n deste\u011fiyle Allah\u2019\u0131n izniyle kazanan taraf olmak istiyoruz&#8221; ifadelerini kulland\u0131.<\/p>\n<p>&#8220;Emre Demir\u2019i d\u00fcnya kul\u00fcpleri takip ediyor&#8221;<\/p>\n<p>S\u00fcper Lig\u2019de gol atan en gen\u00e7 futbolcu unvan\u0131na sahip olan 15 ya\u015f\u0131ndaki Emre Demir\u2019in ad\u0131n\u0131n \u0130spanyol kul\u00fcb\u00fc Sevilla ile an\u0131lmas\u0131na de\u011finen Uygun, &#8220;Ge\u00e7enlerde duymu\u015ftum, sormu\u015flard\u0131 bana \u2018Emre Demir ile kaleciyi Sevilla istiyor\u2019 diye. Ben de \u2018daha iyi tak\u0131mlar istiyor\u2019 diye s\u00f6yledim. Barcelona, Real Madir, Chelsea, hepsi takip ediyor. Onlar T\u00fcrkiye gibi de\u011fil, d\u00fcnyan\u0131n her taraf\u0131nda yetenekli \u00e7ocuklar\u0131 takip ederler. Emre de bug\u00fcn ya\u015f grubu aras\u0131nda 40 milli ma\u00e7ta 40 gol atm\u0131\u015f T\u00fcrkiye\u2019nin en yetenekli, kaliteli en \u00f6nemli oyuncular\u0131ndan bir tanesi. O y\u00fczden b\u00fct\u00fcn d\u00fcnya kul\u00fcpleri onu takip ediyor. Biz de geli\u015fmesi i\u00e7in u\u011fra\u015f\u0131yoruz. Yabanc\u0131 dil e\u011fitmeni getirece\u011fiz, dil kurslar\u0131 verece\u011fiz. Hepsini Kayserisporumuz i\u00e7in ba\u015farmaya \u00e7al\u0131\u015faca\u011f\u0131z. B\u00fct\u00fcn her \u015fey Kayserisporumuzun ba\u015fkan\u0131ndad\u0131r, ba\u015fkan\u0131m\u0131z o futbolcular hakk\u0131nda karar vericidir. Biz de Kayserisporun menfaati i\u00e7in elimizden geleni yapar\u0131z. Takdir de y\u00f6netim kurulunun olur&#8221; diye konu\u015ftu.<\/p>\n<p>&#8220;Mehmet Ekici kaliteli bir futbolcu&#8221;<\/p>\n<p>Son g\u00fcnlerde tak\u0131mla ad\u0131 an\u0131lan Mehmet Ekici\u2019nin kaliteli bir futbolcu oldu\u011funu ifade eden \u0130stikbal Mobilya Kayserispor Teknik Direkt\u00f6r\u00fc B\u00fclent Uygun, &#8220;Hi\u00e7bir futbolcu ile ilgili esas\u0131nda bir \u00e7al\u0131\u015fmam\u0131z yok. Sebebine gelince \u00f6ncelikle bir y\u00f6netimimizin olu\u015fmas\u0131 laz\u0131m. Y\u00f6netim kurulunun kongresi var. Y\u00f6netim olu\u015facak, tabi ki i\u00e7 problemlerimizi \u00e7\u00f6zece\u011fiz. Akabinde de oturup devre aras\u0131nda tak\u0131m\u0131m\u0131za yapabilece\u011fimiz takviyeleri g\u00f6r\u00fc\u015ft\u00fckten sonra karar veririz. Mehmet Ekici kaliteli bir futbolcudur, devre aras\u0131 gelsin, kim ne oluyor bir g\u00f6relim. Ondan sonra da ne yapabiliriz, y\u00f6netimle karar verip takviye yapabilirsek yapaca\u011f\u0131z, yapamazsak bu karde\u015flerimizle yolumuza devam edece\u011fiz&#8221; a\u00e7\u0131klamas\u0131n\u0131 yapt\u0131.<\/p>\n","protected":false},"excerpt":{"rendered":"<p>MA\u00c7 \u00d6NCES\u0130 A\u00c7IKLAMALARDA BULUNAN TEKN\u0130K D\u0130REKT\u00d6R B\u00dcLENT UYGUN; &#8220;\u0130K\u0130 KARDE\u015e \u015eEHR\u0130N DERB\u0130S\u0130NDE KAZANAN TARAF OLMAK \u0130ST\u0130YORUZ&#8221; DED\u0130.<\/p>\n","protected":false},"author":1,"featured_media":231102,"comment_status":"closed","ping_status":"open","sticky":false,"template":"","format":"standard","meta":{"jetpack_post_was_ever_published":false,"_jetpack_newsletter_access":"","_jetpack_dont_email_post_to_subs":false,"_jetpack_newsletter_tier_id":0,"_jetpack_memberships_contains_paywalled_content":false,"_jetpack_memberships_contains_paid_content":false,"footnotes":"","jetpack_publicize_message":"","jetpack_publicize_feature_enabled":true,"jetpack_social_post_already_shared":true,"jetpack_social_options":{"image_generator_settings":{"template":"highway","default_image_id":0,"font":"","enabled":false},"version":2}},"categories":[657],"tags":[12845,4663,2193,36336,58208,13728,181,8891],"class_list":["post-231101","post","type-post","status-publish","format-standard","has-post-thumbnail","hentry","category-spor","tag-bulundugumuz","tag-ayaga","tag-bulent","tag-gucumuzle","tag-kalkacagiz","tag-uygun","tag-var","tag-yerden"],"jetpack_publicize_connections":[],"jetpack_featured_media_url":"https:\/\/i0.wp.com\/www.tvturk.com\/wp-content\/uploads\/2019\/11\/bulent-uygun-var-gucumuzle-bulundugumuz-yerden-ayaga-kalkacagiz_bcd5962.jpg?fit=1000%2C787","jetpack_sharing_enabled":true,"jetpack_shortlink":"https:\/\/wp.me\/paKIfm-Y7r","_links":{"self":[{"href":"http:\/\/www.tvturk.com\/index.php\/wp-json\/wp\/v2\/posts\/231101","targetHints":{"allow":["GET"]}}],"collection":[{"href":"http:\/\/www.tvturk.com\/index.php\/wp-json\/wp\/v2\/posts"}],"about":[{"href":"http:\/\/www.tvturk.com\/index.php\/wp-json\/wp\/v2\/types\/post"}],"author":[{"embeddable":true,"href":"http:\/\/www.tvturk.com\/index.php\/wp-json\/wp\/v2\/users\/1"}],"replies":[{"embeddable":true,"href":"http:\/\/www.tvturk.com\/index.php\/wp-json\/wp\/v2\/comments?post=231101"}],"version-history":[{"count":0,"href":"http:\/\/www.tvturk.com\/index.php\/wp-json\/wp\/v2\/posts\/231101\/revisions"}],"wp:featuredmedia":[{"embeddable":true,"href":"http:\/\/www.tvturk.com\/index.php\/wp-json\/wp\/v2\/media\/231102"}],"wp:attachment":[{"href":"http:\/\/www.tvturk.com\/index.php\/wp-json\/wp\/v2\/media?parent=231101"}],"wp:term":[{"taxonomy":"category","embeddable":true,"href":"http:\/\/www.tvturk.com\/index.php\/wp-json\/wp\/v2\/categories?post=231101"},{"taxonomy":"post_tag","embeddable":true,"href":"http:\/\/www.tvturk.com\/index.php\/wp-json\/wp\/v2\/tags?post=231101"}],"curies":[{"name":"wp","href":"https:\/\/api.w.org\/{rel}","templated":true}]}}