{"id":231117,"date":"2019-11-21T16:03:21","date_gmt":"2019-11-21T13:03:21","guid":{"rendered":"http:\/\/www.tvturk.com\/index.php\/ugurcan-cakir-sampiyon-olmak-istiyoruz\/"},"modified":"2019-11-21T16:03:21","modified_gmt":"2019-11-21T13:03:21","slug":"ugurcan-cakir-sampiyon-olmak-istiyoruz","status":"publish","type":"post","link":"http:\/\/www.tvturk.com\/index.php\/ugurcan-cakir-sampiyon-olmak-istiyoruz\/","title":{"rendered":"U\u011furcan \u00c7ak\u0131r: &#8220;\u015eampiyon olmak istiyoruz\u201d"},"content":{"rendered":"<p>Trabzonspor\u2019un gen\u00e7 kalecisi U\u011furcan \u00c7ak\u0131r, tak\u0131mda \u00e7ok iyi bir arkada\u015fl\u0131k ortam\u0131 oldu\u011funu ifade ederek, &#8220;Her ma\u00e7\u0131 kazan\u0131p \u015fampiyon olmak istiyoruz&#8221; dedi. \u00c7ak\u0131r, transfer iddialar\u0131yla ilgili olarak ise, \u015fu anda \u00f6yle bir \u015fey olmad\u0131\u011f\u0131n\u0131 ve Trabzonspor\u2019un ba\u015far\u0131s\u0131na odakland\u0131\u011f\u0131n\u0131 s\u00f6yledi.<\/p>\n<p>Trabzonspor\u2019un gen\u00e7 file bek\u00e7isi U\u011furcan \u00c7ak\u0131r, Uluslararas\u0131 Futbol Ekonomi Formu\u2019na kat\u0131ld\u0131. \u00c7ak\u0131r, panelin ard\u0131ndan bas\u0131n mensuplar\u0131na a\u00e7\u0131klamalarda bulundu. 23 ya\u015f\u0131ndaki kaleci, kendisini geli\u015ftirmesi gerekti\u011fini ifade ederek, &#8220;Bu g\u00fczel organizasyonda bana yer verdikleri i\u00e7in mutlu oldum. \u00c7ok \u00e7al\u0131\u015farak iyi performans sergilemeye \u00e7al\u0131\u015f\u0131yorum. Tak\u0131m\u0131ma ve mili tak\u0131ma yard\u0131mc\u0131 olmaya \u00e7al\u0131\u015f\u0131yorum. \u0130n\u015fallah b\u00f6yle devam eder. Kendimi geli\u015ftirmem laz\u0131m. \u00c7al\u0131\u015farak bunu yapabilirim&#8221; \u015feklinde konu\u015ftu.<\/p>\n<p>&#8220;EURO 2020\u2019de ba\u015far\u0131l\u0131 olaca\u011f\u0131m\u0131za inan\u0131yorum&#8221;<\/p>\n<p>2020 UEFA Avrupa Futbol \u015eampiyonas\u0131 Elemeleri\u2019nde Andorra kar\u015f\u0131s\u0131nda forma giyen milli futbolcu, \u015fampiyona ile ilgili y\u00f6neltilen soruya ise \u015fu yan\u0131t\u0131 verdi:<\/p>\n<p>&#8220;\u015eu an bile bunlar\u0131 s\u00f6ylerken t\u00fcylerim diken diken oldu. Her T\u00fcrk futbolcusunun istedi\u011fi bir \u015feydir. Ben de ger\u00e7ekten \u00e7ok mutluyum. \u0130n\u015fallah forma \u015fans\u0131 gelir, gelmezse de trib\u00fcnden veya kul\u00fcbeden arkada\u015flar\u0131m\u0131 desteklemek isterim. Orada olmak bile t\u00fcylerimi diken diken ediyor. \u00dclkemize g\u00fczel ba\u015far\u0131lar ya\u015fatt\u0131k. Bu burada bitmedi. Orada da ba\u015far\u0131l\u0131 olaca\u011f\u0131m\u0131za inan\u0131yorum.&#8221;<\/p>\n<p>&#8220;Her ma\u00e7\u0131 kazan\u0131p \u015fampiyon olmak istiyoruz\u201d<\/p>\n<p>S\u00fcper Lig\u2019in 12. haftas\u0131nda deplasmanda kar\u015f\u0131la\u015facaklar\u0131 MKE Ankarag\u00fcc\u00fc m\u00fccadelesini de de\u011ferlendiren gen\u00e7 kaleci, &#8220;Bizim i\u00e7in bu ma\u00e7 \u00e7ok \u00f6nemli. Ben cezal\u0131y\u0131m Erce karde\u015fim oynuyor. Ona da ba\u015far\u0131lar diliyorum. Oynayaca\u011f\u0131 belli de\u011fil ama \u00f6yle g\u00f6z\u00fck\u00fcyor. \u00c7ok iyi bir arkada\u015fl\u0131\u011f\u0131m\u0131z ve \u00e7\u0131k\u0131\u015f\u0131m\u0131z var, \u00e7ok mutluyuz. Her ma\u00e7a bak\u0131p kazan\u0131p, in\u015fallah \u015fampiyon olmak istiyoruz&#8221; a\u00e7\u0131klamas\u0131n\u0131 yapt\u0131.<\/p>\n<p>&#8220;Trabzonspor\u2019un ba\u015far\u0131s\u0131na odakland\u0131m&#8221;<\/p>\n<p>U\u011furcan \u00c7ak\u0131r, isminin Premier Lig ekiplerinden Liverpool ile an\u0131lmas\u0131 ile ilgili sorulan soruya ise, &#8220;Benim \u00f6z g\u00fcvenimi artt\u0131r\u0131yor diyebilirim. Bunlara \u00e7ok bakm\u0131yorum. Haberlerde g\u00f6rd\u00fc\u011f\u00fcm kadar\u0131ylay\u0131m. Futboluma yans\u0131d\u0131\u011f\u0131n\u0131 d\u00fc\u015f\u00fcn\u00fcyorum. Kendimi motive ediyorum. \u015eu an g\u00fcndemimde de yok. Trabzonspor\u2019un ba\u015far\u0131s\u0131na odakland\u0131m&#8221; diye cevap verdi.<\/p>\n","protected":false},"excerpt":{"rendered":"<p>TRABZONSPOR\u2019UN GEN\u00c7 F\u0130LE BEK\u00c7\u0130S\u0130 U\u011eURCAN \u00c7AKIR, ULUSLARARASI FUTBOL EKONOM\u0130 FORMU\u2019NA KATILDI. \u00c7AKIR, PANEL\u0130N ARDINDAN BASIN MENSUPLARINA A\u00c7IKLAMALARDA BULUNDU.<\/p>\n","protected":false},"author":1,"featured_media":231118,"comment_status":"closed","ping_status":"open","sticky":false,"template":"","format":"standard","meta":{"jetpack_post_was_ever_published":false,"_jetpack_newsletter_access":"","_jetpack_dont_email_post_to_subs":false,"_jetpack_newsletter_tier_id":0,"_jetpack_memberships_contains_paywalled_content":false,"_jetpack_memberships_contains_paid_content":false,"footnotes":"","jetpack_publicize_message":"","jetpack_publicize_feature_enabled":true,"jetpack_social_post_already_shared":true,"jetpack_social_options":{"image_generator_settings":{"template":"highway","default_image_id":0,"font":"","enabled":false},"version":2}},"categories":[657],"tags":[368,2674,1364,2024,26033],"class_list":["post-231117","post","type-post","status-publish","format-standard","has-post-thumbnail","hentry","category-spor","tag-cakir","tag-istiyoruz","tag-olmak","tag-sampiyon","tag-ugurcan"],"jetpack_publicize_connections":[],"jetpack_featured_media_url":"https:\/\/i0.wp.com\/www.tvturk.com\/wp-content\/uploads\/2019\/11\/ugurcan-cakir-sampiyon-olmak-istiyoruz_38f8dc0.jpg?fit=1000%2C841","jetpack_sharing_enabled":true,"jetpack_shortlink":"https:\/\/wp.me\/paKIfm-Y7H","_links":{"self":[{"href":"http:\/\/www.tvturk.com\/index.php\/wp-json\/wp\/v2\/posts\/231117","targetHints":{"allow":["GET"]}}],"collection":[{"href":"http:\/\/www.tvturk.com\/index.php\/wp-json\/wp\/v2\/posts"}],"about":[{"href":"http:\/\/www.tvturk.com\/index.php\/wp-json\/wp\/v2\/types\/post"}],"author":[{"embeddable":true,"href":"http:\/\/www.tvturk.com\/index.php\/wp-json\/wp\/v2\/users\/1"}],"replies":[{"embeddable":true,"href":"http:\/\/www.tvturk.com\/index.php\/wp-json\/wp\/v2\/comments?post=231117"}],"version-history":[{"count":0,"href":"http:\/\/www.tvturk.com\/index.php\/wp-json\/wp\/v2\/posts\/231117\/revisions"}],"wp:featuredmedia":[{"embeddable":true,"href":"http:\/\/www.tvturk.com\/index.php\/wp-json\/wp\/v2\/media\/231118"}],"wp:attachment":[{"href":"http:\/\/www.tvturk.com\/index.php\/wp-json\/wp\/v2\/media?parent=231117"}],"wp:term":[{"taxonomy":"category","embeddable":true,"href":"http:\/\/www.tvturk.com\/index.php\/wp-json\/wp\/v2\/categories?post=231117"},{"taxonomy":"post_tag","embeddable":true,"href":"http:\/\/www.tvturk.com\/index.php\/wp-json\/wp\/v2\/tags?post=231117"}],"curies":[{"name":"wp","href":"https:\/\/api.w.org\/{rel}","templated":true}]}}