{"id":231119,"date":"2019-11-21T16:03:26","date_gmt":"2019-11-21T13:03:26","guid":{"rendered":"http:\/\/www.tvturk.com\/index.php\/ust-klasman-hakem-yardimci-hakem-ve-gozlemci-semineri-yapildi\/"},"modified":"2019-11-21T16:03:26","modified_gmt":"2019-11-21T13:03:26","slug":"ust-klasman-hakem-yardimci-hakem-ve-gozlemci-semineri-yapildi","status":"publish","type":"post","link":"http:\/\/www.tvturk.com\/index.php\/ust-klasman-hakem-yardimci-hakem-ve-gozlemci-semineri-yapildi\/","title":{"rendered":"\u00dcst Klasman Hakem, Yard\u0131mc\u0131 Hakem ve G\u00f6zlemci Semineri yap\u0131ld\u0131"},"content":{"rendered":"<p>Merkez Hakem Kurulu \u00dcst Klasman Hakem, Yard\u0131mc\u0131 Hakem ve G\u00f6zlemci Semineri, 19-20 Kas\u0131m tarihlerinde MHK Ba\u015fkan\u0131 Zekeriya Alp, MHK \u00fcyeleri, MHK E\u011fitim Dan\u0131\u015fman\u0131 Jaap Uilenberg ve Yard\u0131mc\u0131 Hakem E\u011fitimcisi Giovanni Stevanato\u2019nun kat\u0131l\u0131m\u0131yla ger\u00e7ekle\u015fti.<\/p>\n<p>Merkez Hakem Kurulu \u00dcst Klasman Hakem, Yard\u0131mc\u0131 Hakem ve G\u00f6zlemci Semineri, MHK Ba\u015fkan\u0131 Zekeriya Alp, MHK \u00fcyeleri, MHK E\u011fitim Dan\u0131\u015fman\u0131 Jaap Uilenberg ve Yard\u0131mc\u0131 Hakem E\u011fitimcisi Giovanni Stevanato\u2019nun kat\u0131l\u0131mlar\u0131 ile yap\u0131ld\u0131.<\/p>\n<p>MHK Ba\u015fkan\u0131 Zekeriya Alp, Ba\u015fkan Vekili O\u011fuz Sarvan ve PM\u0130K \u00dcyesi \u00dcnsal \u00c7imen, hakemlerle birebir g\u00f6r\u00fc\u015fmeler ger\u00e7ekle\u015ftirip, bireysel performanslar\u0131n artmas\u0131 ile ilgili g\u00f6r\u00fc\u015f al\u0131\u015fveri\u015finde bulundu.<\/p>\n<p>Seminerlerde \u00f6ne \u00e7\u0131kan mesajlar \u015f\u00f6yle:<\/p>\n<p>1. VAR m\u00fcdahale \u00e7izgisi<\/p>\n<p>&#8220;Son haftalarda en \u00e7ok tart\u0131\u015f\u0131lan pozisyonlar \u00dcst Klasman Hakemleri taraf\u0131ndan \u00c7al\u0131\u015fma Gruplar\u0131 uygulanarak analiz edildi. Video Yard\u0131mc\u0131 Hakemlerin ne zaman m\u00fcdahil olmas\u0131, ne zaman olmamas\u0131 gerekti\u011fi tart\u0131\u015f\u0131ld\u0131, do\u011fru ve yanl\u0131\u015f \u00f6rnekler g\u00f6sterildi. VAR Protokol\u00fcnde de belirtilen Y\u00fcksek M\u00fcdahale \u00c7izgisine ba\u011fl\u0131 kal\u0131nmas\u0131 gereklili\u011fi vurguland\u0131.&#8221;<\/p>\n<p>2. Oyuncular\u0131n sa\u011fl\u0131\u011f\u0131<\/p>\n<p>&#8220;S\u00fcper Lig ve 1. Lig\u2019de oynanan ma\u00e7larda tansiyonun \u00e7ok fazla oldu\u011fu ve rakiplerin sa\u011fl\u0131\u011f\u0131n\u0131 tehlikeye atan h\u0131z, \u015fiddet ve gaddarl\u0131k i\u00e7eren hareketlerin artt\u0131\u011f\u0131 g\u00f6zlemlenmi\u015ftir. Bu tip hareketlere kar\u015f\u0131 hakemlerin daha ciddi \u00f6nlemler almas\u0131 istendi. \u00d6zellikle hareketlerde temas noktas\u0131na dikkat edilmesi; temas noktas\u0131 rakibin ayakkab\u0131s\u0131n\u0131n daha yukar\u0131s\u0131nda olan ve h\u0131z, \u015fiddet ve gaddarl\u0131k i\u00e7eren hareketlerin K\u0131rm\u0131z\u0131 Kart ile cezaland\u0131r\u0131lmas\u0131 istendi. Hakemler bu tip pozisyonlar\u0131 ka\u00e7\u0131rd\u0131klar\u0131nda, Video Yard\u0131mc\u0131 Hakemlerin kesinlikle m\u00fcdahil olmas\u0131 gerekti\u011finin alt\u0131 \u00e7izildi.&#8221;<\/p>\n<p>3. Aya\u011fa basma ve sar\u0131 kart uygulamas\u0131<\/p>\n<p>&#8220;Aya\u011fa basma pozisyonlar\u0131 Oyun Kurallar\u0131na g\u00f6re Kontrols\u00fcz Hareket olarak de\u011ferlendirilir ve Sar\u0131 Kart ile cezaland\u0131r\u0131l\u0131r. Ancak bu pozisyonlar\u0131n ikiye ayr\u0131larak daha do\u011fru yorumlanmas\u0131 i\u00e7in \u00e7al\u0131\u015fmalar yap\u0131ld\u0131;<\/p>\n<p>a. Ge\u00e7 m\u00fcdahale ile yap\u0131lan aya\u011fa basmalar: Bu tip hareketler her zaman Sar\u0131 Kart ile cezaland\u0131r\u0131lmal\u0131d\u0131r. Oyuncu zamanlama hatas\u0131 ile kontrols\u00fcz bir hareket yapm\u0131\u015ft\u0131r.<\/p>\n<p>b. Topla oynad\u0131ktan sonra yap\u0131lan aya\u011fa basmalar: Bu tip hareketlere biraz daha farkl\u0131 yakla\u015fmak gerekir. Oyuncu topla oynad\u0131ktan sonra aya\u011f\u0131n\u0131 yere koyarken istemsiz bir aya\u011fa basma yaparsa, Sar\u0131 Kartla cezaland\u0131r\u0131lmas\u0131na gerek yoktur.&#8221;<\/p>\n<p>4. Videotest ve geri bildirimi<\/p>\n<p>&#8220;Hakemlere, Yard\u0131mc\u0131 Hakemlere ve G\u00f6zlemcilere son haftalarda ya\u015fan\u0131lan 20 pozisyon ile haz\u0131rlanan Videotest uyguland\u0131. Videotestin geri bildiriminde ise de\u011fi\u015fik pozisyonlarda standart kararlar\u0131n artmas\u0131 i\u00e7in \u00f6nemli hat\u0131rlatmalar yap\u0131ld\u0131.&#8221;<\/p>\n","protected":false},"excerpt":{"rendered":"<p>MERKEZ HAKEM KURULU \u00dcST KLASMAN HAKEM, YARDIMCI HAKEM VE G\u00d6ZLEMC\u0130 SEM\u0130NER\u0130, 19-20 KASIM TAR\u0130HLER\u0130NDE MHK BA\u015eKANI ZEKER\u0130YA ALP, MHK \u00dcYELER\u0130, MHK E\u011e\u0130T\u0130M DANI\u015eMANI JAAP U\u0130LENBERG VE YARDIMCI HAKEM E\u011e\u0130T\u0130MC\u0130S\u0130 G\u0130OVANN\u0130 STEVANATO&#8217;NUN KATILIMIYLA GER\u00c7EKLE\u015eT\u0130.<\/p>\n","protected":false},"author":1,"featured_media":231120,"comment_status":"closed","ping_status":"open","sticky":false,"template":"","format":"standard","meta":{"jetpack_post_was_ever_published":false,"_jetpack_newsletter_access":"","_jetpack_dont_email_post_to_subs":false,"_jetpack_newsletter_tier_id":0,"_jetpack_memberships_contains_paywalled_content":false,"_jetpack_memberships_contains_paid_content":false,"footnotes":"","jetpack_publicize_message":"","jetpack_publicize_feature_enabled":true,"jetpack_social_post_already_shared":true,"jetpack_social_options":{"image_generator_settings":{"template":"highway","default_image_id":0,"font":"","enabled":false},"version":2}},"categories":[657],"tags":[6943,1151,27619,895,2320,117,15184],"class_list":["post-231119","post","type-post","status-publish","format-standard","has-post-thumbnail","hentry","category-spor","tag-gozlemci","tag-hakem","tag-klasman","tag-semineri","tag-ust","tag-yapildi","tag-yardimci"],"jetpack_publicize_connections":[],"jetpack_featured_media_url":"https:\/\/i0.wp.com\/www.tvturk.com\/wp-content\/uploads\/2019\/11\/ust-klasman-hakem-yardimci-hakem-ve-gozlemci-semineri-yapildi_b4bb284.jpg?fit=1000%2C750","jetpack_sharing_enabled":true,"jetpack_shortlink":"https:\/\/wp.me\/paKIfm-Y7J","_links":{"self":[{"href":"http:\/\/www.tvturk.com\/index.php\/wp-json\/wp\/v2\/posts\/231119","targetHints":{"allow":["GET"]}}],"collection":[{"href":"http:\/\/www.tvturk.com\/index.php\/wp-json\/wp\/v2\/posts"}],"about":[{"href":"http:\/\/www.tvturk.com\/index.php\/wp-json\/wp\/v2\/types\/post"}],"author":[{"embeddable":true,"href":"http:\/\/www.tvturk.com\/index.php\/wp-json\/wp\/v2\/users\/1"}],"replies":[{"embeddable":true,"href":"http:\/\/www.tvturk.com\/index.php\/wp-json\/wp\/v2\/comments?post=231119"}],"version-history":[{"count":0,"href":"http:\/\/www.tvturk.com\/index.php\/wp-json\/wp\/v2\/posts\/231119\/revisions"}],"wp:featuredmedia":[{"embeddable":true,"href":"http:\/\/www.tvturk.com\/index.php\/wp-json\/wp\/v2\/media\/231120"}],"wp:attachment":[{"href":"http:\/\/www.tvturk.com\/index.php\/wp-json\/wp\/v2\/media?parent=231119"}],"wp:term":[{"taxonomy":"category","embeddable":true,"href":"http:\/\/www.tvturk.com\/index.php\/wp-json\/wp\/v2\/categories?post=231119"},{"taxonomy":"post_tag","embeddable":true,"href":"http:\/\/www.tvturk.com\/index.php\/wp-json\/wp\/v2\/tags?post=231119"}],"curies":[{"name":"wp","href":"https:\/\/api.w.org\/{rel}","templated":true}]}}