{"id":231167,"date":"2019-11-21T18:02:30","date_gmt":"2019-11-21T15:02:30","guid":{"rendered":"http:\/\/www.tvturk.com\/index.php\/beyin-kanamasi-geciren-polis-hayata-tutunamadi\/"},"modified":"2019-11-21T18:02:30","modified_gmt":"2019-11-21T15:02:30","slug":"beyin-kanamasi-geciren-polis-hayata-tutunamadi","status":"publish","type":"post","link":"http:\/\/www.tvturk.com\/index.php\/beyin-kanamasi-geciren-polis-hayata-tutunamadi\/","title":{"rendered":"Beyin kanamas\u0131 ge\u00e7iren polis hayata tutunamad\u0131"},"content":{"rendered":"<p>Manisa\u2019n\u0131n Salihli il\u00e7esinde 2.5 ay \u00f6nce beyin kanamas\u0131 ge\u00e7iren polis memuru \u00d6zg\u00fcr Korkmaz (45) tedavi g\u00f6rd\u00fc\u011f\u00fc hastanede hayat\u0131n\u0131 kaybetti. Korkmaz\u2019\u0131n cenazesi \u0130l\u00e7e Emniyet M\u00fcd\u00fcrl\u00fc\u011f\u00fcnde d\u00fczenlenen t\u00f6renin ard\u0131ndan defnedilmek \u00fczere memleketi Mersin\u2019in Silifke il\u00e7esine g\u00f6nderildi.<\/p>\n<p>Salihli B\u00f6lge Trafik Denetleme \u0130stasyon Amirli\u011finde g\u00f6revli, evli ve 2 \u00e7ocuk babas\u0131 polis memuru \u00d6zg\u00fcr Korkmaz, 7 Eyl\u00fcl\u2019de g\u00f6revi esnas\u0131nda beyin kanamas\u0131 ge\u00e7irdi. Sa\u011fl\u0131k ekipleri taraf\u0131ndan Salihli Devlet Hastanesine kald\u0131r\u0131lan Korkmaz, ayn\u0131 g\u00fcn Manisa \u015eehir Hastanesine sevk edilip, tedavi alt\u0131na al\u0131nd\u0131. 20 Kas\u0131m\u2019da hastaneden taburcu olan Korkmaz, bug\u00fcn evinde fenala\u015farak, \u00d6zel Medig\u00fcne\u015f Hastanesine kald\u0131r\u0131ld\u0131. Ancak t\u00fcm m\u00fcdahaleye ra\u011fmen hayat\u0131n\u0131 kaybetti.<\/p>\n<p>\u0130l\u00e7e Emniyet M\u00fcd\u00fcrl\u00fc\u011f\u00fcnde t\u00f6ren d\u00fczenlendi<\/p>\n<p>\u00d6zg\u00fcr Korkmaz\u2019\u0131n T\u00fcrk Bayra\u011f\u0131na sar\u0131l\u0131 tabutu, hastaneden al\u0131narak \u0130l\u00e7e Emniyet M\u00fcd\u00fcrl\u00fc\u011f\u00fc \u00f6n\u00fcne getirildi. Bir dakikal\u0131k sayg\u0131 duru\u015funun ard\u0131ndan \u00d6zg\u00fcr Korkmaz\u2019\u0131n \u00f6z ge\u00e7mi\u015fi okunurken daha sonra dua edildi. T\u00f6rende meslekta\u015flar\u0131n\u0131n \u00fczg\u00fcn oldu\u011fu g\u00f6zlenirken Manisa Emniyet M\u00fcd\u00fcr\u00fc \u00d6mer Uslusoy, \u00d6zg\u00fcr Korkmaz\u2019\u0131n e\u015fi Ayla Korkmaz\u2019a ba\u015fsa\u011fl\u0131\u011f\u0131 diledi.<\/p>\n<p>Korkmaz\u2019\u0131n naa\u015f\u0131 Emniyet M\u00fcd\u00fcrl\u00fc\u011f\u00fc \u00f6n\u00fcnde d\u00fczenlenen t\u00f6renin ard\u0131ndan defnedilmek \u00fczere Mersin\u2019in Silifke il\u00e7esine g\u00f6nderildi. 25 y\u0131ll\u0131k polis memuru oldu\u011fu \u00f6\u011frenilen Polis Memuru \u00d6zg\u00fcr Korkmaz\u2019\u0131n 15 y\u0131ld\u0131r Salihli\u2019de g\u00f6rev yapt\u0131\u011f\u0131 \u00f6\u011frenildi.<\/p>\n<p>\u0130l\u00e7e Emniyet M\u00fcd\u00fcrl\u00fc\u011f\u00fc \u00f6n\u00fcnde d\u00fczenlenen t\u00f6rene Kaymakam Mehmet Kamil Sa\u011flam, Manisa \u0130l Emniyet M\u00fcd\u00fcr\u00fc \u00d6mer Uslusoy, Belediye Ba\u015fkan\u0131 Zeki Kayda, \u0130l\u00e7e Emniyet M\u00fcd\u00fcr\u00fc Say\u0131m Ba\u015faran, meslekta\u015flar\u0131 ve vatanda\u015flar kat\u0131ld\u0131.<\/p>\n","protected":false},"excerpt":{"rendered":"<p>MAN\u0130SA\u2019NIN SAL\u0130HL\u0130 \u0130L\u00c7ES\u0130NDE 2.5 AY \u00d6NCE BEY\u0130N KANAMASI GE\u00c7\u0130REN POL\u0130S MEMURU \u00d6ZG\u00dcR KORKMAZ(45) TEDAV\u0130 G\u00d6RD\u00dc\u011e\u00dc HASTANEDE HAYATINI KAYBETT\u0130. KORKMAZ\u2019IN CENAZES\u0130 \u0130L\u00c7E EMN\u0130YET M\u00dcD\u00dcRL\u00dc\u011e\u00dc\u2019NDE D\u00dcZENLENEN T\u00d6REN\u0130N ARDINDAN DEFNED\u0130LMEK \u00dcZERE MEMLEKET\u0130 MERS\u0130N\u2019\u0130N S\u0130L\u0130FKE \u0130L\u00c7ES\u0130NE G\u00d6NDER\u0130LD\u0130.<\/p>\n","protected":false},"author":1,"featured_media":231168,"comment_status":"closed","ping_status":"open","sticky":false,"template":"","format":"standard","meta":{"jetpack_post_was_ever_published":false,"_jetpack_newsletter_access":"","_jetpack_dont_email_post_to_subs":false,"_jetpack_newsletter_tier_id":0,"_jetpack_memberships_contains_paywalled_content":false,"_jetpack_memberships_contains_paid_content":false,"footnotes":"","jetpack_publicize_message":"","jetpack_publicize_feature_enabled":true,"jetpack_social_post_already_shared":true,"jetpack_social_options":{"image_generator_settings":{"template":"highway","default_image_id":0,"font":"","enabled":false},"version":2}},"categories":[1],"tags":[4054,8455,4467,18599,996,29085],"class_list":["post-231167","post","type-post","status-publish","format-standard","has-post-thumbnail","hentry","category-genel","tag-beyin","tag-geciren","tag-hayata","tag-kanamasi","tag-polis","tag-tutunamadi"],"jetpack_publicize_connections":[],"jetpack_featured_media_url":"https:\/\/i0.wp.com\/www.tvturk.com\/wp-content\/uploads\/2019\/11\/beyin-kanamasi-geciren-polis-hayata-tutunamadi_e29e6da.jpg?fit=1000%2C666","jetpack_sharing_enabled":true,"jetpack_shortlink":"https:\/\/wp.me\/paKIfm-Y8v","_links":{"self":[{"href":"http:\/\/www.tvturk.com\/index.php\/wp-json\/wp\/v2\/posts\/231167","targetHints":{"allow":["GET"]}}],"collection":[{"href":"http:\/\/www.tvturk.com\/index.php\/wp-json\/wp\/v2\/posts"}],"about":[{"href":"http:\/\/www.tvturk.com\/index.php\/wp-json\/wp\/v2\/types\/post"}],"author":[{"embeddable":true,"href":"http:\/\/www.tvturk.com\/index.php\/wp-json\/wp\/v2\/users\/1"}],"replies":[{"embeddable":true,"href":"http:\/\/www.tvturk.com\/index.php\/wp-json\/wp\/v2\/comments?post=231167"}],"version-history":[{"count":0,"href":"http:\/\/www.tvturk.com\/index.php\/wp-json\/wp\/v2\/posts\/231167\/revisions"}],"wp:featuredmedia":[{"embeddable":true,"href":"http:\/\/www.tvturk.com\/index.php\/wp-json\/wp\/v2\/media\/231168"}],"wp:attachment":[{"href":"http:\/\/www.tvturk.com\/index.php\/wp-json\/wp\/v2\/media?parent=231167"}],"wp:term":[{"taxonomy":"category","embeddable":true,"href":"http:\/\/www.tvturk.com\/index.php\/wp-json\/wp\/v2\/categories?post=231167"},{"taxonomy":"post_tag","embeddable":true,"href":"http:\/\/www.tvturk.com\/index.php\/wp-json\/wp\/v2\/tags?post=231167"}],"curies":[{"name":"wp","href":"https:\/\/api.w.org\/{rel}","templated":true}]}}