{"id":231187,"date":"2019-11-21T19:32:08","date_gmt":"2019-11-21T16:32:08","guid":{"rendered":"http:\/\/www.tvturk.com\/index.php\/hisarciklioglu-kirgizistan-ile-cok-daha-buyuk-ticaret-hacmine-ulasmamizin-mumkun\/"},"modified":"2019-11-21T19:32:08","modified_gmt":"2019-11-21T16:32:08","slug":"hisarciklioglu-kirgizistan-ile-cok-daha-buyuk-ticaret-hacmine-ulasmamizin-mumkun","status":"publish","type":"post","link":"http:\/\/www.tvturk.com\/index.php\/hisarciklioglu-kirgizistan-ile-cok-daha-buyuk-ticaret-hacmine-ulasmamizin-mumkun\/","title":{"rendered":"Hisarc\u0131kl\u0131o\u011flu: &#8220;K\u0131rg\u0131zistan ile \u00e7ok daha b\u00fcy\u00fck ticaret hacmine ula\u015fmam\u0131z\u0131n m\u00fcmk\u00fcn&#8221;"},"content":{"rendered":"<p>T\u00fcrkiye-K\u0131rg\u0131zistan \u0130\u015f Forumu\u2019nda konu\u015fan TOBB Ba\u015fkan\u0131 M. Rifat Hisarc\u0131kl\u0131o\u011flu, &#8220;Tecr\u00fcbelerimizi K\u0131rg\u0131zistan ile payla\u015farak ticaret hacmimizi \u00fcst seviyelere \u00e7\u0131karaca\u011f\u0131z&#8221; dedi.<\/p>\n<p>T\u00fcrkiye-K\u0131rg\u0131zistan \u0130\u015f Forumu Cumhurba\u015fkan\u0131 Yard\u0131mc\u0131s\u0131 Fuat Oktay, K\u0131rg\u0131zistan Ba\u015fbakan Yard\u0131mc\u0131s\u0131 Kubatbek Boronov, TOBB Ba\u015fkan\u0131 M. Rifat Hisarc\u0131kl\u0131o\u011flu, D\u0131\u015f Ekonomik \u0130li\u015fikler Kurulu (DE\u0130K) Ba\u015fkan\u0131 Nail Olpak ve T\u00fcrkiye \u0130hracat\u00e7\u0131lar Meclisi (T\u0130M) Ba\u015fkan\u0131 \u0130smail G\u00fclle\u2019nin kat\u0131l\u0131m\u0131yla, \u0130stanbul\u2019da ger\u00e7ekle\u015ftirildi. Etkinlikte ikili g\u00f6r\u00fc\u015fmeler yap\u0131l\u0131rken, mutabakat zab\u0131tlar\u0131 imzaland\u0131.<\/p>\n<p>T\u00fcrkiye K\u0131rg\u0131zistan \u0130\u015f Forumu\u2019nda konu\u015fan TOBB Ba\u015fkan\u0131 M. Rifat Hisarc\u0131kl\u0131o\u011flu, &#8220;K\u0131rg\u0131zistan\u2019\u0131n da kurucu olarak yer ald\u0131\u011f\u0131 T\u00fcrk Ticaret Sanayi Odas\u0131\u2019n\u0131, 6 devlet, ama tek millet vizyonuyla kurduk. K\u0131rg\u0131zistan\u2019la ortak k\u00fclt\u00fcr\u00fcm\u00fcz\u00fcn harc\u0131yla \u00f6rd\u00fc\u011f\u00fcm\u00fcz ba\u011flar\u0131m\u0131z, ge\u00e7mi\u015fte oldu\u011fu gibi, gelecekte de bizi ayr\u0131lmaz dostlar k\u0131lmaya devam edecektir. \u0130\u015fte biz bu do\u011frultuda hareket ettik. D\u00fcnyada zengin olman\u0131n yolu ticaretten ge\u00e7iyor. Avrupa bunu yap\u0131yor Avrupa \u00fclkelerinin aralar\u0131ndaki ticaretleri y\u00fczde 70 d\u00fczeyinde. Bizim ticaretimizde de \u00f6n\u00fcm\u00fczde engel olmamas\u0131 laz\u0131m. \u0130ki taraf i\u015f d\u00fcnyas\u0131 olarak engellerin kalkmas\u0131 ile ticaretimizi geli\u015ftirece\u011fiz umuyoruz. T\u00fcrkiye olarak, 40 y\u0131l \u00f6nce 3 milyar dolar ihracat yap\u0131yorduk, y\u00fczde 92\u2019si tar\u0131m \u00fcr\u00fcn\u00fcyd\u00fc. Bug\u00fcn ise bir sanayi devi haline geldik. Bu s\u00fcrecin sonunda K\u0131rg\u0131zistan\u2019da bu seviyeye gelebilir, tecr\u00fcbelerimizi payla\u015farak ticaretimizi geli\u015ftirmek istiyoruZ&#8221; dedi.<\/p>\n<p>&#8220;M\u00fcteahhitlerimiz bug\u00fcne kadar 70 projede 1 milyar dolar de\u011ferinde proje \u00fcstlendi&#8221;<\/p>\n<p>T\u00fcrkiye K\u0131rg\u0131zistan aras\u0131ndaki ticaret hacminden de bahseden Hisarc\u0131kl\u0131o\u011flu, &#8220;K\u0131rg\u0131zistan\u2019a en \u00e7ok yat\u0131r\u0131m yapan ilk 5 \u00fclkeden biri olduk. M\u00fcteahhitlerimiz bug\u00fcne kadar 70 projede 1 milyar dolar de\u011ferinde proje \u00fcstlendi. Ticaret hacmimiz \u015fu an sadece yar\u0131m milyar dolar d\u00fczeyinde. Ama, k\u0131sa s\u00fcrede \u00e7ok daha b\u00fcy\u00fck ticaret hacmine ula\u015fmam\u0131z\u0131n m\u00fcmk\u00fcn oldu\u011funa inan\u0131yorum. K\u0131rg\u0131zistan\u2019\u0131n iktisadi ve sosyal d\u00f6n\u00fc\u015f\u00fcm s\u00fcrecindeki ba\u015far\u0131s\u0131n\u0131 gururla takip ediyoruz&#8221; diye konu\u015ftu.<\/p>\n","protected":false},"excerpt":{"rendered":"<p>T\u00dcRK\u0130YE-KIRGIZ\u0130STAN \u0130\u015e FORUMU\u2019NDA KONU\u015eAN TOBB BA\u015eKANI M. R\u0130FAT H\u0130SARCIKLIO\u011eLU, &#8220;TECR\u00dcBELER\u0130M\u0130Z\u0130 KIRGIZ\u0130STAN \u0130LE PAYLA\u015eARAK T\u0130CARET HACM\u0130M\u0130Z\u0130 \u00dcST SEV\u0130YELERE \u00c7IKARACA\u011eIZ&#8221; DED\u0130.<\/p>\n","protected":false},"author":1,"featured_media":231188,"comment_status":"closed","ping_status":"open","sticky":false,"template":"","format":"standard","meta":{"jetpack_post_was_ever_published":false,"_jetpack_newsletter_access":"","_jetpack_dont_email_post_to_subs":false,"_jetpack_newsletter_tier_id":0,"_jetpack_memberships_contains_paywalled_content":false,"_jetpack_memberships_contains_paid_content":false,"footnotes":"","jetpack_publicize_message":"","jetpack_publicize_feature_enabled":true,"jetpack_social_post_already_shared":true,"jetpack_social_options":{"image_generator_settings":{"template":"highway","default_image_id":0,"font":"","enabled":false},"version":2}},"categories":[19],"tags":[545,105,1018,58236,3863,192,9978,4535,373,58237],"class_list":["post-231187","post","type-post","status-publish","format-standard","has-post-thumbnail","hentry","category-ekonomi","tag-buyuk","tag-cok","tag-daha","tag-hacmine","tag-hisarciklioglu","tag-ile","tag-kirgizistan","tag-mumkun","tag-ticaret","tag-ulasmamizin"],"jetpack_publicize_connections":[],"jetpack_featured_media_url":"https:\/\/i0.wp.com\/www.tvturk.com\/wp-content\/uploads\/2019\/11\/hisarciklioglu-kirgizistan-ile-cok-daha-buyuk-ticaret-hacmine-ulasmamizin-mumkun_0c6d175.jpg?fit=1000%2C629","jetpack_sharing_enabled":true,"jetpack_shortlink":"https:\/\/wp.me\/paKIfm-Y8P","_links":{"self":[{"href":"http:\/\/www.tvturk.com\/index.php\/wp-json\/wp\/v2\/posts\/231187","targetHints":{"allow":["GET"]}}],"collection":[{"href":"http:\/\/www.tvturk.com\/index.php\/wp-json\/wp\/v2\/posts"}],"about":[{"href":"http:\/\/www.tvturk.com\/index.php\/wp-json\/wp\/v2\/types\/post"}],"author":[{"embeddable":true,"href":"http:\/\/www.tvturk.com\/index.php\/wp-json\/wp\/v2\/users\/1"}],"replies":[{"embeddable":true,"href":"http:\/\/www.tvturk.com\/index.php\/wp-json\/wp\/v2\/comments?post=231187"}],"version-history":[{"count":0,"href":"http:\/\/www.tvturk.com\/index.php\/wp-json\/wp\/v2\/posts\/231187\/revisions"}],"wp:featuredmedia":[{"embeddable":true,"href":"http:\/\/www.tvturk.com\/index.php\/wp-json\/wp\/v2\/media\/231188"}],"wp:attachment":[{"href":"http:\/\/www.tvturk.com\/index.php\/wp-json\/wp\/v2\/media?parent=231187"}],"wp:term":[{"taxonomy":"category","embeddable":true,"href":"http:\/\/www.tvturk.com\/index.php\/wp-json\/wp\/v2\/categories?post=231187"},{"taxonomy":"post_tag","embeddable":true,"href":"http:\/\/www.tvturk.com\/index.php\/wp-json\/wp\/v2\/tags?post=231187"}],"curies":[{"name":"wp","href":"https:\/\/api.w.org\/{rel}","templated":true}]}}