{"id":231205,"date":"2019-11-21T22:18:35","date_gmt":"2019-11-21T19:18:35","guid":{"rendered":"http:\/\/www.tvturk.com\/index.php\/rektor-aydin-kan-bagisinin-arttirilmasi-noktasinda-her-turlu-destegi-verecegiz\/"},"modified":"2019-11-21T22:18:35","modified_gmt":"2019-11-21T19:18:35","slug":"rektor-aydin-kan-bagisinin-arttirilmasi-noktasinda-her-turlu-destegi-verecegiz","status":"publish","type":"post","link":"http:\/\/www.tvturk.com\/index.php\/rektor-aydin-kan-bagisinin-arttirilmasi-noktasinda-her-turlu-destegi-verecegiz\/","title":{"rendered":"Rekt\u00f6r Ayd\u0131n: \u201cKan ba\u011f\u0131\u015f\u0131n\u0131n artt\u0131r\u0131lmas\u0131 noktas\u0131nda her t\u00fcrl\u00fc deste\u011fi verece\u011fiz\u201d"},"content":{"rendered":"<p>T\u00fcrk K\u0131z\u0131lay\u0131 Samsun \u015eubesi Y\u00f6netim Kurulu Ba\u015fkan\u0131 Dr. Habib Demirel, Samsun \u00dcniversitesi (SAM\u00dc) Rekt\u00f6r\u00fc Prof. Dr. Mahmut Ayd\u0131n ve SAM\u00dc Genel Sekreteri Do\u00e7. Dr. Salih Kesgin\u2019i makam\u0131nda ziyaret etti.<\/p>\n<p>Ziyarete, K\u0131z\u0131lay Kan Merkezi Karadeniz B\u00f6lge M\u00fcd\u00fcr\u00fc Muhsin Y\u0131ld\u0131r\u0131m, K\u0131z\u0131lay Gen\u00e7lik Ba\u015fkan\u0131 Halit Karata\u015f ve K\u0131z\u0131lay \u0130l Y\u00f6netim Kurul \u00dcyesi Sedat Y\u0131ld\u0131r\u0131m da e\u015flik etti.<\/p>\n<p>Kar\u015f\u0131l\u0131kl\u0131 fikir al\u0131\u015fveri\u015finin yap\u0131ld\u0131\u011f\u0131 ziyarette SAM\u00dc Rekt\u00f6r\u00fc Prof. Dr. Mahmut Ayd\u0131n; kan ba\u011f\u0131\u015f\u0131 konusunda b\u00fcy\u00fck hassasiyet g\u00f6sterilmesi gerekti\u011fini ve kan ba\u011f\u0131\u015f\u0131n\u0131n artt\u0131r\u0131lmas\u0131 noktas\u0131nda Samsun \u00dcniversitesi olarak her t\u00fcrl\u00fc deste\u011fi vereceklerini ifade etti.<\/p>\n<p>Ba\u015fkan Habib Demirel, Samsun \u00dcniversitesi\u2019nin kan ba\u011f\u0131\u015f\u0131 deste\u011finin bir\u00e7ok insan\u0131n hayata tutunmas\u0131na katk\u0131 sa\u011flad\u0131\u011f\u0131n\u0131 belirterek, bundan sonra da SAM\u00dc ile i\u015fbirli\u011fi yapmaya devam edeceklerini ifade etti.  Ziyarette Ba\u015fkan Demirel, Rekt\u00f6r Ayd\u0131n\u2019a hediye kitap takdim etti.<\/p>\n<p>Ziyaretten duydu\u011fu memnuniyeti dile getiren SAM\u00dc Genel Sekreteri Do\u00e7. Dr. Salih Kesgin, T\u00fcrk K\u0131z\u0131lay\u0131 Ba\u015fkan\u0131 Habib Demirel ile kar\u015f\u0131l\u0131kl\u0131 hediye takdiminde bulundular.<\/p>\n","protected":false},"excerpt":{"rendered":"<p>T\u00dcRK KIZILAYI SAMSUN \u015eUBES\u0130 Y\u00d6NET\u0130M KURULU BA\u015eKANI DR. HAB\u0130B DEM\u0130REL, SAMSUN \u00dcN\u0130VERS\u0130TES\u0130 (SAM\u00dc) REKT\u00d6R\u00dc PROF. DR. MAHMUT AYDIN VE SAM\u00dc GENEL SEKRETER\u0130 DO\u00c7. DR. SAL\u0130H KESG\u0130N\u2019\u0130 MAKAMINDA Z\u0130YARET ETT\u0130.<\/p>\n","protected":false},"author":1,"featured_media":231208,"comment_status":"closed","ping_status":"open","sticky":false,"template":"","format":"standard","meta":{"jetpack_post_was_ever_published":false,"_jetpack_newsletter_access":"","_jetpack_dont_email_post_to_subs":false,"_jetpack_newsletter_tier_id":0,"_jetpack_memberships_contains_paywalled_content":false,"_jetpack_memberships_contains_paid_content":false,"footnotes":"","jetpack_publicize_message":"","jetpack_publicize_feature_enabled":true,"jetpack_social_post_already_shared":true,"jetpack_social_options":{"image_generator_settings":{"template":"highway","default_image_id":0,"font":"","enabled":false},"version":2}},"categories":[1],"tags":[15945,426,56881,53,73,202,1066,163,9738,3946],"class_list":["post-231205","post","type-post","status-publish","format-standard","has-post-thumbnail","hentry","category-genel","tag-arttirilmasi","tag-aydin","tag-bagisinin","tag-destegi","tag-her","tag-kan","tag-noktasinda","tag-rektor","tag-turlu","tag-verecegiz"],"jetpack_publicize_connections":[],"jetpack_featured_media_url":"https:\/\/i0.wp.com\/www.tvturk.com\/wp-content\/uploads\/2019\/11\/rektor-aydin-kan-bagisinin-arttirilmasi-noktasinda-her-turlu-destegi-verecegiz_3708210.jpg?fit=1000%2C662","jetpack_sharing_enabled":true,"jetpack_shortlink":"https:\/\/wp.me\/paKIfm-Y97","_links":{"self":[{"href":"http:\/\/www.tvturk.com\/index.php\/wp-json\/wp\/v2\/posts\/231205","targetHints":{"allow":["GET"]}}],"collection":[{"href":"http:\/\/www.tvturk.com\/index.php\/wp-json\/wp\/v2\/posts"}],"about":[{"href":"http:\/\/www.tvturk.com\/index.php\/wp-json\/wp\/v2\/types\/post"}],"author":[{"embeddable":true,"href":"http:\/\/www.tvturk.com\/index.php\/wp-json\/wp\/v2\/users\/1"}],"replies":[{"embeddable":true,"href":"http:\/\/www.tvturk.com\/index.php\/wp-json\/wp\/v2\/comments?post=231205"}],"version-history":[{"count":0,"href":"http:\/\/www.tvturk.com\/index.php\/wp-json\/wp\/v2\/posts\/231205\/revisions"}],"wp:featuredmedia":[{"embeddable":true,"href":"http:\/\/www.tvturk.com\/index.php\/wp-json\/wp\/v2\/media\/231208"}],"wp:attachment":[{"href":"http:\/\/www.tvturk.com\/index.php\/wp-json\/wp\/v2\/media?parent=231205"}],"wp:term":[{"taxonomy":"category","embeddable":true,"href":"http:\/\/www.tvturk.com\/index.php\/wp-json\/wp\/v2\/categories?post=231205"},{"taxonomy":"post_tag","embeddable":true,"href":"http:\/\/www.tvturk.com\/index.php\/wp-json\/wp\/v2\/tags?post=231205"}],"curies":[{"name":"wp","href":"https:\/\/api.w.org\/{rel}","templated":true}]}}