{"id":231257,"date":"2019-11-22T10:02:51","date_gmt":"2019-11-22T07:02:51","guid":{"rendered":"http:\/\/www.tvturk.com\/index.php\/ozel-haber-serkan-ozbalta-bursaspor-deplasmaninda-kazanma-odakli-bir-oyunla-sahada-olacagiz\/"},"modified":"2019-11-22T10:02:51","modified_gmt":"2019-11-22T07:02:51","slug":"ozel-haber-serkan-ozbalta-bursaspor-deplasmaninda-kazanma-odakli-bir-oyunla-sahada-olacagiz","status":"publish","type":"post","link":"http:\/\/www.tvturk.com\/index.php\/ozel-haber-serkan-ozbalta-bursaspor-deplasmaninda-kazanma-odakli-bir-oyunla-sahada-olacagiz\/","title":{"rendered":"(\u00d6zel Haber) Serkan \u00d6zbalta: &#8220;Bursaspor deplasman\u0131nda kazanma odakl\u0131 bir oyunla sahada olaca\u011f\u0131z&#8221;"},"content":{"rendered":"<p>TFF 1. Lig ekiplerinden Ke\u00e7i\u00f6reng\u00fcc\u00fc\u2019nde Teknik Direkt\u00f6r Serkan \u00d6zbalta, bu hafta deplasmanda oynayacaklar\u0131 Bursaspor ma\u00e7\u0131nda kazanma odakl\u0131 oynayacaklar\u0131n\u0131 s\u00f6yledi. \u00d6zbalta tak\u0131m\u0131n hedefleri hakk\u0131nda ise, &#8220;\u0130lk 2 i\u00e7erisinde yer al\u0131p, neden \u015fampiyonluk olmas\u0131n diye konu\u015fuyoruz&#8221; dedi.<\/p>\n<p>Ke\u00e7i\u00f6reng\u00fcc\u00fc, TFF 1. Lig\u2019in 12. haftas\u0131nda deplasmanda Bursaspor ile kar\u015f\u0131la\u015facak. Bursaspor ma\u00e7\u0131 \u00f6ncesi \u0130hlas Haber Ajans\u0131 (\u0130HA)  muhabirinin sorular\u0131n\u0131 yan\u0131tlayan \u00d6zbalta, &#8220;Ne bizim tak\u0131m\u0131m\u0131zdan ne de Bursaspor\u2019dan hi\u00e7bir oyuncunun sakatlanmad\u0131\u011f\u0131, seyircilerin zevkle izleyece\u011fi bir ma\u00e7 olsun&#8221; diye konu\u015furken, Ke\u00e7i\u00f6reng\u00fcc\u00fc\u2019n\u00fcn hedefleri konusunda ise, &#8220;\u0130lk 2 i\u00e7erisinde yer al\u0131p neden \u015fampiyonluk olmas\u0131n diye kendi i\u00e7imizde konu\u015fuyoruz&#8221; ifadelerini kulland\u0131.<\/p>\n<p>&#8220;Bursaspor, 3 puan silme cezas\u0131 almas\u0131na ra\u011fmen \u00fcst s\u0131ralarda tutundu&#8221;<\/p>\n<p>Hafta sonu kar\u015f\u0131la\u015facaklar\u0131 Bursaspor\u2019u de\u011ferlendiren Serkan \u00d6zbalta, &#8220;Bursaspor\u2019u anlatmaya gerek yok. Camia olarak sayg\u0131 duydu\u011fumuz, \u00e7ok b\u00fcy\u00fck taraftar toplulu\u011funa sahip bir tak\u0131m. S\u0131k\u0131nt\u0131larla dolu bir y\u0131l ge\u00e7irdiler. S\u0131k\u0131nt\u0131larla dolu yeni bir y\u0131la ba\u015flad\u0131lar. Yeni bir tak\u0131m kurdular. \u00c7ok donan\u0131ml\u0131 bir altyap\u0131lar\u0131 var. \u00c7ok yetenekli ve karakterli oyuncular\u0131 var. Bunu S\u00fcper Lig ve TFF 1. Lig deneyimi olan futbolcular ile harmanlay\u0131p iyi bir kadro olu\u015fturdular. 3 puan silme cezas\u0131 almalar\u0131na ra\u011fmen \u00fcst s\u0131ralarda tutundular&#8221; \u015feklinde konu\u015ftu.<\/p>\n<p>&#8220;Hi\u00e7bir oyuncunun sakatlanmad\u0131\u011f\u0131, seyircilerin zevkle izleyece\u011fi bir ma\u00e7 olsun&#8221;<\/p>\n<p>Bursaspor deplasman\u0131nda kazanmaya odakl\u0131 bir oyun ile sahada olacaklar\u0131n\u0131 vurgulayan \u00d6zbalta, s\u00f6zlerine \u015f\u00f6yle devam etti:<\/p>\n<p>&#8220;Oynayaca\u011f\u0131m\u0131z ma\u00e7\u0131n zorlu\u011funu biliyoruz. Milli tak\u0131m aras\u0131n\u0131 rakibimizde iyi de\u011ferlendirmi\u015ftir. Bizde iyi de\u011ferlendirdik. Pozitif oynayan iki tak\u0131m\u0131n m\u00fccadelesi olaca\u011f\u0131na inan\u0131yorum. \u0130ki tak\u0131mda ma\u00e7\u0131 kazanmak isteyecek. Bir futbol felsefemiz var. Sahada bunu uygulamaya \u00e7al\u0131\u015f\u0131yoruz. Bir oyun tarz\u0131m\u0131z var. Rakibin ismine bakmadan, kiminle oynuyorsak s\u0131ralamada bizden \u00e7ok a\u015fa\u011f\u0131da olabilir veya bizden \u00e7ok yukar\u0131da olabilir. Yukar\u0131ya hi\u00e7 kompleks yapmadan, a\u015fa\u011f\u0131m\u0131zda bulunan tak\u0131m\u0131 k\u00fc\u00e7\u00fcmsemeden, i\u00e7eride yada d\u0131\u015far\u0131da oynad\u0131\u011f\u0131m\u0131z b\u00fct\u00fcn m\u00fcsabakalar\u0131 kazanma kendi oyunumuzu yans\u0131tabilme g\u00fcd\u00fcs\u00fc ile sahaya \u00e7\u0131k\u0131yoruz. Bug\u00fcne kadar bunu ger\u00e7ekle\u015ftirdi\u011fimize inan\u0131yorum. Bursaspor deplasman\u0131nda da bu felsefemizden d\u0131\u015far\u0131 \u00e7\u0131kmayarak kazanma odakl\u0131 bir oyunla sahada olaca\u011f\u0131z. Hak edenin kazanaca\u011f\u0131 bir m\u00fcsabaka olsun. Ne bizim tak\u0131m\u0131m\u0131zdan nede Bursaspor\u2019dan hi\u00e7bir oyuncunun sakatlanmad\u0131\u011f\u0131, seyircilerin zevkle izleyece\u011fi bir ma\u00e7 olsun.&#8221;<\/p>\n<p>Ke\u00e7i\u00f6reng\u00fcc\u00fc\u2019n\u00fcn hedefi 3 puan<\/p>\n<p>Mor-beyazl\u0131 ekibin Bursaspor kar\u015f\u0131s\u0131ndaki hedefinin 3 puan oldu\u011funun alt\u0131n\u0131 \u00e7izen Serkan \u00d6zbalta, &#8220;Milli tak\u0131m aras\u0131nda fiziksel olarak haz\u0131rl\u0131\u011f\u0131m\u0131z\u0131 yaparken ve teknik taktik ile bu i\u015fi yo\u011fururken zihinsel anlamda konu\u015fmalar\u0131m\u0131z hep bu y\u00f6nde oldu. Biz in\u015fallah oraya kazanmaya gidiyoruz. Bunu ba\u015far\u0131r\u0131z veya ba\u015faramay\u0131z. Daha \u00f6nce 11 ma\u00e7a \u00e7\u0131kt\u0131k. Ba\u015fard\u0131\u011f\u0131m\u0131z zamanlarda oldu, ba\u015faramad\u0131\u011f\u0131m\u0131z zamanlarda oldu. Ama pe\u015fin pe\u015fin gidip \u2019Bursaspor ile oynuyoruz acaba ne olur?\u2019 demiyoruz. Benim ve ekibimin tahamm\u00fcl edemedi\u011fi k\u0131rm\u0131z\u0131 \u00e7izgimiz \u015fu; \u2019Hangi tak\u0131mla oynarsan oyna \u00e7ok ciddi \u015fekilde sayg\u0131 duy. Ama bunun yan\u0131nda kendinden emin bir \u015fekilde oyun felsefeni o g\u00fcn sahaya yans\u0131t\u2019 bunlar\u0131 olu\u015fturup bir araya getirdi\u011fimiz zaman in\u015fallah hafta sonu kazanacak tak\u0131m\u0131n biz olaca\u011f\u0131na inan\u0131yorum&#8221; dedi.<\/p>\n<p>&#8220;Oyuncular\u0131n performans\u0131ndan ve tak\u0131m olarak geldi\u011fimiz noktadan memnunum&#8221;<\/p>\n<p>Ligde ge\u00e7en s\u00fcrede oyuncular\u0131n bireysel performans\u0131ndan ve tak\u0131m\u0131n halindeki performanstan olduk\u00e7a memnunun oldu\u011funu belirten Serkan \u00d6zbalta, &#8220;\u015eu an ald\u0131\u011f\u0131m\u0131z puan\u0131n birka\u00e7 puan \u00fczerinde olabilirdik. Kli\u015fe olabilir ama \u00e7\u0131kt\u0131\u011f\u0131m\u0131z ilk sezonda toplad\u0131\u011f\u0131m\u0131z puan tatmin edici. K\u0131sacas\u0131 oyuncular\u0131n performans\u0131ndan ve tak\u0131m olarak geldi\u011fimiz noktadan memnunum. Ligin bitimine 6 ma\u00e7 var, bunu en iyi \u015fekilde de\u011ferlendirmek istiyoruz. Daha \u00f6nceki r\u00f6portaj\u0131mda da s\u00f6ylemi\u015ftim. Futbolcular\u0131ma hep s\u00f6yl\u00fcyorum. S\u0131ralamada bulundu\u011fumuz konum ile yetinmememiz gerekiyor. Ka\u00e7\u0131nc\u0131 s\u0131rada olursak olal\u0131m geli\u015fimimize devam etmemiz laz\u0131m. Genel anlamda bakt\u0131\u011f\u0131m\u0131z zaman ilk senemizde iyi bir noktaday\u0131z&#8221; diye konu\u015ftu.<\/p>\n<p>&#8220;\u0130lk 2 i\u00e7erisinde yer al\u0131p neden \u015fampiyonluk olmas\u0131n diye konu\u015fuyoruz&#8221;<\/p>\n<p>Tak\u0131m\u0131n hedeflerine de\u011finen Ke\u00e7i\u00f6reng\u00fcc\u00fc Teknik Direkt\u00f6r\u00fc Serkan \u00d6zbalta, &#8220;Her ma\u00e7 bizi ba\u015fka bir noktaya g\u00f6t\u00fcr\u00fcyor. Kazand\u0131\u011f\u0131m\u0131z ma\u00e7larda oyunumuzu geli\u015ftiriyoruz, kaybetti\u011fimiz veya berabere kald\u0131\u011f\u0131m\u0131z ma\u00e7larda ise oyunumuzu geli\u015ftirerek bir noktaya varmak istiyoruz. Her ma\u00e7\u0131n sonunda bir hedef belirlemiyoruz. Ama kendi i\u00e7 d\u00fcnyam\u0131zda belirledi\u011fimiz bir hedefimiz var. A\u00e7\u0131k konu\u015fmak gerekirse ilk haftadan bu yana yukar\u0131y\u0131 hedefliyoruz. Bir \u00fcst lige \u00e7\u0131kmak istiyoruz. Ke\u00e7i\u00f6ren\u2019i insanlar tan\u0131mayabilirler. Ke\u00e7i\u00f6ren bir il\u00e7e ama bir\u00e7ok \u015fehirden fazla n\u00fcfusa sahip. Baz\u0131 dinamikleri harekete ge\u00e7irmemiz gerekti\u011fine inan\u0131yorum. Tak\u0131m\u0131n \u00fcst lige \u00e7\u0131kmas\u0131 durumunda il\u00e7enin \u00e7ehresinin de\u011fi\u015fece\u011fine inan\u0131yorum. Evet her ma\u00e7 ad\u0131m ad\u0131m gidiyoruz, kazan\u0131p \u00f6n\u00fcm\u00fcze bak\u0131yoruz. Ama bizim k\u0131sa, orta ve uzun vadede belirledi\u011fimiz planlar\u0131m\u0131z ve hedeflerimiz var. \u0130lk 2 i\u00e7erisinde yer al\u0131p neden \u015fampiyonluk olmas\u0131n diye kendi i\u00e7imizde konu\u015fuyoruz&#8221; diyerek s\u00f6zlerini sonland\u0131rd\u0131.<\/p>\n","protected":false},"excerpt":{"rendered":"<p>TFF 1. L\u0130G\u2019\u0130N 12. HAFTASINDA BURSASPOR\u2019A \u0130LE KAR\u015eILA\u015eACAK OLAN KE\u00c7\u0130\u00d6RENG\u00dcC\u00dc TEKN\u0130K D\u0130REKT\u00d6R\u00dc SERKAN \u00d6ZBALTA, \u201cBURSASPOR DEPLASMANINDA KAZANMA ODAKLI B\u0130R OYUNLA SAHADA OLACA\u011eIZ\u201d DED\u0130.<\/p>\n","protected":false},"author":1,"featured_media":231258,"comment_status":"closed","ping_status":"open","sticky":false,"template":"","format":"standard","meta":{"jetpack_post_was_ever_published":false,"_jetpack_newsletter_access":"","_jetpack_dont_email_post_to_subs":false,"_jetpack_newsletter_tier_id":0,"_jetpack_memberships_contains_paywalled_content":false,"_jetpack_memberships_contains_paid_content":false,"footnotes":"","jetpack_publicize_message":"","jetpack_publicize_feature_enabled":true,"jetpack_social_post_already_shared":true,"jetpack_social_options":{"image_generator_settings":{"template":"highway","default_image_id":0,"font":"","enabled":false},"version":2}},"categories":[657],"tags":[7876,1073,125,2863,14064,1545,16091,2373,28754,49904,5938,6660],"class_list":["post-231257","post","type-post","status-publish","format-standard","has-post-thumbnail","hentry","category-spor","tag-kazanma","tag-ozel","tag-bir","tag-bursaspor","tag-deplasmaninda","tag-haber","tag-odakli","tag-olacagiz","tag-oyunla","tag-ozbalta","tag-sahada","tag-serkan"],"jetpack_publicize_connections":[],"jetpack_featured_media_url":"https:\/\/i0.wp.com\/www.tvturk.com\/wp-content\/uploads\/2019\/11\/ozel-haber-serkan-ozbalta-bursaspor-deplasmaninda-kazanma-odakli-bir-oyunla-sahada-olacagiz_d5c17d4.jpg?fit=1000%2C691","jetpack_sharing_enabled":true,"jetpack_shortlink":"https:\/\/wp.me\/paKIfm-Y9X","_links":{"self":[{"href":"http:\/\/www.tvturk.com\/index.php\/wp-json\/wp\/v2\/posts\/231257","targetHints":{"allow":["GET"]}}],"collection":[{"href":"http:\/\/www.tvturk.com\/index.php\/wp-json\/wp\/v2\/posts"}],"about":[{"href":"http:\/\/www.tvturk.com\/index.php\/wp-json\/wp\/v2\/types\/post"}],"author":[{"embeddable":true,"href":"http:\/\/www.tvturk.com\/index.php\/wp-json\/wp\/v2\/users\/1"}],"replies":[{"embeddable":true,"href":"http:\/\/www.tvturk.com\/index.php\/wp-json\/wp\/v2\/comments?post=231257"}],"version-history":[{"count":0,"href":"http:\/\/www.tvturk.com\/index.php\/wp-json\/wp\/v2\/posts\/231257\/revisions"}],"wp:featuredmedia":[{"embeddable":true,"href":"http:\/\/www.tvturk.com\/index.php\/wp-json\/wp\/v2\/media\/231258"}],"wp:attachment":[{"href":"http:\/\/www.tvturk.com\/index.php\/wp-json\/wp\/v2\/media?parent=231257"}],"wp:term":[{"taxonomy":"category","embeddable":true,"href":"http:\/\/www.tvturk.com\/index.php\/wp-json\/wp\/v2\/categories?post=231257"},{"taxonomy":"post_tag","embeddable":true,"href":"http:\/\/www.tvturk.com\/index.php\/wp-json\/wp\/v2\/tags?post=231257"}],"curies":[{"name":"wp","href":"https:\/\/api.w.org\/{rel}","templated":true}]}}