{"id":231265,"date":"2019-11-22T10:17:05","date_gmt":"2019-11-22T07:17:05","guid":{"rendered":"http:\/\/www.tvturk.com\/index.php\/ozel-ikinci-el-araclarda-ekleme-oyununa-dikkat\/"},"modified":"2019-11-22T10:17:05","modified_gmt":"2019-11-22T07:17:05","slug":"ozel-ikinci-el-araclarda-ekleme-oyununa-dikkat","status":"publish","type":"post","link":"http:\/\/www.tvturk.com\/index.php\/ozel-ikinci-el-araclarda-ekleme-oyununa-dikkat\/","title":{"rendered":"(\u00d6zel) \u0130kinci el ara\u00e7larda \u2018ekleme\u2019 oyununa dikkat"},"content":{"rendered":"<p>\u0130kinci el ara\u00e7 almak isteyenlerin son g\u00fcnlerde ya\u015fad\u0131\u011f\u0131 en b\u00fcy\u00fck sorunlar\u0131n ba\u015f\u0131nda \u2019ekleme\u2019 ara\u00e7lar gelirken, uzman eksperler vatanda\u015flar\u0131 dikkat etmeleri konusunda uyar\u0131yor.<\/p>\n<p>Hurda ara\u00e7lar\u0131n \u00e7e\u015fitli b\u00f6lgeleri kesilerek, ba\u015fka bir ara\u00e7 ile birle\u015ftirilmesinin anla\u015f\u0131lmas\u0131 \u00e7ok zor oluyor. Kullan\u0131lmayacak halde olan arac\u0131n \u00e7e\u015fitli b\u00f6lgeleri kesilerek kazal\u0131 ba\u015fka bir araca ekleniyor. Doland\u0131r\u0131c\u0131lar\u0131n bu y\u00f6ntemi sayesinde arac\u0131n kazal\u0131 oldu\u011fu anla\u015f\u0131lm\u0131yor. Baz\u0131 eksperler taraf\u0131ndan bile fark edilemeyen ekleme i\u015fleminden dolay\u0131 vatanda\u015flar dert yan\u0131yor. Yetkililer, \u00f6zellikle ara\u00e7 almak isteyen vatanda\u015flar\u0131n g\u00fcvenilir eksperleri tercih etmesi gerekti\u011fini s\u00f6yl\u00fcyor.<\/p>\n<p>&#8220;Profesyonelce yap\u0131lan i\u015flemleri bizler bile zor buluyoruz&#8221;<\/p>\n<p>Konuyla ilgili a\u00e7\u0131klamalarda bulunan oto eksper uzman\u0131 Murat \u00c7evik, profesyonelce yap\u0131lan ekleme i\u015flemlerini bulmakta zorland\u0131klar\u0131n\u0131 ifade etti. \u0130kinci el ara\u00e7 alacaklar\u0131 uyaran \u00c7evik, &#8220;Eklemeli ara\u00e7larda kap\u0131 i\u00e7 fitillerinde veya direk b\u00f6lgelerinde yap\u0131lan i\u015flemler yetkililer taraf\u0131ndan tespit edilebiliyor. Biz burada \u00f6zellikle; fren sistemlerine, lastiklere, airbage, \u015fase, de\u011fi\u015fen ak\u015famlara ve arac\u0131n par\u00e7alan\u0131p par\u00e7alanmad\u0131\u011f\u0131na bak\u0131yoruz. \u00d6zellikle mar\u015fpiyer eteklerine dikkat etmek gerekiyor. \u00c7\u00fcnk\u00fc genelde buralarda ekleme ve kesim yap\u0131l\u0131yor. Bunlar\u0131 da kap\u0131 fitillerini \u00e7\u0131kararak g\u00f6rebilirler. Ekspertizlere gidilmesini tavsiye ediyoruz. Profesyonelce yap\u0131lan i\u015flemleri bazen bizler bile zor buluyoruz. \u00c7\u00fcnk\u00fc kar\u015f\u0131daki ki\u015fi de bu i\u015fte profesyonel olmu\u015f. Eklemeleri birebir yapt\u0131klar\u0131 i\u00e7in bizim cihazlar\u0131m\u0131z bile anca tespit edebiliyor. Son d\u00f6nemde en \u00e7ok ekleme ara\u00e7lardan sorun ya\u015fan\u0131yor. Bu durumdan \u00e7ok ma\u011fdur var, \u00e7ok fazla \u015fik\u00e2yet var. Sat\u0131\u015f sonras\u0131nda mahkemeye kadar ta\u015f\u0131nan olaylar ya\u015fan\u0131yor, anla\u015f\u0131lamayan detaylar yapabiliyorlar. Ekleme ara\u00e7lardaki olumsuzluklar\u0131 baz\u0131 ekspertizler bulamad\u0131\u011f\u0131 i\u00e7in vatanda\u015flar\u0131n bulmas\u0131 m\u00fcmk\u00fcn de\u011fil&#8221; diye konu\u015ftu.<\/p>\n","protected":false},"excerpt":{"rendered":"<p>\u0130K\u0130NC\u0130 EL ARA\u00c7 ALMAK \u0130STEYENLER\u0130N SON G\u00dcNLERDE YA\u015eADI\u011eI EN B\u00dcY\u00dcK SORUNLARIN BA\u015eINDA GELEN EKLEME ARA\u00c7LARLA \u0130LG\u0130L\u0130 EKSPERLER VATANDA\u015eLARI D\u0130KKAT ETMELER\u0130 KONUSUNDA UYARIYOR.<\/p>\n","protected":false},"author":1,"featured_media":231266,"comment_status":"closed","ping_status":"open","sticky":false,"template":"","format":"standard","meta":{"jetpack_post_was_ever_published":false,"_jetpack_newsletter_access":"","_jetpack_dont_email_post_to_subs":false,"_jetpack_newsletter_tier_id":0,"_jetpack_memberships_contains_paywalled_content":false,"_jetpack_memberships_contains_paid_content":false,"footnotes":"","jetpack_publicize_message":"","jetpack_publicize_feature_enabled":true,"jetpack_social_post_already_shared":true,"jetpack_social_options":{"image_generator_settings":{"template":"highway","default_image_id":0,"font":"","enabled":false},"version":2}},"categories":[1],"tags":[58265,1073,40024,1440,2087,2711],"class_list":["post-231265","post","type-post","status-publish","format-standard","has-post-thumbnail","hentry","category-genel","tag-ekleme","tag-ozel","tag-araclarda","tag-dikkat","tag-ikinci","tag-oyununa"],"jetpack_publicize_connections":[],"jetpack_featured_media_url":"https:\/\/i0.wp.com\/www.tvturk.com\/wp-content\/uploads\/2019\/11\/ozel-ikinci-el-araclarda-ekleme-oyununa-dikkat_6132350.jpg?fit=1000%2C750","jetpack_sharing_enabled":true,"jetpack_shortlink":"https:\/\/wp.me\/paKIfm-Ya5","_links":{"self":[{"href":"http:\/\/www.tvturk.com\/index.php\/wp-json\/wp\/v2\/posts\/231265","targetHints":{"allow":["GET"]}}],"collection":[{"href":"http:\/\/www.tvturk.com\/index.php\/wp-json\/wp\/v2\/posts"}],"about":[{"href":"http:\/\/www.tvturk.com\/index.php\/wp-json\/wp\/v2\/types\/post"}],"author":[{"embeddable":true,"href":"http:\/\/www.tvturk.com\/index.php\/wp-json\/wp\/v2\/users\/1"}],"replies":[{"embeddable":true,"href":"http:\/\/www.tvturk.com\/index.php\/wp-json\/wp\/v2\/comments?post=231265"}],"version-history":[{"count":0,"href":"http:\/\/www.tvturk.com\/index.php\/wp-json\/wp\/v2\/posts\/231265\/revisions"}],"wp:featuredmedia":[{"embeddable":true,"href":"http:\/\/www.tvturk.com\/index.php\/wp-json\/wp\/v2\/media\/231266"}],"wp:attachment":[{"href":"http:\/\/www.tvturk.com\/index.php\/wp-json\/wp\/v2\/media?parent=231265"}],"wp:term":[{"taxonomy":"category","embeddable":true,"href":"http:\/\/www.tvturk.com\/index.php\/wp-json\/wp\/v2\/categories?post=231265"},{"taxonomy":"post_tag","embeddable":true,"href":"http:\/\/www.tvturk.com\/index.php\/wp-json\/wp\/v2\/tags?post=231265"}],"curies":[{"name":"wp","href":"https:\/\/api.w.org\/{rel}","templated":true}]}}