{"id":231353,"date":"2019-11-22T12:02:42","date_gmt":"2019-11-22T09:02:42","guid":{"rendered":"http:\/\/www.tvturk.com\/index.php\/petlas-iscileri-ellerinde-ekmekle-is-cikisi-yurudu\/"},"modified":"2019-11-22T12:02:42","modified_gmt":"2019-11-22T09:02:42","slug":"petlas-iscileri-ellerinde-ekmekle-is-cikisi-yurudu","status":"publish","type":"post","link":"http:\/\/www.tvturk.com\/index.php\/petlas-iscileri-ellerinde-ekmekle-is-cikisi-yurudu\/","title":{"rendered":"Petlas i\u015f\u00e7ileri ellerinde ekmekle i\u015f \u00e7\u0131k\u0131\u015f\u0131 y\u00fcr\u00fcd\u00fc"},"content":{"rendered":"<p>KIR\u015eEH\u0130R (\u0130HA) \u2013 K\u0131r\u015fehir\u2019de Petlas A.\u015e. \u00e7al\u0131\u015fan\u0131 bir grup i\u015f\u00e7i mesai sonras\u0131 toplu s\u00f6zle\u015fmeler hakk\u0131nda bilgilendirme yapt\u0131\u011f\u0131 s\u0131rada fabrika y\u00f6netiminin servisleri \u00e7\u0131kartmas\u0131 \u00fczerine i\u015f\u00e7iler, 7 kilometrelik yolu ellerinde ekmeklerle y\u00fcr\u00fcd\u00fc.<\/p>\n<p>Petrol \u0130\u015f Sendikas\u0131 K\u0131r\u015fehir \u015eube Ba\u015fkan\u0131 Murat Kaya, \u201c\u0130\u015f yerinde yapt\u0131\u011f\u0131m\u0131z bilgilendirme sonras\u0131 i\u015fverenin servisleri \u00e7\u0131kartmas\u0131yla bize de emek\u00e7i karde\u015flerimizle beraber 7 kilometreyi al\u0131n terimiz kurumadan y\u00fcr\u00fctt\u00fcler\u201ddedi.<\/p>\n<p>\u0130\u015f\u00e7ilere sendikan\u0131n toplu s\u00f6zle\u015fme bilgilendirmesi yapt\u0131\u011f\u0131n\u0131 anlatan Kaya, \u201cArkada\u015flar\u0131m\u0131za taslak ve sendikayla alakal\u0131 bilgi vermek ama\u00e7l\u0131 topland\u0131k. \u0130\u015fveren servisleri g\u00f6nderdi. Bize ne zaman tepki g\u00f6sterirseniz an\u0131nda da kar\u015f\u0131l\u0131\u011f\u0131n\u0131 alacaks\u0131n\u0131z. 2 bin Petrol \u0130\u015f Sendikas\u0131 \u00fcyesi ile Petlas\u2019\u0131 marka yapan biz \u00e7al\u0131\u015fanlar olarak birlikteli\u011fimizi i\u015f veren g\u00f6recek. Petlas \u00e7al\u0131\u015fanlar\u0131na sivil toplum \u00f6rg\u00fctlerinin de sahip \u00e7\u0131kaca\u011f\u0131na inan\u0131yoruz\u201d diye konu\u015ftu.<\/p>\n<p>Toplu s\u00f6zle\u015fmelerde i\u015f\u00e7ilerin dertlerini masada da anlataca\u011f\u0131n\u0131 ifade eden Kaya, &#8220;Toplu i\u015f s\u00f6zle\u015fmelerinde masalarda derdimizi anlataca\u011f\u0131z. Masada dinlemezlerse sahalarda anlataca\u011f\u0131z. Sahalarda dinlemezlerse meydanlarda anlataca\u011f\u0131z. Birlik ve beraberlik i\u00e7erisinde oldu\u011fumuz s\u00fcre i\u00e7erisinde biz sendika olarak her zaman yan\u0131n\u0131zday\u0131z. Her sorunla m\u00fccadele edecek g\u00fc\u00e7teyiz. Bunu da herkes b\u00f6yle bilsin\u201d dedi.<\/p>\n","protected":false},"excerpt":{"rendered":"<p>KIR\u015eEH\u0130R\u2019DE PETLAS A.\u015e., \u00c7ALI\u015eANI B\u0130R GURUP (12\/8 VARD\u0130YASI) \u0130\u015e \u00c7IKI\u015eI SONRASI TOPLU S\u00d6ZLE\u015eMELER HAKKINDA B\u0130LG\u0130LEND\u0130RME YAPMAK \u0130STERKEN FABR\u0130KA Y\u00d6NET\u0130M\u0130N\u0130N SERV\u0130SLER\u0130 \u00c7IKARTMASIYLA \u0130\u015e\u00c7\u0130LER, YED\u0130 K\u0130LOMETREL\u0130K YOLU ELLER\u0130NDE EKMEKLERLE Y\u00dcR\u00dcD\u00dc.<\/p>\n","protected":false},"author":1,"featured_media":231354,"comment_status":"closed","ping_status":"open","sticky":false,"template":"","format":"standard","meta":{"jetpack_post_was_ever_published":false,"_jetpack_newsletter_access":"","_jetpack_dont_email_post_to_subs":false,"_jetpack_newsletter_tier_id":0,"_jetpack_memberships_contains_paywalled_content":false,"_jetpack_memberships_contains_paid_content":false,"footnotes":"","jetpack_publicize_message":"","jetpack_publicize_feature_enabled":true,"jetpack_social_post_already_shared":true,"jetpack_social_options":{"image_generator_settings":{"template":"highway","default_image_id":0,"font":"","enabled":false},"version":2}},"categories":[1],"tags":[3430,58286,1058,432,13433,47043,2032],"class_list":["post-231353","post","type-post","status-publish","format-standard","has-post-thumbnail","hentry","category-genel","tag-cikisi","tag-ekmekle","tag-ellerinde","tag-is","tag-iscileri","tag-petlas","tag-yurudu"],"jetpack_publicize_connections":[],"jetpack_featured_media_url":"https:\/\/i0.wp.com\/www.tvturk.com\/wp-content\/uploads\/2019\/11\/petlas-iscileri-ellerinde-ekmekle-is-cikisi-yurudu_21bbae4.jpg?fit=1000%2C666","jetpack_sharing_enabled":true,"jetpack_shortlink":"https:\/\/wp.me\/paKIfm-Ybv","_links":{"self":[{"href":"http:\/\/www.tvturk.com\/index.php\/wp-json\/wp\/v2\/posts\/231353","targetHints":{"allow":["GET"]}}],"collection":[{"href":"http:\/\/www.tvturk.com\/index.php\/wp-json\/wp\/v2\/posts"}],"about":[{"href":"http:\/\/www.tvturk.com\/index.php\/wp-json\/wp\/v2\/types\/post"}],"author":[{"embeddable":true,"href":"http:\/\/www.tvturk.com\/index.php\/wp-json\/wp\/v2\/users\/1"}],"replies":[{"embeddable":true,"href":"http:\/\/www.tvturk.com\/index.php\/wp-json\/wp\/v2\/comments?post=231353"}],"version-history":[{"count":0,"href":"http:\/\/www.tvturk.com\/index.php\/wp-json\/wp\/v2\/posts\/231353\/revisions"}],"wp:featuredmedia":[{"embeddable":true,"href":"http:\/\/www.tvturk.com\/index.php\/wp-json\/wp\/v2\/media\/231354"}],"wp:attachment":[{"href":"http:\/\/www.tvturk.com\/index.php\/wp-json\/wp\/v2\/media?parent=231353"}],"wp:term":[{"taxonomy":"category","embeddable":true,"href":"http:\/\/www.tvturk.com\/index.php\/wp-json\/wp\/v2\/categories?post=231353"},{"taxonomy":"post_tag","embeddable":true,"href":"http:\/\/www.tvturk.com\/index.php\/wp-json\/wp\/v2\/tags?post=231353"}],"curies":[{"name":"wp","href":"https:\/\/api.w.org\/{rel}","templated":true}]}}