{"id":231389,"date":"2019-11-22T12:46:53","date_gmt":"2019-11-22T09:46:53","guid":{"rendered":"http:\/\/www.tvturk.com\/index.php\/ogretmenler-ara-tatili-dolu-dolu-geciriyor\/"},"modified":"2019-11-22T12:46:53","modified_gmt":"2019-11-22T09:46:53","slug":"ogretmenler-ara-tatili-dolu-dolu-geciriyor","status":"publish","type":"post","link":"http:\/\/www.tvturk.com\/index.php\/ogretmenler-ara-tatili-dolu-dolu-geciriyor\/","title":{"rendered":"\u00d6\u011fretmenler ara tatili dolu dolu ge\u00e7iriyor"},"content":{"rendered":"<p>Bing\u00f6l\u2019de \u00f6\u011frenciler kadar \u00f6\u011fretmenler de ara tatili kat\u0131ld\u0131klar\u0131 etkinliklerle dolu dolu ge\u00e7iriyor.<\/p>\n<p>Milli E\u011fitim Bakanl\u0131\u011f\u0131 taraf\u0131ndan bu y\u0131l ilk kez uygulanan ara tatilde, T\u00fcrkiye genelinde oldu\u011fu gibi Bing\u00f6l\u2019de de \u00e7e\u015fitli aktiviteler d\u00fczenleniyor. Kent genelindeki okullarda \u00f6\u011frenci, veli ve \u00f6\u011fretmenlerle bir\u00e7ok etkinlik yap\u0131l\u0131rken, merkez Saray Anaokulu\u2019nda da \u00f6\u011fretmenlere ok\u00e7uluk, drone ve erbane e\u011fitimi veriliyor. \u0130l Milli E\u011fitim M\u00fcd\u00fcrl\u00fc\u011f\u00fcnce d\u00fczenlenen \u201cMesleki Geli\u015fim Haftas\u0131\u201d kapsam\u0131nda \u00e7e\u015fitli etkinlikler planlad\u0131klar\u0131n\u0131 aktaran Saray Anaokulu M\u00fcd\u00fcr\u00fc Meral \u0130ncesu, \u00e7e\u015fitli aktivitelerle \u00f6\u011frencilerin oldu\u011fu kadar \u00f6\u011fretmenlerin de motivasyonunu y\u00fcksek tutmaya \u00e7al\u0131\u015ft\u0131klar\u0131n\u0131 s\u00f6yledi. Ok\u00e7uluk, erbane ve drone u\u00e7u\u015flar\u0131 yapt\u0131klar\u0131n\u0131 s\u00f6yleyen \u0130ncesu, \u201cBu y\u0131l ilk defa uygulanan ara tatil d\u00f6nemini nas\u0131l verimli ge\u00e7irebiliriz diye plan program olu\u015fturduk. Program i\u00e7inde sadece \u00f6\u011frencilerin de\u011fil \u00f6\u011fretmenlerin de motivasyonunu art\u0131racak etkinliklere de yer verdik. Okulumuzdaki \u00f6\u011fretmenlerimizin daha \u00f6nce denemedi\u011fi etkinliklere yer vermeye \u00e7al\u0131\u015ft\u0131k. Ok\u00e7uluk, drone e\u011fitimi ve erbane enstr\u00fcman gibi etkinlikleri okul bah\u00e7emizde yap\u0131p ki\u015fisel geli\u015fime katk\u0131 sa\u011flamaya \u00e7al\u0131\u015ft\u0131k. Yap\u0131lan bu farkl\u0131 etkinlikler, \u00f6\u011fretmenlerimizin yeni d\u00f6neme daha dinamik ba\u015flamas\u0131na yard\u0131mc\u0131 olacakt\u0131r. Amac\u0131m\u0131z sadece veli ve \u00f6\u011frenci \u00fczerinden de\u011fil, ayn\u0131 zamanda personelimizle yapt\u0131\u011f\u0131m\u0131z \u00e7al\u0131\u015fmalarla okul performans\u0131n\u0131 \u00fcst seviyeye \u00e7\u0131kartmakt\u0131r\u201d dedi.<\/p>\n<p>Bu aktivitelerin hem kendilerine hem de \u00f6\u011frencilere faydal\u0131 olaca\u011f\u0131n\u0131 dile getiren \u00f6\u011fretmen Sibel \u00c7urku Avc\u0131, \u201cMesleki geli\u015fim haftas\u0131nda yapm\u0131\u015f oldu\u011fumuz farkl\u0131 etkinliklerle hem e\u011flenceli vakit ge\u00e7irdik hem dikkat ve motivasyonu artt\u0131r\u0131c\u0131 etkinlikler yapt\u0131k. Yeni haftaya ba\u015flad\u0131\u011f\u0131m\u0131zda hem daha motive hem de daha donan\u0131ml\u0131 bir \u015fekilde ba\u015flayaca\u011f\u0131m\u0131z\u0131 d\u00fc\u015f\u00fcn\u00fcyorum. Bu etkinliklerin \u00fczerimizde olumlu etkileri olacakt\u0131r\u201d \u015feklinde konu\u015ftu.<\/p>\n<p>\u00d6\u011frenci velisi Dervi\u015f \u00c7akar ise, \u201c\u00d6\u011fretmenlerimizin yapm\u0131\u015f oldu\u011fu etkinli\u011fe ben de \u00f6\u011frencimle kat\u0131ld\u0131m. \u00c7ocuklar\u0131m\u0131z gayet memnun. Bundan dolay\u0131 \u00f6\u011fretmenlerimize te\u015fekk\u00fcr ederiz\u201d diye konu\u015ftu.<\/p>\n","protected":false},"excerpt":{"rendered":"<p>B\u0130NG\u00d6L\u2019DE \u00d6\u011eRENC\u0130LER KADAR \u00d6\u011eRETMENLER DE ARA TAT\u0130L\u0130 BO\u015e GE\u00c7\u0130RM\u0130YOR. OKUL BAH\u00c7ES\u0130NDE OK ATIP, ERBANE \u00c7ALARAK VE D ARA TAT\u0130L\u0130 DAHA DOLU GE\u00c7\u0130R\u0130YOR.<\/p>\n","protected":false},"author":1,"featured_media":231390,"comment_status":"closed","ping_status":"open","sticky":false,"template":"","format":"standard","meta":{"jetpack_post_was_ever_published":false,"_jetpack_newsletter_access":"","_jetpack_dont_email_post_to_subs":false,"_jetpack_newsletter_tier_id":0,"_jetpack_memberships_contains_paywalled_content":false,"_jetpack_memberships_contains_paid_content":false,"footnotes":"","jetpack_publicize_message":"","jetpack_publicize_feature_enabled":true,"jetpack_social_post_already_shared":true,"jetpack_social_options":{"image_generator_settings":{"template":"highway","default_image_id":0,"font":"","enabled":false},"version":2}},"categories":[1],"tags":[112,6667,17206,3562,2210],"class_list":["post-231389","post","type-post","status-publish","format-standard","has-post-thumbnail","hentry","category-genel","tag-ara","tag-dolu","tag-geciriyor","tag-ogretmenler","tag-tatili"],"jetpack_publicize_connections":[],"jetpack_featured_media_url":"https:\/\/i0.wp.com\/www.tvturk.com\/wp-content\/uploads\/2019\/11\/ogretmenler-ara-tatili-dolu-dolu-geciriyor_1a19e9e.jpg?fit=1000%2C750","jetpack_sharing_enabled":true,"jetpack_shortlink":"https:\/\/wp.me\/paKIfm-Yc5","_links":{"self":[{"href":"http:\/\/www.tvturk.com\/index.php\/wp-json\/wp\/v2\/posts\/231389","targetHints":{"allow":["GET"]}}],"collection":[{"href":"http:\/\/www.tvturk.com\/index.php\/wp-json\/wp\/v2\/posts"}],"about":[{"href":"http:\/\/www.tvturk.com\/index.php\/wp-json\/wp\/v2\/types\/post"}],"author":[{"embeddable":true,"href":"http:\/\/www.tvturk.com\/index.php\/wp-json\/wp\/v2\/users\/1"}],"replies":[{"embeddable":true,"href":"http:\/\/www.tvturk.com\/index.php\/wp-json\/wp\/v2\/comments?post=231389"}],"version-history":[{"count":0,"href":"http:\/\/www.tvturk.com\/index.php\/wp-json\/wp\/v2\/posts\/231389\/revisions"}],"wp:featuredmedia":[{"embeddable":true,"href":"http:\/\/www.tvturk.com\/index.php\/wp-json\/wp\/v2\/media\/231390"}],"wp:attachment":[{"href":"http:\/\/www.tvturk.com\/index.php\/wp-json\/wp\/v2\/media?parent=231389"}],"wp:term":[{"taxonomy":"category","embeddable":true,"href":"http:\/\/www.tvturk.com\/index.php\/wp-json\/wp\/v2\/categories?post=231389"},{"taxonomy":"post_tag","embeddable":true,"href":"http:\/\/www.tvturk.com\/index.php\/wp-json\/wp\/v2\/tags?post=231389"}],"curies":[{"name":"wp","href":"https:\/\/api.w.org\/{rel}","templated":true}]}}