{"id":231403,"date":"2019-11-22T13:02:08","date_gmt":"2019-11-22T10:02:08","guid":{"rendered":"http:\/\/www.tvturk.com\/index.php\/yahudi-yerlesimciler-filistinlilere-ait-25-araci-tahrip-etti\/"},"modified":"2019-11-22T13:02:08","modified_gmt":"2019-11-22T10:02:08","slug":"yahudi-yerlesimciler-filistinlilere-ait-25-araci-tahrip-etti","status":"publish","type":"post","link":"http:\/\/www.tvturk.com\/index.php\/yahudi-yerlesimciler-filistinlilere-ait-25-araci-tahrip-etti\/","title":{"rendered":"Yahudi yerle\u015fimciler Filistinlilere ait 25 arac\u0131 tahrip etti"},"content":{"rendered":"<p>Yahudi yerle\u015fimciler Bat\u0131 \u015eeria\u2019da Filistinlilere ait 25 arac\u0131 tahrip etti ve baz\u0131lar\u0131n\u0131 ate\u015fe verdi.<\/p>\n<p>Yahudi yerle\u015fimciler gece saatlerinde Bat\u0131 \u015eeria\u2019n\u0131n farkl\u0131 b\u00f6lgelerinde Filistinlilere ait 25 arac\u0131 tahrip edip baz\u0131lar\u0131n\u0131 ate\u015fe verdi. Bat\u0131 \u015eeria\u2019daki yasa d\u0131\u015f\u0131 yerle\u015fimlerden sorumlu Filistinli h\u00fck\u00fcmet yetkilisi Gassan Daglas yapt\u0131\u011f\u0131 a\u00e7\u0131klamada, bir grup yerle\u015fimcinin Bat\u0131 \u015eeria\u2019n\u0131n Nablus b\u00f6lgesinin Beyt Dajan, Kaplan ve el-Majdal b\u00f6lgelerine bask\u0131n d\u00fczenledi\u011fini ve Filistinlilere ait ara\u00e7lar\u0131 tahrip etti\u011fini s\u00f6yledi. Daglas, yerle\u015fimcilerin baz\u0131 ara\u00e7lar\u0131 ate\u015fe verdi\u011fini ve Filistinlilere ait baz\u0131 evlerin duvarlar\u0131na \u0131rk\u00e7\u0131 sloganlar yazd\u0131\u011f\u0131n\u0131 belirtti.<\/p>\n<p>Bat\u0131 \u015eeria\u2019da Filistinliler s\u0131k s\u0131k bu t\u00fcr sald\u0131r\u0131lara maruz kal\u0131yor. \u00d6te yandan i\u015fgal alt\u0131ndaki Bat\u0131 \u015eeria ve Do\u011fu Kud\u00fcs\u2019te 650 bini a\u015fk\u0131n Yahudi yerle\u015fimci ya\u015f\u0131yor.<\/p>\n","protected":false},"excerpt":{"rendered":"<p>YAHUD\u0130 YERLE\u015e\u0130MC\u0130LER BATI \u015eER\u0130A&#8217;DA F\u0130L\u0130ST\u0130NL\u0130LERE A\u0130T 25 ARACI TAHR\u0130P ETT\u0130 VE BAZILARINI ATE\u015eE VERD\u0130.<\/p>\n","protected":false},"author":1,"featured_media":231404,"comment_status":"closed","ping_status":"open","sticky":false,"template":"","format":"standard","meta":{"jetpack_post_was_ever_published":false,"_jetpack_newsletter_access":"","_jetpack_dont_email_post_to_subs":false,"_jetpack_newsletter_tier_id":0,"_jetpack_memberships_contains_paywalled_content":false,"_jetpack_memberships_contains_paid_content":false,"footnotes":"","jetpack_publicize_message":"","jetpack_publicize_feature_enabled":true,"jetpack_social_post_already_shared":true,"jetpack_social_options":{"image_generator_settings":{"template":"highway","default_image_id":0,"font":"","enabled":false},"version":2}},"categories":[10],"tags":[1215,321,207,32674,6557,16473,58298],"class_list":["post-231403","post","type-post","status-publish","format-standard","has-post-thumbnail","hentry","category-dunya","tag-ait","tag-araci","tag-etti","tag-filistinlilere","tag-tahrip","tag-yahudi","tag-yerlesimciler"],"jetpack_publicize_connections":[],"jetpack_featured_media_url":"https:\/\/i0.wp.com\/www.tvturk.com\/wp-content\/uploads\/2019\/11\/yahudi-yerlesimciler-filistinlilere-ait-25-araci-tahrip-etti_e03ca11.jpg?fit=720%2C364","jetpack_sharing_enabled":true,"jetpack_shortlink":"https:\/\/wp.me\/paKIfm-Ycj","_links":{"self":[{"href":"http:\/\/www.tvturk.com\/index.php\/wp-json\/wp\/v2\/posts\/231403","targetHints":{"allow":["GET"]}}],"collection":[{"href":"http:\/\/www.tvturk.com\/index.php\/wp-json\/wp\/v2\/posts"}],"about":[{"href":"http:\/\/www.tvturk.com\/index.php\/wp-json\/wp\/v2\/types\/post"}],"author":[{"embeddable":true,"href":"http:\/\/www.tvturk.com\/index.php\/wp-json\/wp\/v2\/users\/1"}],"replies":[{"embeddable":true,"href":"http:\/\/www.tvturk.com\/index.php\/wp-json\/wp\/v2\/comments?post=231403"}],"version-history":[{"count":0,"href":"http:\/\/www.tvturk.com\/index.php\/wp-json\/wp\/v2\/posts\/231403\/revisions"}],"wp:featuredmedia":[{"embeddable":true,"href":"http:\/\/www.tvturk.com\/index.php\/wp-json\/wp\/v2\/media\/231404"}],"wp:attachment":[{"href":"http:\/\/www.tvturk.com\/index.php\/wp-json\/wp\/v2\/media?parent=231403"}],"wp:term":[{"taxonomy":"category","embeddable":true,"href":"http:\/\/www.tvturk.com\/index.php\/wp-json\/wp\/v2\/categories?post=231403"},{"taxonomy":"post_tag","embeddable":true,"href":"http:\/\/www.tvturk.com\/index.php\/wp-json\/wp\/v2\/tags?post=231403"}],"curies":[{"name":"wp","href":"https:\/\/api.w.org\/{rel}","templated":true}]}}