{"id":231453,"date":"2019-11-22T14:03:21","date_gmt":"2019-11-22T11:03:21","guid":{"rendered":"http:\/\/www.tvturk.com\/index.php\/tita-futbola-veda-etti\/"},"modified":"2019-11-22T14:03:21","modified_gmt":"2019-11-22T11:03:21","slug":"tita-futbola-veda-etti","status":"publish","type":"post","link":"http:\/\/www.tvturk.com\/index.php\/tita-futbola-veda-etti\/","title":{"rendered":"Tita, futbola veda etti"},"content":{"rendered":"<p>T\u00fcrkiye\u2019de  uzun y\u0131llar futbol oynayan Sidney Cristiano Dos Santos Tita, profesyonel futbolculuk kariyerine nokta koydu. Tita, kendisine bug\u00fcne kadar destek veren herkese ve t\u00fcm futbolseverlere te\u015fekk\u00fcr ederken, yapt\u0131\u011f\u0131 a\u00e7\u0131klama ile futbolculuk ya\u015fam\u0131na nokta koydu\u011funu a\u00e7\u0131klad\u0131.<\/p>\n<p>Yakla\u015f\u0131k 20 y\u0131ld\u0131r s\u00fcrd\u00fcrd\u00fc\u011f\u00fc profesyonel kariyerine, futbola virg\u00fcl koyarak veda etti\u011fini payla\u015fan Tita, &#8220;\u00dclkem Brezilya\u2019da ba\u015flad\u0131\u011f\u0131m kariyerime, vatanda\u015f\u0131 oldu\u011fum T\u00fcrkiye\u2019mde nokta koymu\u015f olman\u0131n mutlulu\u011funu ya\u015f\u0131yorum. Ankara\u2019da ba\u015flayan, Antalya\u2019da devam eden, Mersin, G\u00fcm\u00fc\u015fhane ve Nev\u015fehir\u2019de son bulan uzun ve g\u00fczel y\u0131llar boyunca bana g\u00fcvenen, deste\u011fini esirgemeyen ba\u015fta ailem, dostlar\u0131m, kader birli\u011fi yapt\u0131\u011f\u0131m futbolcu arkada\u015flar\u0131m, antren\u00f6rlerim, y\u00f6neticilerim ve T\u00fcrk futbolseverlere sonsuz te\u015fekk\u00fcrlerimi sunar\u0131m. Futboldan de\u011fil, formas\u0131n\u0131 giydi\u011fim her kul\u00fcpte bana g\u00f6sterilen sevgi ve sayg\u0131dan uzak kalaca\u011f\u0131m i\u00e7in h\u00fcz\u00fcn ya\u015f\u0131yorum. Ba\u015fta torunlar\u0131ma anlataca\u011f\u0131m bir sevgi \u00e7emberinin i\u00e7inde futbol oynama \u015fans\u0131 buldu\u011fum Antalyaspor ve art\u0131k memleketim olarak g\u00f6rd\u00fc\u011f\u00fcm Antalya olmak \u00fczere, futbol ya\u015fant\u0131mda formas\u0131n\u0131 giydi\u011fim her kul\u00fcbe, \u015fehre ve taraftarlar\u0131na minnet bor\u00e7luyum&#8221; dedi.<\/p>\n","protected":false},"excerpt":{"rendered":"<p>T\u00dcRK\u0130YE&#8217;DE  UZUN YILLAR FUTBOL OYNAYAN S\u0130DNEY CR\u0130ST\u0130ANO DOS SANTOS T\u0130TA, PROFESYONEL FUTBOLCULUK KAR\u0130YER\u0130NE NOKTA KOYDU. T\u0130TA, KEND\u0130S\u0130NE BU G\u00dcNE KADAR DESTEK VEREN HERKESE VE T\u00dcM FUTBOLSEVERLERE TE\u015eEKK\u00dcR EDERKEN, YAPTI\u011eI A\u00c7IKLAMA \u0130LE FUTBOLCULUK YA\u015eAMINA NOKTA KOYDU\u011eUNU A\u00c7IKLADI.<\/p>\n","protected":false},"author":1,"featured_media":231454,"comment_status":"closed","ping_status":"open","sticky":false,"template":"","format":"standard","meta":{"jetpack_post_was_ever_published":false,"_jetpack_newsletter_access":"","_jetpack_dont_email_post_to_subs":false,"_jetpack_newsletter_tier_id":0,"_jetpack_memberships_contains_paywalled_content":false,"_jetpack_memberships_contains_paid_content":false,"footnotes":"","jetpack_publicize_message":"","jetpack_publicize_feature_enabled":true,"jetpack_social_post_already_shared":true,"jetpack_social_options":{"image_generator_settings":{"template":"highway","default_image_id":0,"font":"","enabled":false},"version":2}},"categories":[657],"tags":[207,41010,58309,4421],"class_list":["post-231453","post","type-post","status-publish","format-standard","has-post-thumbnail","hentry","category-spor","tag-etti","tag-futbola","tag-tita","tag-veda"],"jetpack_publicize_connections":[],"jetpack_featured_media_url":"https:\/\/i0.wp.com\/www.tvturk.com\/wp-content\/uploads\/2019\/11\/tita-futbola-veda-etti_e7e1bca.jpg?fit=1000%2C897","jetpack_sharing_enabled":true,"jetpack_shortlink":"https:\/\/wp.me\/paKIfm-Yd7","_links":{"self":[{"href":"http:\/\/www.tvturk.com\/index.php\/wp-json\/wp\/v2\/posts\/231453","targetHints":{"allow":["GET"]}}],"collection":[{"href":"http:\/\/www.tvturk.com\/index.php\/wp-json\/wp\/v2\/posts"}],"about":[{"href":"http:\/\/www.tvturk.com\/index.php\/wp-json\/wp\/v2\/types\/post"}],"author":[{"embeddable":true,"href":"http:\/\/www.tvturk.com\/index.php\/wp-json\/wp\/v2\/users\/1"}],"replies":[{"embeddable":true,"href":"http:\/\/www.tvturk.com\/index.php\/wp-json\/wp\/v2\/comments?post=231453"}],"version-history":[{"count":0,"href":"http:\/\/www.tvturk.com\/index.php\/wp-json\/wp\/v2\/posts\/231453\/revisions"}],"wp:featuredmedia":[{"embeddable":true,"href":"http:\/\/www.tvturk.com\/index.php\/wp-json\/wp\/v2\/media\/231454"}],"wp:attachment":[{"href":"http:\/\/www.tvturk.com\/index.php\/wp-json\/wp\/v2\/media?parent=231453"}],"wp:term":[{"taxonomy":"category","embeddable":true,"href":"http:\/\/www.tvturk.com\/index.php\/wp-json\/wp\/v2\/categories?post=231453"},{"taxonomy":"post_tag","embeddable":true,"href":"http:\/\/www.tvturk.com\/index.php\/wp-json\/wp\/v2\/tags?post=231453"}],"curies":[{"name":"wp","href":"https:\/\/api.w.org\/{rel}","templated":true}]}}