{"id":231485,"date":"2019-11-22T14:46:37","date_gmt":"2019-11-22T11:46:37","guid":{"rendered":"http:\/\/www.tvturk.com\/index.php\/akis-gyonun-kurumsal-yonetim-derecelendirme-notu-yukseldi\/"},"modified":"2019-11-22T14:46:37","modified_gmt":"2019-11-22T11:46:37","slug":"akis-gyonun-kurumsal-yonetim-derecelendirme-notu-yukseldi","status":"publish","type":"post","link":"http:\/\/www.tvturk.com\/index.php\/akis-gyonun-kurumsal-yonetim-derecelendirme-notu-yukseldi\/","title":{"rendered":"Aki\u015f GYO\u2019nun kurumsal y\u00f6netim derecelendirme notu y\u00fckseldi"},"content":{"rendered":"<p>Aki\u015f Gayrimenkul Yat\u0131r\u0131m Ortakl\u0131\u011f\u0131 kurumsal derecelendirme notuyla gayrimenkul ve in\u015faat sekt\u00f6r\u00fcnde zirvedeki yerini korurken, kurumsal y\u00f6netim derecelendirme notu 9,62 (96,19) olarak g\u00fcncellendi.<\/p>\n<p>Akk\u00f6k Holding\u2019in stratejik i\u015f alanlar\u0131 aras\u0131nda konumland\u0131rd\u0131\u011f\u0131 gayrimenkul sekt\u00f6r\u00fcndeki i\u015ftiraki Aki\u015f Gayrimenkul Yat\u0131r\u0131m Ortakl\u0131\u011f\u0131 (GYO), b\u00fcy\u00fcmesini y\u00fckselen kurumsal y\u00f6netim notu ile per\u00e7inledi. \u015eirketin kurumsal y\u00f6netim ilkelerine uyum derecelendirmesine ait \u00e7al\u0131\u015fmalar\u0131, T\u00fcrkiye\u2019de Sermaye Piyasas\u0131 Kurulu (SPK) Kurumsal Y\u00f6netim \u0130lkeleri\u2019ne uygun olarak derecelendirme yapmak \u00fczere faaliyet izni bulunan, Saha Kurumsal Y\u00f6netim ve Kredi Derecelendirme Hizmetleri A.\u015e. taraf\u0131ndan tamamland\u0131. 21 Kas\u0131m 2019 tarihi itibariyle \u015firketin kurumsal y\u00f6netim derecelendirme notu 9,62 (96,19) olarak a\u00e7\u0131kland\u0131. Aki\u015f GYO\u2019nun 2018 y\u0131l\u0131 kurumsal y\u00f6netim derecelendirme notu 9,54 olarak a\u00e7\u0131klanm\u0131\u015ft\u0131.<\/p>\n<p>\u201c\u00dclkemiz ekonomisi i\u00e7in de\u011fer yaratmaya devam edece\u011fiz\u201d<\/p>\n<p>Aki\u015f GYO Y\u00f6netim Kurulu \u00dcyesi ve Genel M\u00fcd\u00fcr\u00fc \u0130.G\u00f6k\u015fin Durusoy konuyla ilgili olarak yapt\u0131\u011f\u0131 a\u00e7\u0131klamada nitelikli ve y\u00fcksek kira getirili portf\u00f6y yap\u0131s\u0131 ve kurumsall\u0131k anlay\u0131\u015f\u0131 ile T\u00fcrkiye\u2019de bulunan di\u011fer GYO\u2019lar aras\u0131nda farkl\u0131 bir konuma sahip olduklar\u0131n\u0131 s\u00f6yledi. Durusoy, \u201c\u00d6zellikle kurumsal yat\u0131r\u0131mc\u0131lar\u0131n g\u00f6z\u00fcnde GYO denilince akla gelen ilk marka olmak istiyoruz. Sermaye piyasalar\u0131ndaki yat\u0131r\u0131mc\u0131lar a\u00e7\u0131s\u0131ndan yat\u0131r\u0131m kriterleri aras\u0131nda say\u0131lan kurumsal y\u00f6netim derecelendirme notumuzun y\u00fckselmesi bizleri mutlu etti. Orta ve uzun vadede gelirlerimizin artmas\u0131 ve \u00fclkemiz ekonomisi i\u00e7in yeni de\u011ferler yarat\u0131lmas\u0131 \u015firketimiz i\u00e7in \u00f6ncelik olmaya devam edecek. Bu vesileyle ba\u015far\u0131m\u0131zda katk\u0131lar\u0131 bulunan \u00e7al\u0131\u015fanlar\u0131m\u0131z ve t\u00fcm payda\u015flar\u0131m\u0131za bir kez daha te\u015fekk\u00fcrlerimi iletiyorum\u201d dedi.<\/p>\n","protected":false},"excerpt":{"rendered":"<p>\u0130.G\u00d6K\u015e\u0130N DURUSOY<\/p>\n","protected":false},"author":1,"featured_media":231486,"comment_status":"closed","ping_status":"open","sticky":false,"template":"","format":"standard","meta":{"jetpack_post_was_ever_published":false,"_jetpack_newsletter_access":"","_jetpack_dont_email_post_to_subs":false,"_jetpack_newsletter_tier_id":0,"_jetpack_memberships_contains_paywalled_content":false,"_jetpack_memberships_contains_paid_content":false,"footnotes":"","jetpack_publicize_message":"","jetpack_publicize_feature_enabled":true,"jetpack_social_post_already_shared":true,"jetpack_social_options":{"image_generator_settings":{"template":"highway","default_image_id":0,"font":"","enabled":false},"version":2}},"categories":[19],"tags":[32246,58332,50904,5084,18677,246,1681],"class_list":["post-231485","post","type-post","status-publish","format-standard","has-post-thumbnail","hentry","category-ekonomi","tag-akis","tag-derecelendirme","tag-gyonun","tag-kurumsal","tag-notu","tag-yonetim","tag-yukseldi"],"jetpack_publicize_connections":[],"jetpack_featured_media_url":"https:\/\/i0.wp.com\/www.tvturk.com\/wp-content\/uploads\/2019\/11\/akis-gyonun-kurumsal-yonetim-derecelendirme-notu-yukseldi_0ca45c0.jpg?fit=1000%2C750","jetpack_sharing_enabled":true,"jetpack_shortlink":"https:\/\/wp.me\/paKIfm-YdD","_links":{"self":[{"href":"http:\/\/www.tvturk.com\/index.php\/wp-json\/wp\/v2\/posts\/231485","targetHints":{"allow":["GET"]}}],"collection":[{"href":"http:\/\/www.tvturk.com\/index.php\/wp-json\/wp\/v2\/posts"}],"about":[{"href":"http:\/\/www.tvturk.com\/index.php\/wp-json\/wp\/v2\/types\/post"}],"author":[{"embeddable":true,"href":"http:\/\/www.tvturk.com\/index.php\/wp-json\/wp\/v2\/users\/1"}],"replies":[{"embeddable":true,"href":"http:\/\/www.tvturk.com\/index.php\/wp-json\/wp\/v2\/comments?post=231485"}],"version-history":[{"count":0,"href":"http:\/\/www.tvturk.com\/index.php\/wp-json\/wp\/v2\/posts\/231485\/revisions"}],"wp:featuredmedia":[{"embeddable":true,"href":"http:\/\/www.tvturk.com\/index.php\/wp-json\/wp\/v2\/media\/231486"}],"wp:attachment":[{"href":"http:\/\/www.tvturk.com\/index.php\/wp-json\/wp\/v2\/media?parent=231485"}],"wp:term":[{"taxonomy":"category","embeddable":true,"href":"http:\/\/www.tvturk.com\/index.php\/wp-json\/wp\/v2\/categories?post=231485"},{"taxonomy":"post_tag","embeddable":true,"href":"http:\/\/www.tvturk.com\/index.php\/wp-json\/wp\/v2\/tags?post=231485"}],"curies":[{"name":"wp","href":"https:\/\/api.w.org\/{rel}","templated":true}]}}