{"id":231591,"date":"2019-11-22T17:48:01","date_gmt":"2019-11-22T14:48:01","guid":{"rendered":"http:\/\/www.tvturk.com\/index.php\/trabzonspor-mke-ankaragucu-maci-hazirliklarini-tamamladi\/"},"modified":"2019-11-22T17:48:01","modified_gmt":"2019-11-22T14:48:01","slug":"trabzonspor-mke-ankaragucu-maci-hazirliklarini-tamamladi","status":"publish","type":"post","link":"http:\/\/www.tvturk.com\/index.php\/trabzonspor-mke-ankaragucu-maci-hazirliklarini-tamamladi\/","title":{"rendered":"Trabzonspor, MKE Ankarag\u00fcc\u00fc ma\u00e7\u0131 haz\u0131rl\u0131klar\u0131n\u0131 tamamlad\u0131"},"content":{"rendered":"<p>S\u00fcper Lig\u2019in 12. haftas\u0131nda deplasmanda MKE Ankarag\u00fcc\u00fc ile kar\u015f\u0131la\u015facak olan Trabzonspor, bu ma\u00e7\u0131n haz\u0131rl\u0131klar\u0131n\u0131 tamamlad\u0131.<\/p>\n<p>Mehmet Ali Y\u0131lmaz Tesisleri\u2019nde, Teknik Direkt\u00f6r \u00dcnal Karaman y\u00f6netiminde yap\u0131lan \u00e7al\u0131\u015fmaya tedavileri s\u00fcren Abdulkadir \u00d6m\u00fcr, Filip Novak\u2019\u0131n yan\u0131 s\u0131ra d\u00fcnk\u00fc antrenmanda sakatlanan Abdurrahim Dursun yer almad\u0131. Ekuban ve Sturridge ise tak\u0131mda ayr\u0131 \u00e7al\u0131\u015ft\u0131. Bordo-mavililer bas\u0131n ve taraftara kapal\u0131 olarak ger\u00e7ekle\u015ftirilen antrenmanda taktik a\u011f\u0131rl\u0131kl\u0131 bir \u00e7al\u0131\u015fma yapt\u0131.<\/p>\n<p>Trabzonspor kafilesi, bu ak\u015fam saat 18.00\u2019de Ankara\u2019ya hareket edecek. Kamp yapaca\u011f\u0131 otele yerle\u015fecek olan bordo-mavililer burada ma\u00e7 saatini bekleyecek. Trabzonspor kafilesinde ise 21 futbolcu yer alacak. Cezal\u0131 olan U\u011furcan \u00c7ak\u0131r ve Abdulkadir Parmak kafilede yer alm\u0131yor. Tedavileri s\u00fcren Filip  Novak, Abdurrahim Dursun,  Ekuban ve Sturridge\u2019nin yan\u0131 s\u0131ra Onazi\u2019de MKE Ankarag\u00fcc\u00fc kadrosunda yer almayan isimler oldu.<\/p>\n<p>Bordo-mavililerde Erce Karde\u015fler, Arda Akbulut, Ka\u011fan Moradao\u011flu, Hosseini, H\u00fcseyin T\u00fcrkmen, Campi, Fernandes, Pereira, Kamil Ahmet \u00c7\u00f6rek\u00e7i, Serkan Asan, Obi Mikel, Do\u011fan Erdo\u011fan, Sosa, Ahmet Canbaz, Avd\u0131jaj, Cafer Tosun, Yusuf Sar\u0131, Nwakaeme, F\u0131ratcan \u00dcz\u00fcm,  S\u00f6rloth, Koray K\u0131l\u0131n\u00e7 Ankara\u2019ya g\u00f6t\u00fcr\u00fclen isimler oldu.<\/p>\n","protected":false},"excerpt":{"rendered":"<p>S\u00dcPER L\u0130G&#8217;\u0130N 12. HAFTASINDA DEPLASMANDA MKE ANKARAG\u00dcC\u00dc \u0130LE KAR\u015eILA\u015eACAK OLAN TRABZONSPOR, BU MA\u00c7IN HAZIRLIKLARINI TAMAMLADI.<\/p>\n","protected":false},"author":1,"featured_media":231592,"comment_status":"closed","ping_status":"open","sticky":false,"template":"","format":"standard","meta":{"jetpack_post_was_ever_published":false,"_jetpack_newsletter_access":"","_jetpack_dont_email_post_to_subs":false,"_jetpack_newsletter_tier_id":0,"_jetpack_memberships_contains_paywalled_content":false,"_jetpack_memberships_contains_paid_content":false,"footnotes":"","jetpack_publicize_message":"","jetpack_publicize_feature_enabled":true,"jetpack_social_post_already_shared":true,"jetpack_social_options":{"image_generator_settings":{"template":"highway","default_image_id":0,"font":"","enabled":false},"version":2}},"categories":[657],"tags":[8184,2628,777,9906,637,916],"class_list":["post-231591","post","type-post","status-publish","format-standard","has-post-thumbnail","hentry","category-spor","tag-ankaragucu","tag-hazirliklarini","tag-maci","tag-mke","tag-tamamladi","tag-trabzonspor"],"jetpack_publicize_connections":[],"jetpack_featured_media_url":"https:\/\/i0.wp.com\/www.tvturk.com\/wp-content\/uploads\/2019\/11\/trabzonspor-mke-ankaragucu-maci-hazirliklarini-tamamladi_47dee72.jpg?fit=1000%2C700","jetpack_sharing_enabled":true,"jetpack_shortlink":"https:\/\/wp.me\/paKIfm-Yfl","_links":{"self":[{"href":"http:\/\/www.tvturk.com\/index.php\/wp-json\/wp\/v2\/posts\/231591","targetHints":{"allow":["GET"]}}],"collection":[{"href":"http:\/\/www.tvturk.com\/index.php\/wp-json\/wp\/v2\/posts"}],"about":[{"href":"http:\/\/www.tvturk.com\/index.php\/wp-json\/wp\/v2\/types\/post"}],"author":[{"embeddable":true,"href":"http:\/\/www.tvturk.com\/index.php\/wp-json\/wp\/v2\/users\/1"}],"replies":[{"embeddable":true,"href":"http:\/\/www.tvturk.com\/index.php\/wp-json\/wp\/v2\/comments?post=231591"}],"version-history":[{"count":0,"href":"http:\/\/www.tvturk.com\/index.php\/wp-json\/wp\/v2\/posts\/231591\/revisions"}],"wp:featuredmedia":[{"embeddable":true,"href":"http:\/\/www.tvturk.com\/index.php\/wp-json\/wp\/v2\/media\/231592"}],"wp:attachment":[{"href":"http:\/\/www.tvturk.com\/index.php\/wp-json\/wp\/v2\/media?parent=231591"}],"wp:term":[{"taxonomy":"category","embeddable":true,"href":"http:\/\/www.tvturk.com\/index.php\/wp-json\/wp\/v2\/categories?post=231591"},{"taxonomy":"post_tag","embeddable":true,"href":"http:\/\/www.tvturk.com\/index.php\/wp-json\/wp\/v2\/tags?post=231591"}],"curies":[{"name":"wp","href":"https:\/\/api.w.org\/{rel}","templated":true}]}}