{"id":231609,"date":"2019-11-22T18:32:35","date_gmt":"2019-11-22T15:32:35","guid":{"rendered":"http:\/\/www.tvturk.com\/index.php\/turk-tarih-kurumu-93-harbinin-unutulmus-multecileri-konferansina-ev-sahipligi-yapti\/"},"modified":"2019-11-22T18:32:35","modified_gmt":"2019-11-22T15:32:35","slug":"turk-tarih-kurumu-93-harbinin-unutulmus-multecileri-konferansina-ev-sahipligi-yapti","status":"publish","type":"post","link":"http:\/\/www.tvturk.com\/index.php\/turk-tarih-kurumu-93-harbinin-unutulmus-multecileri-konferansina-ev-sahipligi-yapti\/","title":{"rendered":"T\u00fcrk Tarih Kurumu 93 Harbi\u2019nin Unutulmu\u015f M\u00fcltecileri Konferans\u0131na ev sahipli\u011fi yapt\u0131"},"content":{"rendered":"<p>Atat\u00fcrk K\u00fclt\u00fcr, Dil ve Tarih Y\u00fcksek Kurumu b\u00fcnyesindeki T\u00fcrk Tarih Kurumu 21 Kas\u0131m\u2019da William Holt taraf\u0131ndan verilen \u201cBalkan Kayb\u0131: 93 Harbi\u2019nin Unutulu\u015f Muhacirleri\u201d isimli konferansa ev sahipli\u011fi yapt\u0131.<\/p>\n<p>Yarg\u0131tay Ba\u015fkan\u0131 \u0130smail R\u00fc\u015ft\u00fc Cirit, Atat\u00fcrk K\u00fclt\u00fcr, Dil ve Tarih Y\u00fcksek Kurumu Ba\u015fkan\u0131 Prof. Dr. Muhammet Hekimo\u011flu, T\u00fcrk Tarih Kurumu Ba\u015fkan\u0131 Prof. Dr. Refik Turan ve Emekli B\u00fcy\u00fckel\u00e7i Bilal \u015eim\u015fir\u2019in yan\u0131 s\u0131ra \u00e7ok say\u0131da akademisyen ve \u00f6\u011frencinin kat\u0131l\u0131m\u0131yla d\u00fczenlenen konferans\u0131n \u00f6ncesinde konu\u015fan T\u00fcrk Tarih Kurumu Ba\u015fkan\u0131 Prof. Dr. Refik Turan, Balkanlar\u2019\u0131n T\u00fcrkiye i\u00e7in \u201cvatanla\u015fma\u201d s\u00fcrecini ifade eden topraklar oldu\u011funu s\u00f6yledi. \u201cOsmanl\u0131\u2019n\u0131n son y\u00fczy\u0131l\u0131nda vatanla\u015fman\u0131n bir kanad\u0131 koptu\u201d diyen Prof. Dr. Turan, insanl\u0131k a\u00e7\u0131s\u0131ndan hazin hikayelere ev sahipli\u011fi yapan Balkanlar\u2019da 93 Harbi ve Balkan Harbi neticesinde ya\u015fananlar\u0131n da bu hazin hikayelerden oldu\u011funu belirtti.<\/p>\n<p>Prof. Dr. Refik Turan\u2019\u0131n konu\u015fmas\u0131n\u0131n ard\u0131ndan Osmanl\u0131 Devleti\u2019nin Balkanlar\u2019dan \u00e7ekilmesi s\u00fcrecinde ya\u015fanan olaylara dair bir konferans veren William Holt ise s\u0131n\u0131rlar\u0131n insan fakt\u00f6r\u00fc g\u00f6z \u00f6n\u00fcnde bulundurularak ele al\u0131nmas\u0131 gerekti\u011fini s\u00f6yledi. \u201cBalkanlar\u2019daki M\u00fcsl\u00fcman hayat Ruslar geldi\u011finde yok oldu\u201d diyen Holt, 93 Harbi s\u0131ras\u0131nda Balkanlar\u2019da ya\u015fanan h\u0131rs\u0131zl\u0131k, katliam, tecav\u00fcz ve g\u00f6\u00e7e zorlanma gibi olaylar\u0131n Bat\u0131\u2019da hi\u00e7 bilinmedi\u011fini, Balkanlar\u2019da ise bu olaylar\u0131n inkar edildi\u011fini dile getirdi. B\u00fcy\u00fck bir dram bar\u0131nd\u0131ran bu olaylar\u0131n Rus\u00e7a kaynaklardan da izlenebildi\u011fini s\u00f6yleyen Holt, Ruslar taraf\u0131ndan M\u00fcsl\u00fcmanlara kar\u015f\u0131 tahrik edilen Bulgarlar\u0131n da kar\u0131\u015ft\u0131\u011f\u0131 hadiselerin \u00f6\u00e7 alma ve yok etme politikas\u0131na dayand\u0131\u011f\u0131n\u0131 belirtti. Ya\u015fanan katliamlar sonucunda \u0130stanbul\u2019a g\u00f6\u00e7 etmek durumunda kalan muhacirlerin bazen 60 km\u2019yi bulan kervanlar olu\u015fturdu\u011funu ifade eden Holt, bu kervanlara da sald\u0131r\u0131lar d\u00fczenlendi\u011fini dile getirdi. Holt, 93 Harbi muhacirlerinin hikayelerinin T\u00fcrkiye\u2019de az bilindi\u011fini ifade ederek konu\u015fmas\u0131n\u0131n devam\u0131nda bu durumun nedenlerine de\u011findi. Muhacirlerin iskan\u0131n\u0131n nispeten \u00e7abuk sa\u011fland\u0131\u011f\u0131na dikkat \u00e7eken Holt, bu sayede muhacirlerin bir m\u00fclteci kimli\u011fi benimsemeden yeni hayatlar\u0131na ba\u015flayabildi\u011fini s\u00f6yledi. Muhacirler aras\u0131nda okuma yazma oran\u0131n\u0131n y\u00fcksek olmamas\u0131 nedeniyle bu olaylara dair \u00e7ok fazla hat\u0131ra b\u0131rak\u0131lmad\u0131\u011f\u0131n\u0131 da ifade eden Holt, 93 Harbi\u2019nden k\u0131sa s\u00fcre sonra ba\u015flayan Balkan Sava\u015flar\u0131n\u0131n yeni m\u00fclteci ak\u0131nlar\u0131na neden oldu\u011funu an\u0131msatarak 93 Harbi muhacirlerinin sonraki g\u00f6\u00e7 ak\u0131nlar\u0131 kar\u015f\u0131s\u0131nda yerli halk konumuna geldi\u011fini dile getirdi. Bu geli\u015fmeler neticesinde 93 Harbi muhacirlerinin Balkanlar\u2019da ya\u015fad\u0131klar\u0131 tecr\u00fcbelerin unutuldu\u011funu belirten Holt, Cumhuriyet\u2019le birlikte Balkan muhacirleri de dahil olmak \u00fczere t\u00fcm T\u00fcrk Milleti i\u00e7in yeni bir kimlik ve yeni bir tarihin olu\u015ftu\u011funu da s\u00f6zlerine ekledi.<\/p>\n<p>Konferans\u0131n ard\u0131ndan Yarg\u0131tay Ba\u015fkan\u0131 \u0130smail R\u00fc\u015ft\u00fc Cirit, Holt\u2019u Bat\u0131\u2019n\u0131n g\u00f6z ard\u0131 etti\u011fi tarihi ger\u00e7eklere dikkat \u00e7ekti\u011fi i\u00e7in tebrik ederek kendisine hediye takdiminde bulundu.<\/p>\n","protected":false},"excerpt":{"rendered":"<p>ATAT\u00dcRK K\u00dcLT\u00dcR, D\u0130L VE TAR\u0130H Y\u00dcKSEK KURUMU B\u00dcNYES\u0130NDEK\u0130 T\u00dcRK TAR\u0130H KURUMU 21 KASIM\u2019DA W\u0130LL\u0130AM HOLT TARAFINDAN VER\u0130LEN \u201cBALKAN KAYBI: 93 HARB\u0130\u2019N\u0130N UNUTULU\u015e MUHAC\u0130RLER\u0130\u201d \u0130S\u0130ML\u0130 KONFERANSA EV SAH\u0130PL\u0130\u011e\u0130 YAPTI.<\/p>\n","protected":false},"author":1,"featured_media":231610,"comment_status":"closed","ping_status":"open","sticky":false,"template":"","format":"standard","meta":{"jetpack_post_was_ever_published":false,"_jetpack_newsletter_access":"","_jetpack_dont_email_post_to_subs":false,"_jetpack_newsletter_tier_id":0,"_jetpack_memberships_contains_paywalled_content":false,"_jetpack_memberships_contains_paid_content":false,"footnotes":"","jetpack_publicize_message":"","jetpack_publicize_feature_enabled":true,"jetpack_social_post_already_shared":true,"jetpack_social_options":{"image_generator_settings":{"template":"highway","default_image_id":0,"font":"","enabled":false},"version":2}},"categories":[1],"tags":[57904,11700,4855,58372,3797,1330,957,57905,292],"class_list":["post-231609","post","type-post","status-publish","format-standard","has-post-thumbnail","hentry","category-genel","tag-harbinin","tag-konferansina","tag-kurumu","tag-multecileri","tag-sahipligi","tag-tarih","tag-turk","tag-unutulmus","tag-yapti"],"jetpack_publicize_connections":[],"jetpack_featured_media_url":"https:\/\/i0.wp.com\/www.tvturk.com\/wp-content\/uploads\/2019\/11\/turk-tarih-kurumu-93-harbinin-unutulmus-multecileri-konferansina-ev-sahipligi-yapti_21d4897.jpg?fit=1000%2C750","jetpack_sharing_enabled":true,"jetpack_shortlink":"https:\/\/wp.me\/paKIfm-YfD","_links":{"self":[{"href":"http:\/\/www.tvturk.com\/index.php\/wp-json\/wp\/v2\/posts\/231609","targetHints":{"allow":["GET"]}}],"collection":[{"href":"http:\/\/www.tvturk.com\/index.php\/wp-json\/wp\/v2\/posts"}],"about":[{"href":"http:\/\/www.tvturk.com\/index.php\/wp-json\/wp\/v2\/types\/post"}],"author":[{"embeddable":true,"href":"http:\/\/www.tvturk.com\/index.php\/wp-json\/wp\/v2\/users\/1"}],"replies":[{"embeddable":true,"href":"http:\/\/www.tvturk.com\/index.php\/wp-json\/wp\/v2\/comments?post=231609"}],"version-history":[{"count":0,"href":"http:\/\/www.tvturk.com\/index.php\/wp-json\/wp\/v2\/posts\/231609\/revisions"}],"wp:featuredmedia":[{"embeddable":true,"href":"http:\/\/www.tvturk.com\/index.php\/wp-json\/wp\/v2\/media\/231610"}],"wp:attachment":[{"href":"http:\/\/www.tvturk.com\/index.php\/wp-json\/wp\/v2\/media?parent=231609"}],"wp:term":[{"taxonomy":"category","embeddable":true,"href":"http:\/\/www.tvturk.com\/index.php\/wp-json\/wp\/v2\/categories?post=231609"},{"taxonomy":"post_tag","embeddable":true,"href":"http:\/\/www.tvturk.com\/index.php\/wp-json\/wp\/v2\/tags?post=231609"}],"curies":[{"name":"wp","href":"https:\/\/api.w.org\/{rel}","templated":true}]}}