{"id":231611,"date":"2019-11-22T18:33:33","date_gmt":"2019-11-22T15:33:33","guid":{"rendered":"http:\/\/www.tvturk.com\/index.php\/kayserisporda-baskan-berna-gozbasi-oldu\/"},"modified":"2019-11-22T18:33:33","modified_gmt":"2019-11-22T15:33:33","slug":"kayserisporda-baskan-berna-gozbasi-oldu","status":"publish","type":"post","link":"http:\/\/www.tvturk.com\/index.php\/kayserisporda-baskan-berna-gozbasi-oldu\/","title":{"rendered":"Kayserispor\u2019da Ba\u015fkan Berna G\u00f6zba\u015f\u0131 oldu"},"content":{"rendered":"<p>\u0130stikbal Mobilya Kayserispor y\u00f6netim kurulu ba\u015fkan\u0131 Hamdi Elcuman istifa etti. Y\u00f6netim Kurulu, yeni ba\u015fkan olarak Berna G\u00f6zba\u015f\u0131\u2019n\u0131 se\u00e7ti.<\/p>\n<p>\u0130stikbal Mobilya Kayserispor\u2019da 30 Kas\u0131m 2019 Cumartesi g\u00fcn\u00fc ger\u00e7ekle\u015ftirilecek olan Ola\u011fan\u00fcst\u00fc Genel Kurul toplant\u0131s\u0131 \u00f6ncesinde Berna G\u00f6zba\u015f\u0131\u2019n\u0131n ba\u015fkan adayl\u0131\u011f\u0131n\u0131 a\u00e7\u0131klamas\u0131 \u00fczerine mevcut ba\u015fkan Hamdi Elcuman istifa etti.<\/p>\n<p>Kayserispor kul\u00fcb\u00fcnden yap\u0131lan a\u00e7\u0131klamada, &#8220;Bilindi\u011fi \u00fczere Y\u00f6netim Kurulu karar\u0131m\u0131zla 30.11.2019 tarihinde kul\u00fcb\u00fcm\u00fcz genel kurulu yap\u0131lacakt\u0131r. Genel kurul \u00f6ncesinde mevcut y\u00f6netim kurulu \u00fcyemiz Berna G\u00f6zba\u015f\u0131, \u015fehrimizin t\u00fcm dinamiklerinin ittifak\u0131yla ve deste\u011fiyle ba\u015fkan adayl\u0131\u011f\u0131n\u0131 a\u00e7\u0131klam\u0131\u015ft\u0131r. Gelinen noktada halen kul\u00fcp ba\u015fkanl\u0131\u011f\u0131 g\u00f6revimizi y\u00f6neten Hamdi Elcuman b\u00fcy\u00fck bir jest yaparak y\u00f6netim kurulu ba\u015fkanl\u0131\u011f\u0131ndan istifa etmi\u015f, y\u00f6netim kurulumuz oy birli\u011fiyle Berna G\u00f6zba\u015f\u0131\u2019y\u0131 y\u00f6netim kurulu ba\u015fkan\u0131 olarak se\u00e7mi\u015ftir. Kendisine yap\u0131lacak genel kurulumuzdaki adayl\u0131\u011f\u0131nda ba\u015far\u0131lar diliyoruz&#8221; denildi.<\/p>\n","protected":false},"excerpt":{"rendered":"<p>\u0130ST\u0130KBAL MOB\u0130LYA KAYSER\u0130SPOR Y\u00d6NET\u0130M KURULU BA\u015eKANI HAMD\u0130 ELCUMAN \u0130ST\u0130FA ETT\u0130<\/p>\n","protected":false},"author":1,"featured_media":231612,"comment_status":"closed","ping_status":"open","sticky":false,"template":"","format":"standard","meta":{"jetpack_post_was_ever_published":false,"_jetpack_newsletter_access":"","_jetpack_dont_email_post_to_subs":false,"_jetpack_newsletter_tier_id":0,"_jetpack_memberships_contains_paywalled_content":false,"_jetpack_memberships_contains_paid_content":false,"footnotes":"","jetpack_publicize_message":"","jetpack_publicize_feature_enabled":true,"jetpack_social_post_already_shared":true,"jetpack_social_options":{"image_generator_settings":{"template":"highway","default_image_id":0,"font":"","enabled":false},"version":2}},"categories":[657],"tags":[100,31416,58364,8782,77],"class_list":["post-231611","post","type-post","status-publish","format-standard","has-post-thumbnail","hentry","category-spor","tag-baskan","tag-berna","tag-gozbasi","tag-kayserisporda","tag-oldu"],"jetpack_publicize_connections":[],"jetpack_featured_media_url":"https:\/\/i0.wp.com\/www.tvturk.com\/wp-content\/uploads\/2019\/11\/kayserisporda-baskan-berna-gozbasi-oldu_279ebbf.jpg?fit=1000%2C666","jetpack_sharing_enabled":true,"jetpack_shortlink":"https:\/\/wp.me\/paKIfm-YfF","_links":{"self":[{"href":"http:\/\/www.tvturk.com\/index.php\/wp-json\/wp\/v2\/posts\/231611","targetHints":{"allow":["GET"]}}],"collection":[{"href":"http:\/\/www.tvturk.com\/index.php\/wp-json\/wp\/v2\/posts"}],"about":[{"href":"http:\/\/www.tvturk.com\/index.php\/wp-json\/wp\/v2\/types\/post"}],"author":[{"embeddable":true,"href":"http:\/\/www.tvturk.com\/index.php\/wp-json\/wp\/v2\/users\/1"}],"replies":[{"embeddable":true,"href":"http:\/\/www.tvturk.com\/index.php\/wp-json\/wp\/v2\/comments?post=231611"}],"version-history":[{"count":0,"href":"http:\/\/www.tvturk.com\/index.php\/wp-json\/wp\/v2\/posts\/231611\/revisions"}],"wp:featuredmedia":[{"embeddable":true,"href":"http:\/\/www.tvturk.com\/index.php\/wp-json\/wp\/v2\/media\/231612"}],"wp:attachment":[{"href":"http:\/\/www.tvturk.com\/index.php\/wp-json\/wp\/v2\/media?parent=231611"}],"wp:term":[{"taxonomy":"category","embeddable":true,"href":"http:\/\/www.tvturk.com\/index.php\/wp-json\/wp\/v2\/categories?post=231611"},{"taxonomy":"post_tag","embeddable":true,"href":"http:\/\/www.tvturk.com\/index.php\/wp-json\/wp\/v2\/tags?post=231611"}],"curies":[{"name":"wp","href":"https:\/\/api.w.org\/{rel}","templated":true}]}}