{"id":231629,"date":"2019-11-22T21:02:24","date_gmt":"2019-11-22T18:02:24","guid":{"rendered":"http:\/\/www.tvturk.com\/index.php\/tbmm-baskani-mustafa-sentop-adiyaman-tanitim-gunlerine-katildi\/"},"modified":"2019-11-22T21:02:24","modified_gmt":"2019-11-22T18:02:24","slug":"tbmm-baskani-mustafa-sentop-adiyaman-tanitim-gunlerine-katildi","status":"publish","type":"post","link":"http:\/\/www.tvturk.com\/index.php\/tbmm-baskani-mustafa-sentop-adiyaman-tanitim-gunlerine-katildi\/","title":{"rendered":"TBMM Ba\u015fkan\u0131 Mustafa \u015eentop Ad\u0131yaman Tan\u0131t\u0131m g\u00fcnlerine kat\u0131ld\u0131"},"content":{"rendered":"<p>TBMM Ba\u015fkan\u0131 Mustafa \u015eentop, Yenikap\u0131\u2019da bu y\u0131l ikincisi d\u00fczenlenen Ad\u0131yaman Tan\u0131t\u0131m g\u00fcnlerine kat\u0131ld\u0131. \u015eentop, \u201c\u0130stanbul, bir nevi mikro T\u00fcrkiye. N\u00fcfusu ve ekonomik hacmiyle d\u00fcnyada 143 \u00fclkeden daha b\u00fcy\u00fck bir \u015fehir\u201d dedi.<\/p>\n<p>Ad\u0131yaman Dernekler Federasyonu ve Ad\u0131yamanl\u0131lar Vakf\u0131\u2019n\u0131n \u00f6nc\u00fcl\u00fc\u011f\u00fcnde bu y\u0131l \u0130stanbul Yenikap\u0131 Etkinlik alan\u0131nda ikincisi d\u00fczenlenen \u2018Ad\u0131yaman Tan\u0131t\u0131m G\u00fcnleri\u2019 ba\u015flad\u0131. D\u00fczenlenen etkinli\u011fin a\u00e7\u0131l\u0131\u015f\u0131na TBMM Ba\u015fkan\u0131 Mustafa \u015eentop, Ad\u0131yaman Valisi Aykut Pekmez, Ad\u0131yaman Belediye Ba\u015fkan\u0131 S\u00fcleyman K\u0131l\u0131n\u00e7, AK Parti Ad\u0131yaman Milletvekili Ahmet Ayd\u0131n, Esenler Belediye Ba\u015fkan\u0131 Mehmet Tevfik G\u00f6ksu, Sultangazi Belediye Ba\u015fkan\u0131 Abdurrahman Dursun, AK Parti Ad\u0131yaman \u0130l Ba\u015fkan\u0131 Mehmet Da\u011ftekin, Ad\u0131yaman Dernekler Federasyonu H\u00fcseyin Sevin\u00e7tekin ile birlikte Ad\u0131yamanl\u0131lar Vakf\u0131 Ba\u015fkan\u0131 \u00d6mer \u00d6zkartal ve \u00e7ok say\u0131da vatanda\u015f kat\u0131ld\u0131.<\/p>\n<p>\u201c\u0130thalat ve ihracat\u0131n y\u00fczde 60\u2019\u0131 \u0130stanbul\u2019dan yap\u0131lmaktad\u0131r\u201d<\/p>\n<p>TBMM Ba\u015fkan\u0131 Mustafa \u015eentop, Yenikap\u0131 Etkinlik Alan\u0131\u2019nda ba\u015flayan Ad\u0131yaman Tan\u0131t\u0131m G\u00fcnlerindeki yapt\u0131\u011f\u0131 a\u00e7\u0131l\u0131\u015f konu\u015fmas\u0131nda, \u201d8 bin y\u0131ll\u0131k ge\u00e7mi\u015fi olan bu \u015fehrimiz, tarihin, k\u00fclt\u00fcr\u00fcn, sanat\u0131n ve ticaretin merkezidir. Ekonomimizin y\u00fczde 40\u2019\u0131 \u0130stanbul\u2019da hareket halindedir. 400 milyar dolar\u0131 a\u015fan ihracat ve ithalat\u0131m\u0131z\u0131n y\u00fczde 60\u2019\u0131 \u0130stanbul\u2019dan yap\u0131lmaktad\u0131r. D\u00fcnyan\u0131n en cazip \u015fehirlerinden biri olmas\u0131n\u0131n sebebi de budur. Bundan sonra da bu vasf\u0131 de\u011fi\u015fmeyecektir. \u015eehirlerimizin \u0130stanbul\u2019da tan\u0131t\u0131m g\u00fcnleri d\u00fczenlemeleri bu sebeple \u00e7ok \u00f6nemlidir\u201d dedi.<\/p>\n<p>\u201c\u0130stanbul D\u00fcnyada 143 \u00fclkeden daha b\u00fcy\u00fck bir \u015fehir\u201d<\/p>\n<p>\u0130stanbul\u2019un her vilayetten, her kasabadan insan\u0131n ya\u015fad\u0131\u011f\u0131 devasa bir metropol oldu\u011funu kaydeden \u015eentop, &#8220;\u0130stanbul, bir nevi mikro T\u00fcrkiye. N\u00fcfusu ve ekonomik hacmiyle d\u00fcnyada 143 \u00fclkeden daha b\u00fcy\u00fck bir \u015fehir. \u0130stanbul\u2019da ayr\u0131ca farkl\u0131 dil, etnik k\u00f6ken, inan\u00e7lara sahip ki\u015filerin bar\u0131\u015f i\u00e7inde, huzurlu bir \u015fekilde ya\u015fad\u0131klar\u0131 yer. Bizi g\u00fc\u00e7l\u00fc k\u0131lan ve kayna\u015ft\u0131ran\u0131n da \u0130stanbul\u2019un bu vas\u0131flar. Ad\u0131yaman\u2019\u0131n tarih boyunca b\u00fcy\u00fck ticaret ve sanayi \u015fehirlerinin kurulu\u015funa, y\u0131k\u0131l\u0131\u015f\u0131na sahne olan topraklar\u0131n en g\u00fczel \u015fehirlerinden birisi.  Asya, Avrupa ve Afrika\u2019dan gelen ticaret yollar\u0131n\u0131n kesi\u015fti\u011fi verimli topraklarda kurulan bu \u015fehrimizin insanlar\u0131 da son derece samimi, fedakar ve \u00e7al\u0131\u015fkanlard\u0131r. Bug\u00fcn \u00fclkemizin her \u015fehrinde Ad\u0131yamanl\u0131 bir karde\u015fimizle kar\u015f\u0131la\u015fabilirsiniz. \u00c7\u00fcnk\u00fc Ad\u0131yamanl\u0131 r\u0131zk\u0131n\u0131 arayan insand\u0131r. Kendine iltifat edilen yerde konaklam\u0131\u015ft\u0131r. Ad\u0131yamanl\u0131lar\u0131n en kalabal\u0131k oldu\u011fu \u015fehrimiz de \u0130stanbul\u2019dur. Bug\u00fcn 300 bine yak\u0131n karde\u015fimiz burada ya\u015famaktad\u0131r. Yani T\u00fcrkiye genelindeki 1 milyona yak\u0131n Ad\u0131yamanl\u0131n\u0131n \u00fc\u00e7te biri \u0130stanbul\u2019da ikamet ediyor\u201d \u015feklinde konu\u015ftu.<\/p>\n<p>\u201cSuriye s\u0131n\u0131rlar\u0131ndan bizi tehdit edenlerin g\u00fcvendikleri da\u011flara kar ya\u011fd\u0131racak g\u00fc\u00e7teyiz\u201d<\/p>\n<p>\u00dclkede hi\u00e7 kimsenin geride kalmamas\u0131 gerekti\u011fini ifade eden \u015eentop, \u201cOca\u011f\u0131nda a\u015f\u0131 olmayan tek bir vatanda\u015f\u0131m\u0131z olmamal\u0131d\u0131r. Hi\u00e7bir evlad\u0131n boynu b\u00fck\u00fclmemelidir. Millet olarak zaman zaman \u00e7e\u015fitli s\u0131k\u0131nt\u0131larla kar\u015f\u0131la\u015f\u0131yoruz. Bizim gibi tarihe m\u00fchr\u00fcn\u00fc vuran milletler i\u00e7in bu gayet normaldir. \u00c7\u00fcnk\u00fc haset eden, \u00e7ekemeyen \u00e7ok fazla. Onlar bazen PKK\/PYD gibi, bazen DEA\u015e gibi, bazen FET\u00d6 gibi bir kisveyle sald\u0131rmaktad\u0131rlar. Ama biz yolumuzdan d\u00f6nmeyece\u011fiz. Anadolu\u2019yu yeniden mamur hale getirme, medeniyetimizi yeniden ihya etme davam\u0131zdan bizi kimse d\u00f6nd\u00fcremeyecektir. Allah\u2019\u0131n izniyle kar\u015f\u0131m\u0131za \u00e7\u0131kart\u0131lan her t\u00fcrl\u00fc ihanet \u00e7etesini alt edecek g\u00fc\u00e7teyiz. Bizler birli\u011fimizi, karde\u015fli\u011fimizi korudu\u011fumuz s\u00fcrece, hi\u00e7bir \u015fey kar\u015f\u0131m\u0131zda duramayacak. Bug\u00fcn, tarihte kurdu\u011fumuz b\u00fct\u00fcn devletlerden daha g\u00fc\u00e7l\u00fc durumday\u0131z. \u0130nsanl\u0131\u011f\u0131n vicdan\u0131n\u0131n sesine s\u00f6zc\u00fcl\u00fck eden Cumhurba\u015fkan\u0131m\u0131z Say\u0131n Recep Tayyip Erdo\u011fan\u2019\u0131n liderli\u011finde Suriye s\u0131n\u0131rlar\u0131ndan bizi tehdit edenlerin g\u00fcvendikleri da\u011flara kar ya\u011fd\u0131racak g\u00fc\u00e7teyiz&#8221; a\u00e7\u0131klamas\u0131nda bulundu.<\/p>\n<p>\u201cT\u00fcrkiye\u2019yi geri d\u00f6nd\u00fcrebilecek hi\u00e7bir g\u00fc\u00e7, hi\u00e7bir s\u00f6ylem, hi\u00e7bir ki\u015fi yoktur\u201d<\/p>\n<p>T\u00fcrkiye\u2019nin 20 y\u0131lda \u00e7ok \u00f6nemli mesafeler ald\u0131\u011f\u0131n\u0131 aktaran \u015eentop, &#8220;Geri d\u00f6n\u00fclmez noktalarday\u0131z. Milletimizin hangi siyasi g\u00f6r\u00fc\u015ften olursa olsun, hangi ya\u015fam tarz\u0131ndan olursa olsun, hangi inan\u00e7, hangi de\u011ferler sistemine inan\u0131rsa inans\u0131n, hangi inan\u00e7 grubundan olursa olsun hepsinin bir arada, hepsinin T\u00fcrkiyeli olarak ya\u015fayabilecekleri bir ortam\u0131n tesisine, hem siyasi olarak hem toplumsal olarak \u00e7ok \u00f6nemli mesafeler alarak geldik. Bundan sonra T\u00fcrkiye\u2019nin geri d\u00f6nmesi m\u00fcmk\u00fcn de\u011fil. T\u00fcrkiye\u2019yi geri d\u00f6nd\u00fcrebilecek hi\u00e7bir g\u00fc\u00e7, hi\u00e7bir s\u00f6ylem, hi\u00e7bir ki\u015fi yoktur. D\u00fcnya de\u011fi\u015fiyor, \u00e7ok \u00f6nemli bir d\u00f6neme do\u011fru giriyoruz. D\u00fcnyada stat\u00fcko y\u0131k\u0131ld\u0131, yeni bir stat\u00fckonun kurulmas\u0131, yeni bir d\u00fcnya d\u00fczeninin kurulmas\u0131 i\u00e7in bir m\u00fccadele var. T\u00fcrkiye bu m\u00fccadelede kurucu akt\u00f6rlerden birisi olacak. Kimse bunu geri d\u00f6nd\u00fcrebilecek bir g\u00fcce sahip de\u011fil. Bu bak\u0131mdan T\u00fcrkiye\u2019ye, milletimize, birli\u011fimize ve karde\u015fli\u011fimize g\u00fcvenelim. Bunu bozmaya \u00e7al\u0131\u015fan ufak tefek parazitlere de m\u00fcsaade etmeyelim\u201d dedi.<\/p>\n<p>Konu\u015fmalar\u0131n ard\u0131ndan a\u00e7\u0131l\u0131\u015f kurdelesini TBMM Ba\u015fkan\u0131 Mustafa \u015eentop, di\u011fer kat\u0131l\u0131mc\u0131larla birlikte kesti.<\/p>\n","protected":false},"excerpt":{"rendered":"<p>TBMM BA\u015eKANI MUSTAFA \u015eENTOP, \u201c\u0130STANBUL, B\u0130R NEV\u0130 M\u0130KRO T\u00dcRK\u0130YE. N\u00dcFUSU VE EKONOM\u0130K HACM\u0130YLE D\u00dcNYADA 143 \u00dcLKEDEN DAHA B\u00dcY\u00dcK B\u0130R \u015eEH\u0130R\u201d DED\u0130.<\/p>\n","protected":false},"author":1,"featured_media":231630,"comment_status":"closed","ping_status":"open","sticky":false,"template":"","format":"standard","meta":{"jetpack_post_was_ever_published":false,"_jetpack_newsletter_access":"","_jetpack_dont_email_post_to_subs":false,"_jetpack_newsletter_tier_id":0,"_jetpack_memberships_contains_paywalled_content":false,"_jetpack_memberships_contains_paid_content":false,"footnotes":"","jetpack_publicize_message":"","jetpack_publicize_feature_enabled":true,"jetpack_social_post_already_shared":true,"jetpack_social_options":{"image_generator_settings":{"template":"highway","default_image_id":0,"font":"","enabled":false},"version":2}},"categories":[1],"tags":[5123,216,6684,1757,159,18442,2221,3424],"class_list":["post-231629","post","type-post","status-publish","format-standard","has-post-thumbnail","hentry","category-genel","tag-adiyaman","tag-baskani","tag-gunlerine","tag-katildi","tag-mustafa","tag-sentop","tag-tanitim","tag-tbmm"],"jetpack_publicize_connections":[],"jetpack_featured_media_url":"https:\/\/i0.wp.com\/www.tvturk.com\/wp-content\/uploads\/2019\/11\/tbmm-baskani-mustafa-sentop-adiyaman-tanitim-gunlerine-katildi_f1b1f65.jpg?fit=1000%2C666","jetpack_sharing_enabled":true,"jetpack_shortlink":"https:\/\/wp.me\/paKIfm-YfX","_links":{"self":[{"href":"http:\/\/www.tvturk.com\/index.php\/wp-json\/wp\/v2\/posts\/231629","targetHints":{"allow":["GET"]}}],"collection":[{"href":"http:\/\/www.tvturk.com\/index.php\/wp-json\/wp\/v2\/posts"}],"about":[{"href":"http:\/\/www.tvturk.com\/index.php\/wp-json\/wp\/v2\/types\/post"}],"author":[{"embeddable":true,"href":"http:\/\/www.tvturk.com\/index.php\/wp-json\/wp\/v2\/users\/1"}],"replies":[{"embeddable":true,"href":"http:\/\/www.tvturk.com\/index.php\/wp-json\/wp\/v2\/comments?post=231629"}],"version-history":[{"count":0,"href":"http:\/\/www.tvturk.com\/index.php\/wp-json\/wp\/v2\/posts\/231629\/revisions"}],"wp:featuredmedia":[{"embeddable":true,"href":"http:\/\/www.tvturk.com\/index.php\/wp-json\/wp\/v2\/media\/231630"}],"wp:attachment":[{"href":"http:\/\/www.tvturk.com\/index.php\/wp-json\/wp\/v2\/media?parent=231629"}],"wp:term":[{"taxonomy":"category","embeddable":true,"href":"http:\/\/www.tvturk.com\/index.php\/wp-json\/wp\/v2\/categories?post=231629"},{"taxonomy":"post_tag","embeddable":true,"href":"http:\/\/www.tvturk.com\/index.php\/wp-json\/wp\/v2\/tags?post=231629"}],"curies":[{"name":"wp","href":"https:\/\/api.w.org\/{rel}","templated":true}]}}