{"id":23166,"date":"2019-02-11T19:25:53","date_gmt":"2019-02-11T16:25:53","guid":{"rendered":"http:\/\/www.tvturk.com\/index.php\/8-kisinin-yasadigi-terk-edilmis-lubbeyde-sergi-acti\/"},"modified":"2019-02-11T19:25:56","modified_gmt":"2019-02-11T16:25:56","slug":"8-kisinin-yasadigi-terk-edilmis-lubbeyde-sergi-acti","status":"publish","type":"post","link":"http:\/\/www.tvturk.com\/index.php\/8-kisinin-yasadigi-terk-edilmis-lubbeyde-sergi-acti\/","title":{"rendered":"8 ki\u015finin ya\u015fad\u0131\u011f\u0131 terk edilmi\u015f L\u00fcbbey\u2019de sergi a\u00e7t\u0131"},"content":{"rendered":"<p>\u0130zmir\u2019de &#8220;Ke\u00e7e Ali&#8221; lakapl\u0131 \u00d6demi\u015fli ressam Erdal G\u00f6rg\u00fcn, &#8220;terk edilmi\u015f kartal yuvas\u0131&#8221; olarak adland\u0131r\u0131lan L\u00fcbbey\u2019de resim sergisi a\u00e7arak bir ilke imza att\u0131.<\/p>\n<p>Bir zamanlar 150 haneli iken g\u00fcn\u00fcm\u00fczde sadece 3 hanenin ya\u015fad\u0131\u011f\u0131 \u0130zmir\u2019in \u00d6demi\u015f il\u00e7esinin L\u00fcbbey Mahallesi\u2019nde sergi heyecan\u0131 ya\u015fand\u0131. Ger\u00e7ekle\u015ftirdi\u011fi sergilerle ad\u0131ndan s\u00f6z ettiren &#8220;Ke\u00e7e Ali&#8221; lakapl\u0131 Erdal G\u00f6rg\u00fcn, terk edilmi\u015f mahallenin sokaklar\u0131nda resim sergisi a\u00e7t\u0131. Terk edilmi\u015f hali ve \u00f6zg\u00fcn mimarisi ile yerli turistlerin ilgi oda\u011f\u0131 haline gelmeye ba\u015flayan mahalle, \u00d6demi\u015fli resim \u00f6\u011fretmeni Erdal G\u00f6rg\u00fcn ve e\u015fi \u00f6\u011fretim g\u00f6revlisi Esra Kut G\u00f6rg\u00fcn\u2019\u00fcn sergisi ile renklendi.<\/p>\n<p>Sadece 8 ki\u015finin ya\u015fad\u0131\u011f\u0131 L\u00fcbbey\u2019de d\u00fczenlenen sergi ilgi g\u00f6rd\u00fc. \u00d6demi\u015fli sanatseverlerin de ilgi g\u00f6sterdi\u011fi organizasyonda ressam Erdal G\u00f6rg\u00fcn\u2019\u00fcn 70 ya\u011fl\u0131 boya tablosu be\u011feniye sunuldu.  \u00c7al\u0131\u015fmalar\u0131ndaki &#8220;Ke\u00e7e Ali&#8221; lakapl\u0131 ismini Yunan i\u015fgali s\u0131ras\u0131nda \u00e7arp\u0131\u015fm\u0131\u015f ve Bademli cephesinin kazan\u0131lmas\u0131nda b\u00fcy\u00fck emekler vermi\u015f olan efe dedesinden alan Erdal G\u00f6rg\u00fcn, sergiyi L\u00fcbbey\u2019de d\u00fczenlemekteki amac\u0131n\u0131n terk edilmi\u015f k\u00f6ylere dikkat \u00e7ekip fark\u0131ndal\u0131k olu\u015fturmak  oldu\u011funu kaydetti.<\/p>\n<p>&#8220;T\u00fcm amac\u0131m terk edilmi\u015f k\u00f6ylere dikkat \u00e7ekmek&#8221;<\/p>\n<p>G\u00f6rg\u00fcn, &#8220;Bundan birka\u00e7 y\u0131l \u00f6nce L\u00fcbbey\u2019de bir ev alma \u015fans\u0131m\u0131z oldu. L\u00fcbbey\u2019in aya\u011f\u0131 kalkmas\u0131n\u0131 istedi\u011fimiz i\u00e7in bir fark\u0131ndal\u0131k ortaya koymak istedik. Bunun i\u00e7in bir sergi planlad\u0131k. Umar\u0131m keyif al\u0131rs\u0131n\u0131z. Sergide 70 eser var y\u0131llar i\u00e7erisinde yap\u0131lan eserler. Burada e\u015fime te\u015fekk\u00fcr ediyorum bu fikir onun vesilesiyle ortaya \u00e7\u0131kt\u0131. Evlerin i\u00e7ini gezerek baz\u0131 gizlenmi\u015f resimleri de bulman\u0131z\u0131 istiyorum; \u00e7\u00fcnk\u00fc tarihi dokuyu ya\u015fatmak istedim. Resimlerimde Ke\u00e7e Ali ismini kullanmam\u0131n nedeni, Kuvay\u0131 Milliye de Atat\u00fcrk\u2019\u00fcn emriyle Bademli cephesinde Yunan i\u015fgali s\u0131ras\u0131nda \u00e7arp\u0131\u015fm\u0131\u015f Ke\u00e7eci Ali Efe\u2019nin torunu olarak resimlerime Ke\u00e7e Ali ismini koydum. \u0130stanbul\u2019daki son sergimde Ke\u00e7e Ali ismiyle bilinmek istiyorum. Buradaki sergiyi de Ke\u00e7e Ali ismiyle a\u00e7t\u0131m. Daha y\u00f6resel ve atalar\u0131 biraz y\u00e2d etmek i\u00e7in kulland\u0131m. T\u00fcm amac\u0131m, terk edilmi\u015f k\u00f6ylere dikkat \u00e7ekmek sergiyi de bu ba\u011flamda a\u00e7t\u0131m&#8221; diye konu\u015ftu.<\/p>\n<p>Sergi a\u00e7\u0131l\u0131\u015f\u0131na kat\u0131lan resim \u00f6\u011fretmeni B\u00fc\u015fra Tezcan da, &#8220;Erdal \u00f6\u011fretmenim uzun zamand\u0131r bu sergiyi planl\u0131yordu ve serginin a\u00e7\u0131lmas\u0131nda her a\u015famas\u0131na \u015fahit oldum. Onun kadar heyecanl\u0131 bir \u015fekilde burada bulunuyoruz. Terk edilmi\u015f k\u00f6yler ad\u0131na ve k\u00f6y ya\u015fam\u0131n\u0131 dikkatleri \u00e7ekmek ad\u0131na d\u00fczenlenen bir sergi Erdal hocama te\u015fekk\u00fcr ediyoruz&#8221; ifadelerine yer verdi.<\/p>\n<p>Terk edilmi\u015f k\u00f6y\u00fcn kahvesini a\u00e7\u0131k tutmaya devam eden Mehmet G\u00fcler ise \u015f\u00f6yle konu\u015ftu:<\/p>\n<p>&#8220;Bug\u00fcnde k\u00f6y\u00fcm\u00fczde bir hocam\u0131z resim sergisi a\u00e7t\u0131. Sergisinin yeterince ilgi g\u00f6rd\u00fc\u011f\u00fcn\u00fc d\u00fc\u015f\u00fcn\u00fcyorum. K\u00f6y\u00fcm\u00fcz\u00fcn tan\u0131t\u0131m\u0131na katk\u0131 koydu. Gelen herkese te\u015fekk\u00fcr ediyorum.&#8221;<div class=\"tiled-gallery type-rectangular tiled-gallery-unresized\" data-original-width=\"500\" data-carousel-extra='null' itemscope itemtype=\"http:\/\/schema.org\/ImageGallery\" > <div class=\"gallery-row\" style=\"width: 500px; height: 251px;\" data-original-width=\"500\" data-original-height=\"251\" > <div class=\"gallery-group images-1\" style=\"width: 334px; height: 251px;\" data-original-width=\"334\" data-original-height=\"251\" > <div class=\"tiled-gallery-item tiled-gallery-item-large\" itemprop=\"associatedMedia\" itemscope itemtype=\"http:\/\/schema.org\/ImageObject\"> <a href=\"http:\/\/www.tvturk.com\/index.php\/8-kisinin-yasadigi-terk-edilmis-lubbeyde-sergi-acti\/8-kisinin-yasadigi-terk-edilmis-lubbeyde-sergi-acti-3\/\" border=\"0\" itemprop=\"url\"> <meta itemprop=\"width\" content=\"330\"> <meta itemprop=\"height\" content=\"247\"> <img decoding=\"async\" class=\"\" data-attachment-id=\"23168\" data-orig-file=\"http:\/\/www.tvturk.com\/wp-content\/uploads\/2019\/02\/8-kisinin-yasadigi-terk-edilmis-lubbeyde-sergi-acti_49d808e.jpg\" data-orig-size=\"1000,750\" data-comments-opened=\"\" data-image-meta=\"{&quot;aperture&quot;:&quot;0&quot;,&quot;credit&quot;:&quot;IHA&quot;,&quot;camera&quot;:&quot;&quot;,&quot;caption&quot;:&quot;G\\u00d6RGEN\\u0027\\u0130N L\\u00dcBBEY\\u0027DE A\\u00c7TI\\u011eI SERG\\u0130YE \\u00d6DEM\\u0130\\u015eL\\u0130 SANATSEVERLER B\\u00dcY\\u00dcK \\u0130LG\\u0130 G\\u00d6STERD\\u0130. (BA\\u015eAR U\\u00c7AR\\\/\\u0130ZM\\u0130R-\\u0130HA)&quot;,&quot;created_timestamp&quot;:&quot;0&quot;,&quot;copyright&quot;:&quot;\\u0130HLAS HABER AJANSI, www.iha.com.tr&quot;,&quot;focal_length&quot;:&quot;0&quot;,&quot;iso&quot;:&quot;0&quot;,&quot;shutter_speed&quot;:&quot;0&quot;,&quot;title&quot;:&quot;8 K\\u0130\\u015e\\u0130N\\u0130N YA\\u015eADI\\u011eI TERK ED\\u0130LM\\u0130\\u015e L\\u00dcBBEY\\u0027DE SERG\\u0130 A\\u00c7TI&quot;,&quot;orientation&quot;:&quot;0&quot;}\" data-image-title=\"8 ki\u015finin ya\u015fad\u0131\u011f\u0131 terk edilmi\u015f L\u00fcbbey\u2019de sergi a\u00e7t\u0131\" data-image-description=\"&lt;p&gt;8 ki\u015finin ya\u015fad\u0131\u011f\u0131 terk edilmi\u015f L\u00fcbbey\u2019de sergi a\u00e7t\u0131&lt;\/p&gt; \" data-medium-file=\"https:\/\/i0.wp.com\/www.tvturk.com\/wp-content\/uploads\/2019\/02\/8-kisinin-yasadigi-terk-edilmis-lubbeyde-sergi-acti_49d808e.jpg?fit=300%2C225\" data-large-file=\"https:\/\/i0.wp.com\/www.tvturk.com\/wp-content\/uploads\/2019\/02\/8-kisinin-yasadigi-terk-edilmis-lubbeyde-sergi-acti_49d808e.jpg?fit=1000%2C750\" src=\"https:\/\/i0.wp.com\/www.tvturk.com\/wp-content\/uploads\/2019\/02\/8-kisinin-yasadigi-terk-edilmis-lubbeyde-sergi-acti_49d808e.jpg?w=330&#038;h=247\" srcset=\"https:\/\/i0.wp.com\/www.tvturk.com\/wp-content\/uploads\/2019\/02\/8-kisinin-yasadigi-terk-edilmis-lubbeyde-sergi-acti_49d808e.jpg?w=1000 1000w, https:\/\/i0.wp.com\/www.tvturk.com\/wp-content\/uploads\/2019\/02\/8-kisinin-yasadigi-terk-edilmis-lubbeyde-sergi-acti_49d808e.jpg?resize=150%2C113 150w, https:\/\/i0.wp.com\/www.tvturk.com\/wp-content\/uploads\/2019\/02\/8-kisinin-yasadigi-terk-edilmis-lubbeyde-sergi-acti_49d808e.jpg?resize=300%2C225 300w, https:\/\/i0.wp.com\/www.tvturk.com\/wp-content\/uploads\/2019\/02\/8-kisinin-yasadigi-terk-edilmis-lubbeyde-sergi-acti_49d808e.jpg?resize=768%2C576 768w\" width=\"330\" height=\"247\" loading=\"lazy\" data-original-width=\"330\" data-original-height=\"247\" itemprop=\"http:\/\/schema.org\/image\" title=\"8 ki\u015finin ya\u015fad\u0131\u011f\u0131 terk edilmi\u015f L\u00fcbbey\u2019de sergi a\u00e7t\u0131\" alt=\"8 ki\u015finin ya\u015fad\u0131\u011f\u0131 terk edilmi\u015f L\u00fcbbey\u2019de sergi a\u00e7t\u0131\" style=\"width: 330px; height: 247px;\" \/> <\/a> <\/div> <\/div> <!-- close group --> <div class=\"gallery-group images-2\" style=\"width: 166px; height: 251px;\" data-original-width=\"166\" data-original-height=\"251\" > <div class=\"tiled-gallery-item tiled-gallery-item-small\" itemprop=\"associatedMedia\" itemscope itemtype=\"http:\/\/schema.org\/ImageObject\"> <a href=\"http:\/\/www.tvturk.com\/index.php\/8-kisinin-yasadigi-terk-edilmis-lubbeyde-sergi-acti\/8-kisinin-yasadigi-terk-edilmis-lubbeyde-sergi-acti-4\/\" border=\"0\" itemprop=\"url\"> <meta itemprop=\"width\" content=\"162\"> <meta itemprop=\"height\" content=\"122\"> <img decoding=\"async\" class=\"\" data-attachment-id=\"23169\" data-orig-file=\"http:\/\/www.tvturk.com\/wp-content\/uploads\/2019\/02\/8-kisinin-yasadigi-terk-edilmis-lubbeyde-sergi-acti_d8a1516.jpg\" data-orig-size=\"1000,750\" data-comments-opened=\"\" data-image-meta=\"{&quot;aperture&quot;:&quot;0&quot;,&quot;credit&quot;:&quot;IHA&quot;,&quot;camera&quot;:&quot;&quot;,&quot;caption&quot;:&quot;G\\u00d6RGEN\\u0027\\u0130N YA\\u011eLI BOYA ESERLER\\u0130 TERK ED\\u0130LM\\u0130\\u015e EVLER\\u0130N DUVARLARINDA SERG\\u0130LEND\\u0130. (BA\\u015eAR U\\u00c7AR\\\/\\u0130ZM\\u0130R-\\u0130HA)&quot;,&quot;created_timestamp&quot;:&quot;0&quot;,&quot;copyright&quot;:&quot;\\u0130HLAS HABER AJANSI, www.iha.com.tr&quot;,&quot;focal_length&quot;:&quot;0&quot;,&quot;iso&quot;:&quot;0&quot;,&quot;shutter_speed&quot;:&quot;0&quot;,&quot;title&quot;:&quot;8 K\\u0130\\u015e\\u0130N\\u0130N YA\\u015eADI\\u011eI TERK ED\\u0130LM\\u0130\\u015e L\\u00dcBBEY\\u0027DE SERG\\u0130 A\\u00c7TI&quot;,&quot;orientation&quot;:&quot;0&quot;}\" data-image-title=\"8 ki\u015finin ya\u015fad\u0131\u011f\u0131 terk edilmi\u015f L\u00fcbbey\u2019de sergi a\u00e7t\u0131\" data-image-description=\"&lt;p&gt;8 ki\u015finin ya\u015fad\u0131\u011f\u0131 terk edilmi\u015f L\u00fcbbey\u2019de sergi a\u00e7t\u0131&lt;\/p&gt; \" data-medium-file=\"https:\/\/i0.wp.com\/www.tvturk.com\/wp-content\/uploads\/2019\/02\/8-kisinin-yasadigi-terk-edilmis-lubbeyde-sergi-acti_d8a1516.jpg?fit=300%2C225\" data-large-file=\"https:\/\/i0.wp.com\/www.tvturk.com\/wp-content\/uploads\/2019\/02\/8-kisinin-yasadigi-terk-edilmis-lubbeyde-sergi-acti_d8a1516.jpg?fit=1000%2C750\" src=\"https:\/\/i0.wp.com\/www.tvturk.com\/wp-content\/uploads\/2019\/02\/8-kisinin-yasadigi-terk-edilmis-lubbeyde-sergi-acti_d8a1516.jpg?w=162&#038;h=122\" srcset=\"https:\/\/i0.wp.com\/www.tvturk.com\/wp-content\/uploads\/2019\/02\/8-kisinin-yasadigi-terk-edilmis-lubbeyde-sergi-acti_d8a1516.jpg?w=1000 1000w, https:\/\/i0.wp.com\/www.tvturk.com\/wp-content\/uploads\/2019\/02\/8-kisinin-yasadigi-terk-edilmis-lubbeyde-sergi-acti_d8a1516.jpg?resize=150%2C113 150w, https:\/\/i0.wp.com\/www.tvturk.com\/wp-content\/uploads\/2019\/02\/8-kisinin-yasadigi-terk-edilmis-lubbeyde-sergi-acti_d8a1516.jpg?resize=300%2C225 300w, https:\/\/i0.wp.com\/www.tvturk.com\/wp-content\/uploads\/2019\/02\/8-kisinin-yasadigi-terk-edilmis-lubbeyde-sergi-acti_d8a1516.jpg?resize=768%2C576 768w\" width=\"162\" height=\"122\" loading=\"lazy\" data-original-width=\"162\" data-original-height=\"122\" itemprop=\"http:\/\/schema.org\/image\" title=\"8 ki\u015finin ya\u015fad\u0131\u011f\u0131 terk edilmi\u015f L\u00fcbbey\u2019de sergi a\u00e7t\u0131\" alt=\"8 ki\u015finin ya\u015fad\u0131\u011f\u0131 terk edilmi\u015f L\u00fcbbey\u2019de sergi a\u00e7t\u0131\" style=\"width: 162px; height: 122px;\" \/> <\/a> <\/div> <div class=\"tiled-gallery-item tiled-gallery-item-small\" itemprop=\"associatedMedia\" itemscope itemtype=\"http:\/\/schema.org\/ImageObject\"> <a href=\"http:\/\/www.tvturk.com\/index.php\/8-kisinin-yasadigi-terk-edilmis-lubbeyde-sergi-acti\/8-kisinin-yasadigi-terk-edilmis-lubbeyde-sergi-acti-5\/\" border=\"0\" itemprop=\"url\"> <meta itemprop=\"width\" content=\"162\"> <meta itemprop=\"height\" content=\"121\"> <img decoding=\"async\" class=\"\" data-attachment-id=\"23170\" data-orig-file=\"http:\/\/www.tvturk.com\/wp-content\/uploads\/2019\/02\/8-kisinin-yasadigi-terk-edilmis-lubbeyde-sergi-acti_6fede9a.jpg\" data-orig-size=\"1000,750\" data-comments-opened=\"\" data-image-meta=\"{&quot;aperture&quot;:&quot;0&quot;,&quot;credit&quot;:&quot;IHA&quot;,&quot;camera&quot;:&quot;&quot;,&quot;caption&quot;:&quot;L\\u00dcBBEY K\\u00d6Y\\u00dc TERK ED\\u0130LM\\u0130\\u015e HAL\\u0130YLE OLDU\\u011eU KADAR M\\u0130MAR\\u0130S\\u0130 \\u0130LE HER GE\\u00c7EN G\\u00dcN DAHA \\u00c7OK \\u0130LG\\u0130 G\\u00d6R\\u00dcYOR. (BA\\u015eAR U\\u00c7AR\\\/\\u0130ZM\\u0130R-\\u0130HA)&quot;,&quot;created_timestamp&quot;:&quot;0&quot;,&quot;copyright&quot;:&quot;\\u0130HLAS HABER AJANSI, www.iha.com.tr&quot;,&quot;focal_length&quot;:&quot;0&quot;,&quot;iso&quot;:&quot;0&quot;,&quot;shutter_speed&quot;:&quot;0&quot;,&quot;title&quot;:&quot;8 K\\u0130\\u015e\\u0130N\\u0130N YA\\u015eADI\\u011eI TERK ED\\u0130LM\\u0130\\u015e L\\u00dcBBEY\\u0027DE SERG\\u0130 A\\u00c7TI&quot;,&quot;orientation&quot;:&quot;0&quot;}\" data-image-title=\"8 ki\u015finin ya\u015fad\u0131\u011f\u0131 terk edilmi\u015f L\u00fcbbey\u2019de sergi a\u00e7t\u0131\" data-image-description=\"&lt;p&gt;8 ki\u015finin ya\u015fad\u0131\u011f\u0131 terk edilmi\u015f L\u00fcbbey\u2019de sergi a\u00e7t\u0131&lt;\/p&gt; \" data-medium-file=\"https:\/\/i0.wp.com\/www.tvturk.com\/wp-content\/uploads\/2019\/02\/8-kisinin-yasadigi-terk-edilmis-lubbeyde-sergi-acti_6fede9a.jpg?fit=300%2C225\" data-large-file=\"https:\/\/i0.wp.com\/www.tvturk.com\/wp-content\/uploads\/2019\/02\/8-kisinin-yasadigi-terk-edilmis-lubbeyde-sergi-acti_6fede9a.jpg?fit=1000%2C750\" src=\"https:\/\/i0.wp.com\/www.tvturk.com\/wp-content\/uploads\/2019\/02\/8-kisinin-yasadigi-terk-edilmis-lubbeyde-sergi-acti_6fede9a.jpg?w=162&#038;h=121\" srcset=\"https:\/\/i0.wp.com\/www.tvturk.com\/wp-content\/uploads\/2019\/02\/8-kisinin-yasadigi-terk-edilmis-lubbeyde-sergi-acti_6fede9a.jpg?w=1000 1000w, https:\/\/i0.wp.com\/www.tvturk.com\/wp-content\/uploads\/2019\/02\/8-kisinin-yasadigi-terk-edilmis-lubbeyde-sergi-acti_6fede9a.jpg?resize=150%2C113 150w, https:\/\/i0.wp.com\/www.tvturk.com\/wp-content\/uploads\/2019\/02\/8-kisinin-yasadigi-terk-edilmis-lubbeyde-sergi-acti_6fede9a.jpg?resize=300%2C225 300w, https:\/\/i0.wp.com\/www.tvturk.com\/wp-content\/uploads\/2019\/02\/8-kisinin-yasadigi-terk-edilmis-lubbeyde-sergi-acti_6fede9a.jpg?resize=768%2C576 768w\" width=\"162\" height=\"121\" loading=\"lazy\" data-original-width=\"162\" data-original-height=\"121\" itemprop=\"http:\/\/schema.org\/image\" title=\"8 ki\u015finin ya\u015fad\u0131\u011f\u0131 terk edilmi\u015f L\u00fcbbey\u2019de sergi a\u00e7t\u0131\" alt=\"8 ki\u015finin ya\u015fad\u0131\u011f\u0131 terk edilmi\u015f L\u00fcbbey\u2019de sergi a\u00e7t\u0131\" style=\"width: 162px; height: 121px;\" \/> <\/a> <\/div> <\/div> <!-- close group --> <\/div> <!-- close row --> <\/div><\/p>\n","protected":false},"excerpt":{"rendered":"<p>\u00d6DEM\u0130\u015eL\u0130 RESSAM ERDAL G\u00d6RG\u00dcN, TERK ED\u0130LM\u0130\u015e K\u00d6Y OLARAK ANILAN L\u00dcBBEY&#8217;DE SERG\u0130 A\u00c7ARAK B\u0130R \u0130LK\u0130 BA\u015eARDI.<\/p>\n","protected":false},"author":1,"featured_media":23167,"comment_status":"closed","ping_status":"open","sticky":false,"template":"","format":"standard","meta":{"jetpack_post_was_ever_published":false,"_jetpack_newsletter_access":"","_jetpack_dont_email_post_to_subs":false,"_jetpack_newsletter_tier_id":0,"_jetpack_memberships_contains_paywalled_content":false,"_jetpack_memberships_contains_paid_content":false,"footnotes":"","jetpack_publicize_message":"","jetpack_publicize_feature_enabled":true,"jetpack_social_post_already_shared":false,"jetpack_social_options":{"image_generator_settings":{"template":"highway","default_image_id":0,"font":"","enabled":false},"version":2}},"categories":[655],"tags":[1494,9870,6893,9871,798,9869,9095],"class_list":["post-23166","post","type-post","status-publish","format-standard","has-post-thumbnail","hentry","category-son-dakika","tag-acti","tag-edilmis","tag-kisinin","tag-lubbeyde","tag-sergi","tag-terk","tag-yasadigi"],"jetpack_publicize_connections":[],"jetpack_featured_media_url":"https:\/\/i0.wp.com\/www.tvturk.com\/wp-content\/uploads\/2019\/02\/8-kisinin-yasadigi-terk-edilmis-lubbeyde-sergi-acti_f98d569.jpg?fit=1000%2C750","jetpack_sharing_enabled":true,"jetpack_shortlink":"https:\/\/wp.me\/paKIfm-61E","_links":{"self":[{"href":"http:\/\/www.tvturk.com\/index.php\/wp-json\/wp\/v2\/posts\/23166","targetHints":{"allow":["GET"]}}],"collection":[{"href":"http:\/\/www.tvturk.com\/index.php\/wp-json\/wp\/v2\/posts"}],"about":[{"href":"http:\/\/www.tvturk.com\/index.php\/wp-json\/wp\/v2\/types\/post"}],"author":[{"embeddable":true,"href":"http:\/\/www.tvturk.com\/index.php\/wp-json\/wp\/v2\/users\/1"}],"replies":[{"embeddable":true,"href":"http:\/\/www.tvturk.com\/index.php\/wp-json\/wp\/v2\/comments?post=23166"}],"version-history":[{"count":1,"href":"http:\/\/www.tvturk.com\/index.php\/wp-json\/wp\/v2\/posts\/23166\/revisions"}],"predecessor-version":[{"id":23171,"href":"http:\/\/www.tvturk.com\/index.php\/wp-json\/wp\/v2\/posts\/23166\/revisions\/23171"}],"wp:featuredmedia":[{"embeddable":true,"href":"http:\/\/www.tvturk.com\/index.php\/wp-json\/wp\/v2\/media\/23167"}],"wp:attachment":[{"href":"http:\/\/www.tvturk.com\/index.php\/wp-json\/wp\/v2\/media?parent=23166"}],"wp:term":[{"taxonomy":"category","embeddable":true,"href":"http:\/\/www.tvturk.com\/index.php\/wp-json\/wp\/v2\/categories?post=23166"},{"taxonomy":"post_tag","embeddable":true,"href":"http:\/\/www.tvturk.com\/index.php\/wp-json\/wp\/v2\/tags?post=23166"}],"curies":[{"name":"wp","href":"https:\/\/api.w.org\/{rel}","templated":true}]}}