{"id":23203,"date":"2019-02-11T20:11:03","date_gmt":"2019-02-11T17:11:03","guid":{"rendered":"http:\/\/www.tvturk.com\/index.php\/zenit-fenerbahce-maci-hazirliklarini-tamamladi\/"},"modified":"2019-02-11T20:11:09","modified_gmt":"2019-02-11T17:11:09","slug":"zenit-fenerbahce-maci-hazirliklarini-tamamladi","status":"publish","type":"post","link":"http:\/\/www.tvturk.com\/index.php\/zenit-fenerbahce-maci-hazirliklarini-tamamladi\/","title":{"rendered":"Zenit, Fenerbah\u00e7e ma\u00e7\u0131 haz\u0131rl\u0131klar\u0131n\u0131 tamamlad\u0131"},"content":{"rendered":"<p>UEFA Avrupa Ligi\u2019nde Fenerbah\u00e7e ile kar\u015f\u0131la\u015facak olan Rus temsilcisi Zenit son haz\u0131rl\u0131klar\u0131n\u0131 \u00dclker Stadyumu\u2019nda yapt\u0131.<\/p>\n<p>UEFA Avrupa Ligi Son 32 Turu ilk ma\u00e7\u0131nda deplasmanda Fenerbah\u00e7e ile kar\u015f\u0131la\u015facak olan Zenit son antrenman\u0131n\u0131 \u00dclker Stadyumu\u2019nda yapt\u0131. \u0130lk 15 dakikas\u0131 bas\u0131na a\u00e7\u0131k olan antrenman pas \u00e7al\u0131\u015fmalar\u0131 ile ba\u015flad\u0131. Daha sonra hareketli pas istasyonlar\u0131na devam eden tak\u0131m bas\u0131na a\u00e7\u0131k olan son b\u00f6l\u00fcmde a\u00e7ma germe \u00e7al\u0131\u015fmalar\u0131 yapt\u0131.<\/p>\n<p>Zenit antrenman\u0131 s\u0131ras\u0131nda ma\u00e7\u0131 y\u00f6netecek olan Frans\u0131z hakem Ruddy Buquet ve yard\u0131mc\u0131lar\u0131 da \u0131s\u0131nma \u00e7al\u0131\u015fmalar\u0131 yapt\u0131.<div class=\"tiled-gallery type-rectangular tiled-gallery-unresized\" data-original-width=\"500\" data-carousel-extra='null' itemscope itemtype=\"http:\/\/schema.org\/ImageGallery\" > <div class=\"gallery-row\" style=\"width: 500px; height: 260px;\" data-original-width=\"500\" data-original-height=\"260\" > <div class=\"gallery-group images-1\" style=\"width: 315px; height: 260px;\" data-original-width=\"315\" data-original-height=\"260\" > <div class=\"tiled-gallery-item tiled-gallery-item-large\" itemprop=\"associatedMedia\" itemscope itemtype=\"http:\/\/schema.org\/ImageObject\"> <a href=\"http:\/\/www.tvturk.com\/index.php\/zenit-fenerbahce-maci-hazirliklarini-tamamladi\/zenit-fenerbahce-maci-hazirliklarini-tamamladi-3\/\" border=\"0\" itemprop=\"url\"> <meta itemprop=\"width\" content=\"311\"> <meta itemprop=\"height\" content=\"256\"> <img decoding=\"async\" class=\"\" data-attachment-id=\"23205\" data-orig-file=\"http:\/\/www.tvturk.com\/wp-content\/uploads\/2019\/02\/zenit-fenerbahce-maci-hazirliklarini-tamamladi_e188f50.jpg\" data-orig-size=\"1000,822\" data-comments-opened=\"\" data-image-meta=\"{&quot;aperture&quot;:&quot;0&quot;,&quot;credit&quot;:&quot;IHA&quot;,&quot;camera&quot;:&quot;&quot;,&quot;caption&quot;:&quot;UEFA AVRUPA L\\u0130G\\u0130\\u2019NDE FENERBAH\\u00c7E \\u0130LE KAR\\u015eILA\\u015eACAK OLAN RUS TEMS\\u0130LC\\u0130S\\u0130 ZEN\\u0130T SON HAZIRLIKLARINI \\u00dcLKER STADYUMU\\u2019NDA YAPTI. (MEHMET \\u015e\\u0130R\\u0130N TOPALO\\u011eLU\\\/\\u0130STANBUL-\\u0130HA)&quot;,&quot;created_timestamp&quot;:&quot;0&quot;,&quot;copyright&quot;:&quot;\\u0130HLAS HABER AJANSI, www.iha.com.tr&quot;,&quot;focal_length&quot;:&quot;0&quot;,&quot;iso&quot;:&quot;0&quot;,&quot;shutter_speed&quot;:&quot;0&quot;,&quot;title&quot;:&quot;ZEN\\u0130T, FENERBAH\\u00c7E MA\\u00c7I HAZIRLIKLARINI TAMAMLADI&quot;,&quot;orientation&quot;:&quot;0&quot;}\" data-image-title=\"Zenit, Fenerbah\u00e7e ma\u00e7\u0131 haz\u0131rl\u0131klar\u0131n\u0131 tamamlad\u0131\" data-image-description=\"&lt;p&gt;Zenit, Fenerbah\u00e7e ma\u00e7\u0131 haz\u0131rl\u0131klar\u0131n\u0131 tamamlad\u0131&lt;\/p&gt; \" data-medium-file=\"https:\/\/i0.wp.com\/www.tvturk.com\/wp-content\/uploads\/2019\/02\/zenit-fenerbahce-maci-hazirliklarini-tamamladi_e188f50.jpg?fit=300%2C247\" data-large-file=\"https:\/\/i0.wp.com\/www.tvturk.com\/wp-content\/uploads\/2019\/02\/zenit-fenerbahce-maci-hazirliklarini-tamamladi_e188f50.jpg?fit=1000%2C822\" src=\"https:\/\/i0.wp.com\/www.tvturk.com\/wp-content\/uploads\/2019\/02\/zenit-fenerbahce-maci-hazirliklarini-tamamladi_e188f50.jpg?w=311&#038;h=256\" srcset=\"https:\/\/i0.wp.com\/www.tvturk.com\/wp-content\/uploads\/2019\/02\/zenit-fenerbahce-maci-hazirliklarini-tamamladi_e188f50.jpg?w=1000 1000w, https:\/\/i0.wp.com\/www.tvturk.com\/wp-content\/uploads\/2019\/02\/zenit-fenerbahce-maci-hazirliklarini-tamamladi_e188f50.jpg?resize=150%2C123 150w, https:\/\/i0.wp.com\/www.tvturk.com\/wp-content\/uploads\/2019\/02\/zenit-fenerbahce-maci-hazirliklarini-tamamladi_e188f50.jpg?resize=300%2C247 300w, https:\/\/i0.wp.com\/www.tvturk.com\/wp-content\/uploads\/2019\/02\/zenit-fenerbahce-maci-hazirliklarini-tamamladi_e188f50.jpg?resize=768%2C631 768w\" width=\"311\" height=\"256\" loading=\"lazy\" data-original-width=\"311\" data-original-height=\"256\" itemprop=\"http:\/\/schema.org\/image\" title=\"Zenit, Fenerbah\u00e7e ma\u00e7\u0131 haz\u0131rl\u0131klar\u0131n\u0131 tamamlad\u0131\" alt=\"Zenit, Fenerbah\u00e7e ma\u00e7\u0131 haz\u0131rl\u0131klar\u0131n\u0131 tamamlad\u0131\" style=\"width: 311px; height: 256px;\" \/> <\/a> <\/div> <\/div> <!-- close group --> <div class=\"gallery-group images-2\" style=\"width: 185px; height: 260px;\" data-original-width=\"185\" data-original-height=\"260\" > <div class=\"tiled-gallery-item tiled-gallery-item-small\" itemprop=\"associatedMedia\" itemscope itemtype=\"http:\/\/schema.org\/ImageObject\"> <a href=\"http:\/\/www.tvturk.com\/index.php\/zenit-fenerbahce-maci-hazirliklarini-tamamladi\/zenit-fenerbahce-maci-hazirliklarini-tamamladi-4\/\" border=\"0\" itemprop=\"url\"> <meta itemprop=\"width\" content=\"181\"> <meta itemprop=\"height\" content=\"147\"> <img decoding=\"async\" class=\"\" data-attachment-id=\"23206\" data-orig-file=\"http:\/\/www.tvturk.com\/wp-content\/uploads\/2019\/02\/zenit-fenerbahce-maci-hazirliklarini-tamamladi_6263f34.jpg\" data-orig-size=\"1000,814\" data-comments-opened=\"\" data-image-meta=\"{&quot;aperture&quot;:&quot;0&quot;,&quot;credit&quot;:&quot;IHA&quot;,&quot;camera&quot;:&quot;&quot;,&quot;caption&quot;:&quot;UEFA AVRUPA L\\u0130G\\u0130\\u2019NDE FENERBAH\\u00c7E \\u0130LE KAR\\u015eILA\\u015eACAK OLAN RUS TEMS\\u0130LC\\u0130S\\u0130 ZEN\\u0130T SON HAZIRLIKLARINI \\u00dcLKER STADYUMU\\u2019NDA YAPTI. (MEHMET \\u015e\\u0130R\\u0130N TOPALO\\u011eLU\\\/\\u0130STANBUL-\\u0130HA)&quot;,&quot;created_timestamp&quot;:&quot;0&quot;,&quot;copyright&quot;:&quot;\\u0130HLAS HABER AJANSI, www.iha.com.tr&quot;,&quot;focal_length&quot;:&quot;0&quot;,&quot;iso&quot;:&quot;0&quot;,&quot;shutter_speed&quot;:&quot;0&quot;,&quot;title&quot;:&quot;ZEN\\u0130T, FENERBAH\\u00c7E MA\\u00c7I HAZIRLIKLARINI TAMAMLADI&quot;,&quot;orientation&quot;:&quot;0&quot;}\" data-image-title=\"Zenit, Fenerbah\u00e7e ma\u00e7\u0131 haz\u0131rl\u0131klar\u0131n\u0131 tamamlad\u0131\" data-image-description=\"&lt;p&gt;Zenit, Fenerbah\u00e7e ma\u00e7\u0131 haz\u0131rl\u0131klar\u0131n\u0131 tamamlad\u0131&lt;\/p&gt; \" data-medium-file=\"https:\/\/i0.wp.com\/www.tvturk.com\/wp-content\/uploads\/2019\/02\/zenit-fenerbahce-maci-hazirliklarini-tamamladi_6263f34.jpg?fit=300%2C244\" data-large-file=\"https:\/\/i0.wp.com\/www.tvturk.com\/wp-content\/uploads\/2019\/02\/zenit-fenerbahce-maci-hazirliklarini-tamamladi_6263f34.jpg?fit=1000%2C814\" src=\"https:\/\/i0.wp.com\/www.tvturk.com\/wp-content\/uploads\/2019\/02\/zenit-fenerbahce-maci-hazirliklarini-tamamladi_6263f34.jpg?w=181&#038;h=147\" srcset=\"https:\/\/i0.wp.com\/www.tvturk.com\/wp-content\/uploads\/2019\/02\/zenit-fenerbahce-maci-hazirliklarini-tamamladi_6263f34.jpg?w=1000 1000w, https:\/\/i0.wp.com\/www.tvturk.com\/wp-content\/uploads\/2019\/02\/zenit-fenerbahce-maci-hazirliklarini-tamamladi_6263f34.jpg?resize=150%2C122 150w, https:\/\/i0.wp.com\/www.tvturk.com\/wp-content\/uploads\/2019\/02\/zenit-fenerbahce-maci-hazirliklarini-tamamladi_6263f34.jpg?resize=300%2C244 300w, https:\/\/i0.wp.com\/www.tvturk.com\/wp-content\/uploads\/2019\/02\/zenit-fenerbahce-maci-hazirliklarini-tamamladi_6263f34.jpg?resize=768%2C625 768w\" width=\"181\" height=\"147\" loading=\"lazy\" data-original-width=\"181\" data-original-height=\"147\" itemprop=\"http:\/\/schema.org\/image\" title=\"Zenit, Fenerbah\u00e7e ma\u00e7\u0131 haz\u0131rl\u0131klar\u0131n\u0131 tamamlad\u0131\" alt=\"Zenit, Fenerbah\u00e7e ma\u00e7\u0131 haz\u0131rl\u0131klar\u0131n\u0131 tamamlad\u0131\" style=\"width: 181px; height: 147px;\" \/> <\/a> <\/div> <div class=\"tiled-gallery-item tiled-gallery-item-small\" itemprop=\"associatedMedia\" itemscope itemtype=\"http:\/\/schema.org\/ImageObject\"> <a href=\"http:\/\/www.tvturk.com\/index.php\/zenit-fenerbahce-maci-hazirliklarini-tamamladi\/zenit-fenerbahce-maci-hazirliklarini-tamamladi-5\/\" border=\"0\" itemprop=\"url\"> <meta itemprop=\"width\" content=\"181\"> <meta itemprop=\"height\" content=\"105\"> <img decoding=\"async\" class=\"\" data-attachment-id=\"23207\" data-orig-file=\"http:\/\/www.tvturk.com\/wp-content\/uploads\/2019\/02\/zenit-fenerbahce-maci-hazirliklarini-tamamladi_033cf94.jpg\" data-orig-size=\"1000,579\" data-comments-opened=\"\" data-image-meta=\"{&quot;aperture&quot;:&quot;0&quot;,&quot;credit&quot;:&quot;IHA&quot;,&quot;camera&quot;:&quot;&quot;,&quot;caption&quot;:&quot;UEFA AVRUPA L\\u0130G\\u0130\\u2019NDE FENERBAH\\u00c7E \\u0130LE KAR\\u015eILA\\u015eACAK OLAN RUS TEMS\\u0130LC\\u0130S\\u0130 ZEN\\u0130T SON HAZIRLIKLARINI \\u00dcLKER STADYUMU\\u2019NDA YAPTI. (MEHMET \\u015e\\u0130R\\u0130N TOPALO\\u011eLU\\\/\\u0130STANBUL-\\u0130HA)&quot;,&quot;created_timestamp&quot;:&quot;0&quot;,&quot;copyright&quot;:&quot;\\u0130HLAS HABER AJANSI, www.iha.com.tr&quot;,&quot;focal_length&quot;:&quot;0&quot;,&quot;iso&quot;:&quot;0&quot;,&quot;shutter_speed&quot;:&quot;0&quot;,&quot;title&quot;:&quot;ZEN\\u0130T, FENERBAH\\u00c7E MA\\u00c7I HAZIRLIKLARINI TAMAMLADI&quot;,&quot;orientation&quot;:&quot;0&quot;}\" data-image-title=\"Zenit, Fenerbah\u00e7e ma\u00e7\u0131 haz\u0131rl\u0131klar\u0131n\u0131 tamamlad\u0131\" data-image-description=\"&lt;p&gt;Zenit, Fenerbah\u00e7e ma\u00e7\u0131 haz\u0131rl\u0131klar\u0131n\u0131 tamamlad\u0131&lt;\/p&gt; \" data-medium-file=\"https:\/\/i0.wp.com\/www.tvturk.com\/wp-content\/uploads\/2019\/02\/zenit-fenerbahce-maci-hazirliklarini-tamamladi_033cf94.jpg?fit=300%2C174\" data-large-file=\"https:\/\/i0.wp.com\/www.tvturk.com\/wp-content\/uploads\/2019\/02\/zenit-fenerbahce-maci-hazirliklarini-tamamladi_033cf94.jpg?fit=1000%2C579\" src=\"https:\/\/i0.wp.com\/www.tvturk.com\/wp-content\/uploads\/2019\/02\/zenit-fenerbahce-maci-hazirliklarini-tamamladi_033cf94.jpg?w=181&#038;h=105\" srcset=\"https:\/\/i0.wp.com\/www.tvturk.com\/wp-content\/uploads\/2019\/02\/zenit-fenerbahce-maci-hazirliklarini-tamamladi_033cf94.jpg?w=1000 1000w, https:\/\/i0.wp.com\/www.tvturk.com\/wp-content\/uploads\/2019\/02\/zenit-fenerbahce-maci-hazirliklarini-tamamladi_033cf94.jpg?resize=150%2C87 150w, https:\/\/i0.wp.com\/www.tvturk.com\/wp-content\/uploads\/2019\/02\/zenit-fenerbahce-maci-hazirliklarini-tamamladi_033cf94.jpg?resize=300%2C174 300w, https:\/\/i0.wp.com\/www.tvturk.com\/wp-content\/uploads\/2019\/02\/zenit-fenerbahce-maci-hazirliklarini-tamamladi_033cf94.jpg?resize=768%2C445 768w, https:\/\/i0.wp.com\/www.tvturk.com\/wp-content\/uploads\/2019\/02\/zenit-fenerbahce-maci-hazirliklarini-tamamladi_033cf94.jpg?resize=380%2C220 380w\" width=\"181\" height=\"105\" loading=\"lazy\" data-original-width=\"181\" data-original-height=\"105\" itemprop=\"http:\/\/schema.org\/image\" title=\"Zenit, Fenerbah\u00e7e ma\u00e7\u0131 haz\u0131rl\u0131klar\u0131n\u0131 tamamlad\u0131\" alt=\"Zenit, Fenerbah\u00e7e ma\u00e7\u0131 haz\u0131rl\u0131klar\u0131n\u0131 tamamlad\u0131\" style=\"width: 181px; height: 105px;\" \/> <\/a> <\/div> <\/div> <!-- close group --> <\/div> <!-- close row --> <div class=\"gallery-row\" style=\"width: 500px; height: 359px;\" data-original-width=\"500\" data-original-height=\"359\" > <div class=\"gallery-group images-3\" style=\"width: 157px; height: 359px;\" data-original-width=\"157\" data-original-height=\"359\" > <div class=\"tiled-gallery-item tiled-gallery-item-small\" itemprop=\"associatedMedia\" itemscope itemtype=\"http:\/\/schema.org\/ImageObject\"> <a href=\"http:\/\/www.tvturk.com\/index.php\/zenit-fenerbahce-maci-hazirliklarini-tamamladi\/zenit-fenerbahce-maci-hazirliklarini-tamamladi-6\/\" border=\"0\" itemprop=\"url\"> <meta itemprop=\"width\" content=\"153\"> <meta itemprop=\"height\" content=\"120\"> <img decoding=\"async\" class=\"\" data-attachment-id=\"23208\" data-orig-file=\"http:\/\/www.tvturk.com\/wp-content\/uploads\/2019\/02\/zenit-fenerbahce-maci-hazirliklarini-tamamladi_64d04c9.jpg\" data-orig-size=\"1000,784\" data-comments-opened=\"\" data-image-meta=\"{&quot;aperture&quot;:&quot;0&quot;,&quot;credit&quot;:&quot;IHA&quot;,&quot;camera&quot;:&quot;&quot;,&quot;caption&quot;:&quot;UEFA AVRUPA L\\u0130G\\u0130\\u2019NDE FENERBAH\\u00c7E \\u0130LE KAR\\u015eILA\\u015eACAK OLAN RUS TEMS\\u0130LC\\u0130S\\u0130 ZEN\\u0130T SON HAZIRLIKLARINI \\u00dcLKER STADYUMU\\u2019NDA YAPTI. (MEHMET \\u015e\\u0130R\\u0130N TOPALO\\u011eLU\\\/\\u0130STANBUL-\\u0130HA)&quot;,&quot;created_timestamp&quot;:&quot;0&quot;,&quot;copyright&quot;:&quot;\\u0130HLAS HABER AJANSI, www.iha.com.tr&quot;,&quot;focal_length&quot;:&quot;0&quot;,&quot;iso&quot;:&quot;0&quot;,&quot;shutter_speed&quot;:&quot;0&quot;,&quot;title&quot;:&quot;ZEN\\u0130T, FENERBAH\\u00c7E MA\\u00c7I HAZIRLIKLARINI TAMAMLADI&quot;,&quot;orientation&quot;:&quot;0&quot;}\" data-image-title=\"Zenit, Fenerbah\u00e7e ma\u00e7\u0131 haz\u0131rl\u0131klar\u0131n\u0131 tamamlad\u0131\" data-image-description=\"&lt;p&gt;Zenit, Fenerbah\u00e7e ma\u00e7\u0131 haz\u0131rl\u0131klar\u0131n\u0131 tamamlad\u0131&lt;\/p&gt; \" data-medium-file=\"https:\/\/i0.wp.com\/www.tvturk.com\/wp-content\/uploads\/2019\/02\/zenit-fenerbahce-maci-hazirliklarini-tamamladi_64d04c9.jpg?fit=300%2C235\" data-large-file=\"https:\/\/i0.wp.com\/www.tvturk.com\/wp-content\/uploads\/2019\/02\/zenit-fenerbahce-maci-hazirliklarini-tamamladi_64d04c9.jpg?fit=1000%2C784\" src=\"https:\/\/i0.wp.com\/www.tvturk.com\/wp-content\/uploads\/2019\/02\/zenit-fenerbahce-maci-hazirliklarini-tamamladi_64d04c9.jpg?w=153&#038;h=120\" srcset=\"https:\/\/i0.wp.com\/www.tvturk.com\/wp-content\/uploads\/2019\/02\/zenit-fenerbahce-maci-hazirliklarini-tamamladi_64d04c9.jpg?w=1000 1000w, https:\/\/i0.wp.com\/www.tvturk.com\/wp-content\/uploads\/2019\/02\/zenit-fenerbahce-maci-hazirliklarini-tamamladi_64d04c9.jpg?resize=150%2C118 150w, https:\/\/i0.wp.com\/www.tvturk.com\/wp-content\/uploads\/2019\/02\/zenit-fenerbahce-maci-hazirliklarini-tamamladi_64d04c9.jpg?resize=300%2C235 300w, https:\/\/i0.wp.com\/www.tvturk.com\/wp-content\/uploads\/2019\/02\/zenit-fenerbahce-maci-hazirliklarini-tamamladi_64d04c9.jpg?resize=768%2C602 768w\" width=\"153\" height=\"120\" loading=\"lazy\" data-original-width=\"153\" data-original-height=\"120\" itemprop=\"http:\/\/schema.org\/image\" title=\"Zenit, Fenerbah\u00e7e ma\u00e7\u0131 haz\u0131rl\u0131klar\u0131n\u0131 tamamlad\u0131\" alt=\"Zenit, Fenerbah\u00e7e ma\u00e7\u0131 haz\u0131rl\u0131klar\u0131n\u0131 tamamlad\u0131\" style=\"width: 153px; height: 120px;\" \/> <\/a> <\/div> <div class=\"tiled-gallery-item tiled-gallery-item-small\" itemprop=\"associatedMedia\" itemscope itemtype=\"http:\/\/schema.org\/ImageObject\"> <a href=\"http:\/\/www.tvturk.com\/index.php\/zenit-fenerbahce-maci-hazirliklarini-tamamladi\/zenit-fenerbahce-maci-hazirliklarini-tamamladi-7\/\" border=\"0\" itemprop=\"url\"> <meta itemprop=\"width\" content=\"153\"> <meta itemprop=\"height\" content=\"109\"> <img decoding=\"async\" class=\"\" data-attachment-id=\"23209\" data-orig-file=\"http:\/\/www.tvturk.com\/wp-content\/uploads\/2019\/02\/zenit-fenerbahce-maci-hazirliklarini-tamamladi_7a0e938.jpg\" data-orig-size=\"1000,714\" data-comments-opened=\"\" data-image-meta=\"{&quot;aperture&quot;:&quot;0&quot;,&quot;credit&quot;:&quot;IHA&quot;,&quot;camera&quot;:&quot;&quot;,&quot;caption&quot;:&quot;UEFA AVRUPA L\\u0130G\\u0130\\u2019NDE FENERBAH\\u00c7E \\u0130LE KAR\\u015eILA\\u015eACAK OLAN RUS TEMS\\u0130LC\\u0130S\\u0130 ZEN\\u0130T SON HAZIRLIKLARINI \\u00dcLKER STADYUMU\\u2019NDA YAPTI. (MEHMET \\u015e\\u0130R\\u0130N TOPALO\\u011eLU\\\/\\u0130STANBUL-\\u0130HA)&quot;,&quot;created_timestamp&quot;:&quot;0&quot;,&quot;copyright&quot;:&quot;\\u0130HLAS HABER AJANSI, www.iha.com.tr&quot;,&quot;focal_length&quot;:&quot;0&quot;,&quot;iso&quot;:&quot;0&quot;,&quot;shutter_speed&quot;:&quot;0&quot;,&quot;title&quot;:&quot;ZEN\\u0130T, FENERBAH\\u00c7E MA\\u00c7I HAZIRLIKLARINI TAMAMLADI&quot;,&quot;orientation&quot;:&quot;0&quot;}\" data-image-title=\"Zenit, Fenerbah\u00e7e ma\u00e7\u0131 haz\u0131rl\u0131klar\u0131n\u0131 tamamlad\u0131\" data-image-description=\"&lt;p&gt;Zenit, Fenerbah\u00e7e ma\u00e7\u0131 haz\u0131rl\u0131klar\u0131n\u0131 tamamlad\u0131&lt;\/p&gt; \" data-medium-file=\"https:\/\/i0.wp.com\/www.tvturk.com\/wp-content\/uploads\/2019\/02\/zenit-fenerbahce-maci-hazirliklarini-tamamladi_7a0e938.jpg?fit=300%2C214\" data-large-file=\"https:\/\/i0.wp.com\/www.tvturk.com\/wp-content\/uploads\/2019\/02\/zenit-fenerbahce-maci-hazirliklarini-tamamladi_7a0e938.jpg?fit=1000%2C714\" src=\"https:\/\/i0.wp.com\/www.tvturk.com\/wp-content\/uploads\/2019\/02\/zenit-fenerbahce-maci-hazirliklarini-tamamladi_7a0e938.jpg?w=153&#038;h=109\" srcset=\"https:\/\/i0.wp.com\/www.tvturk.com\/wp-content\/uploads\/2019\/02\/zenit-fenerbahce-maci-hazirliklarini-tamamladi_7a0e938.jpg?w=1000 1000w, https:\/\/i0.wp.com\/www.tvturk.com\/wp-content\/uploads\/2019\/02\/zenit-fenerbahce-maci-hazirliklarini-tamamladi_7a0e938.jpg?resize=150%2C107 150w, https:\/\/i0.wp.com\/www.tvturk.com\/wp-content\/uploads\/2019\/02\/zenit-fenerbahce-maci-hazirliklarini-tamamladi_7a0e938.jpg?resize=300%2C214 300w, https:\/\/i0.wp.com\/www.tvturk.com\/wp-content\/uploads\/2019\/02\/zenit-fenerbahce-maci-hazirliklarini-tamamladi_7a0e938.jpg?resize=768%2C548 768w\" width=\"153\" height=\"109\" loading=\"lazy\" data-original-width=\"153\" data-original-height=\"109\" itemprop=\"http:\/\/schema.org\/image\" title=\"Zenit, Fenerbah\u00e7e ma\u00e7\u0131 haz\u0131rl\u0131klar\u0131n\u0131 tamamlad\u0131\" alt=\"Zenit, Fenerbah\u00e7e ma\u00e7\u0131 haz\u0131rl\u0131klar\u0131n\u0131 tamamlad\u0131\" style=\"width: 153px; height: 109px;\" \/> <\/a> <\/div> <div class=\"tiled-gallery-item tiled-gallery-item-small\" itemprop=\"associatedMedia\" itemscope itemtype=\"http:\/\/schema.org\/ImageObject\"> <a href=\"http:\/\/www.tvturk.com\/index.php\/zenit-fenerbahce-maci-hazirliklarini-tamamladi\/zenit-fenerbahce-maci-hazirliklarini-tamamladi-8\/\" border=\"0\" itemprop=\"url\"> <meta itemprop=\"width\" content=\"153\"> <meta itemprop=\"height\" content=\"118\"> <img decoding=\"async\" class=\"\" data-attachment-id=\"23210\" data-orig-file=\"http:\/\/www.tvturk.com\/wp-content\/uploads\/2019\/02\/zenit-fenerbahce-maci-hazirliklarini-tamamladi_1c7ff06.jpg\" data-orig-size=\"1000,768\" data-comments-opened=\"\" data-image-meta=\"{&quot;aperture&quot;:&quot;0&quot;,&quot;credit&quot;:&quot;IHA&quot;,&quot;camera&quot;:&quot;&quot;,&quot;caption&quot;:&quot;UEFA AVRUPA L\\u0130G\\u0130\\u2019NDE FENERBAH\\u00c7E \\u0130LE KAR\\u015eILA\\u015eACAK OLAN RUS TEMS\\u0130LC\\u0130S\\u0130 ZEN\\u0130T SON HAZIRLIKLARINI \\u00dcLKER STADYUMU\\u2019NDA YAPTI. (MEHMET \\u015e\\u0130R\\u0130N TOPALO\\u011eLU\\\/\\u0130STANBUL-\\u0130HA)&quot;,&quot;created_timestamp&quot;:&quot;0&quot;,&quot;copyright&quot;:&quot;\\u0130HLAS HABER AJANSI, www.iha.com.tr&quot;,&quot;focal_length&quot;:&quot;0&quot;,&quot;iso&quot;:&quot;0&quot;,&quot;shutter_speed&quot;:&quot;0&quot;,&quot;title&quot;:&quot;ZEN\\u0130T, FENERBAH\\u00c7E MA\\u00c7I HAZIRLIKLARINI TAMAMLADI&quot;,&quot;orientation&quot;:&quot;0&quot;}\" data-image-title=\"Zenit, Fenerbah\u00e7e ma\u00e7\u0131 haz\u0131rl\u0131klar\u0131n\u0131 tamamlad\u0131\" data-image-description=\"&lt;p&gt;Zenit, Fenerbah\u00e7e ma\u00e7\u0131 haz\u0131rl\u0131klar\u0131n\u0131 tamamlad\u0131&lt;\/p&gt; \" data-medium-file=\"https:\/\/i0.wp.com\/www.tvturk.com\/wp-content\/uploads\/2019\/02\/zenit-fenerbahce-maci-hazirliklarini-tamamladi_1c7ff06.jpg?fit=300%2C230\" data-large-file=\"https:\/\/i0.wp.com\/www.tvturk.com\/wp-content\/uploads\/2019\/02\/zenit-fenerbahce-maci-hazirliklarini-tamamladi_1c7ff06.jpg?fit=1000%2C768\" src=\"https:\/\/i0.wp.com\/www.tvturk.com\/wp-content\/uploads\/2019\/02\/zenit-fenerbahce-maci-hazirliklarini-tamamladi_1c7ff06.jpg?w=153&#038;h=118\" srcset=\"https:\/\/i0.wp.com\/www.tvturk.com\/wp-content\/uploads\/2019\/02\/zenit-fenerbahce-maci-hazirliklarini-tamamladi_1c7ff06.jpg?w=1000 1000w, https:\/\/i0.wp.com\/www.tvturk.com\/wp-content\/uploads\/2019\/02\/zenit-fenerbahce-maci-hazirliklarini-tamamladi_1c7ff06.jpg?resize=150%2C115 150w, https:\/\/i0.wp.com\/www.tvturk.com\/wp-content\/uploads\/2019\/02\/zenit-fenerbahce-maci-hazirliklarini-tamamladi_1c7ff06.jpg?resize=300%2C230 300w, https:\/\/i0.wp.com\/www.tvturk.com\/wp-content\/uploads\/2019\/02\/zenit-fenerbahce-maci-hazirliklarini-tamamladi_1c7ff06.jpg?resize=768%2C590 768w\" width=\"153\" height=\"118\" loading=\"lazy\" data-original-width=\"153\" data-original-height=\"118\" itemprop=\"http:\/\/schema.org\/image\" title=\"Zenit, Fenerbah\u00e7e ma\u00e7\u0131 haz\u0131rl\u0131klar\u0131n\u0131 tamamlad\u0131\" alt=\"Zenit, Fenerbah\u00e7e ma\u00e7\u0131 haz\u0131rl\u0131klar\u0131n\u0131 tamamlad\u0131\" style=\"width: 153px; height: 118px;\" \/> <\/a> <\/div> <\/div> <!-- close group --> <div class=\"gallery-group images-1\" style=\"width: 343px; height: 359px;\" data-original-width=\"343\" data-original-height=\"359\" > <div class=\"tiled-gallery-item tiled-gallery-item-large\" itemprop=\"associatedMedia\" itemscope itemtype=\"http:\/\/schema.org\/ImageObject\"> <a href=\"http:\/\/www.tvturk.com\/index.php\/zenit-fenerbahce-maci-hazirliklarini-tamamladi\/zenit-fenerbahce-maci-hazirliklarini-tamamladi-9\/\" border=\"0\" itemprop=\"url\"> <meta itemprop=\"width\" content=\"339\"> <meta itemprop=\"height\" content=\"355\"> <img decoding=\"async\" class=\"\" data-attachment-id=\"23211\" data-orig-file=\"http:\/\/www.tvturk.com\/wp-content\/uploads\/2019\/02\/zenit-fenerbahce-maci-hazirliklarini-tamamladi_3a3fe3b.jpg\" data-orig-size=\"955,1000\" data-comments-opened=\"\" data-image-meta=\"{&quot;aperture&quot;:&quot;0&quot;,&quot;credit&quot;:&quot;IHA&quot;,&quot;camera&quot;:&quot;&quot;,&quot;caption&quot;:&quot;UEFA AVRUPA L\\u0130G\\u0130\\u2019NDE FENERBAH\\u00c7E \\u0130LE KAR\\u015eILA\\u015eACAK OLAN RUS TEMS\\u0130LC\\u0130S\\u0130 ZEN\\u0130T SON HAZIRLIKLARINI \\u00dcLKER STADYUMU\\u2019NDA YAPTI. (MEHMET \\u015e\\u0130R\\u0130N TOPALO\\u011eLU\\\/\\u0130STANBUL-\\u0130HA)&quot;,&quot;created_timestamp&quot;:&quot;0&quot;,&quot;copyright&quot;:&quot;\\u0130HLAS HABER AJANSI, www.iha.com.tr&quot;,&quot;focal_length&quot;:&quot;0&quot;,&quot;iso&quot;:&quot;0&quot;,&quot;shutter_speed&quot;:&quot;0&quot;,&quot;title&quot;:&quot;ZEN\\u0130T, FENERBAH\\u00c7E MA\\u00c7I HAZIRLIKLARINI TAMAMLADI&quot;,&quot;orientation&quot;:&quot;0&quot;}\" data-image-title=\"Zenit, Fenerbah\u00e7e ma\u00e7\u0131 haz\u0131rl\u0131klar\u0131n\u0131 tamamlad\u0131\" data-image-description=\"&lt;p&gt;Zenit, Fenerbah\u00e7e ma\u00e7\u0131 haz\u0131rl\u0131klar\u0131n\u0131 tamamlad\u0131&lt;\/p&gt; \" data-medium-file=\"https:\/\/i0.wp.com\/www.tvturk.com\/wp-content\/uploads\/2019\/02\/zenit-fenerbahce-maci-hazirliklarini-tamamladi_3a3fe3b.jpg?fit=287%2C300\" data-large-file=\"https:\/\/i0.wp.com\/www.tvturk.com\/wp-content\/uploads\/2019\/02\/zenit-fenerbahce-maci-hazirliklarini-tamamladi_3a3fe3b.jpg?fit=955%2C1000\" src=\"https:\/\/i0.wp.com\/www.tvturk.com\/wp-content\/uploads\/2019\/02\/zenit-fenerbahce-maci-hazirliklarini-tamamladi_3a3fe3b.jpg?w=339&#038;h=355\" srcset=\"https:\/\/i0.wp.com\/www.tvturk.com\/wp-content\/uploads\/2019\/02\/zenit-fenerbahce-maci-hazirliklarini-tamamladi_3a3fe3b.jpg?w=955 955w, https:\/\/i0.wp.com\/www.tvturk.com\/wp-content\/uploads\/2019\/02\/zenit-fenerbahce-maci-hazirliklarini-tamamladi_3a3fe3b.jpg?resize=143%2C150 143w, https:\/\/i0.wp.com\/www.tvturk.com\/wp-content\/uploads\/2019\/02\/zenit-fenerbahce-maci-hazirliklarini-tamamladi_3a3fe3b.jpg?resize=287%2C300 287w, https:\/\/i0.wp.com\/www.tvturk.com\/wp-content\/uploads\/2019\/02\/zenit-fenerbahce-maci-hazirliklarini-tamamladi_3a3fe3b.jpg?resize=768%2C804 768w\" width=\"339\" height=\"355\" loading=\"lazy\" data-original-width=\"339\" data-original-height=\"355\" itemprop=\"http:\/\/schema.org\/image\" title=\"Zenit, Fenerbah\u00e7e ma\u00e7\u0131 haz\u0131rl\u0131klar\u0131n\u0131 tamamlad\u0131\" alt=\"Zenit, Fenerbah\u00e7e ma\u00e7\u0131 haz\u0131rl\u0131klar\u0131n\u0131 tamamlad\u0131\" style=\"width: 339px; height: 355px;\" \/> <\/a> <\/div> <\/div> <!-- close group --> <\/div> <!-- close row --> <\/div><\/p>\n","protected":false},"excerpt":{"rendered":"<p>UEFA AVRUPA L\u0130G\u0130\u2019NDE FENERBAH\u00c7E \u0130LE KAR\u015eILA\u015eACAK OLAN RUS TEMS\u0130LC\u0130S\u0130 ZEN\u0130T SON HAZIRLIKLARINI \u00dcLKER STADYUMU\u2019NDA YAPTI.<\/p>\n","protected":false},"author":1,"featured_media":23204,"comment_status":"closed","ping_status":"open","sticky":false,"template":"","format":"standard","meta":{"jetpack_post_was_ever_published":false,"_jetpack_newsletter_access":"","_jetpack_dont_email_post_to_subs":false,"_jetpack_newsletter_tier_id":0,"_jetpack_memberships_contains_paywalled_content":false,"_jetpack_memberships_contains_paid_content":false,"footnotes":"","jetpack_publicize_message":"","jetpack_publicize_feature_enabled":true,"jetpack_social_post_already_shared":false,"jetpack_social_options":{"image_generator_settings":{"template":"highway","default_image_id":0,"font":"","enabled":false},"version":2}},"categories":[657],"tags":[2626,2628,777,637,7472],"class_list":["post-23203","post","type-post","status-publish","format-standard","has-post-thumbnail","hentry","category-spor","tag-fenerbahce","tag-hazirliklarini","tag-maci","tag-tamamladi","tag-zenit"],"jetpack_publicize_connections":[],"jetpack_featured_media_url":"https:\/\/i0.wp.com\/www.tvturk.com\/wp-content\/uploads\/2019\/02\/zenit-fenerbahce-maci-hazirliklarini-tamamladi_340d84f.jpg?fit=1000%2C773","jetpack_sharing_enabled":true,"jetpack_shortlink":"https:\/\/wp.me\/paKIfm-62f","_links":{"self":[{"href":"http:\/\/www.tvturk.com\/index.php\/wp-json\/wp\/v2\/posts\/23203","targetHints":{"allow":["GET"]}}],"collection":[{"href":"http:\/\/www.tvturk.com\/index.php\/wp-json\/wp\/v2\/posts"}],"about":[{"href":"http:\/\/www.tvturk.com\/index.php\/wp-json\/wp\/v2\/types\/post"}],"author":[{"embeddable":true,"href":"http:\/\/www.tvturk.com\/index.php\/wp-json\/wp\/v2\/users\/1"}],"replies":[{"embeddable":true,"href":"http:\/\/www.tvturk.com\/index.php\/wp-json\/wp\/v2\/comments?post=23203"}],"version-history":[{"count":1,"href":"http:\/\/www.tvturk.com\/index.php\/wp-json\/wp\/v2\/posts\/23203\/revisions"}],"predecessor-version":[{"id":23212,"href":"http:\/\/www.tvturk.com\/index.php\/wp-json\/wp\/v2\/posts\/23203\/revisions\/23212"}],"wp:featuredmedia":[{"embeddable":true,"href":"http:\/\/www.tvturk.com\/index.php\/wp-json\/wp\/v2\/media\/23204"}],"wp:attachment":[{"href":"http:\/\/www.tvturk.com\/index.php\/wp-json\/wp\/v2\/media?parent=23203"}],"wp:term":[{"taxonomy":"category","embeddable":true,"href":"http:\/\/www.tvturk.com\/index.php\/wp-json\/wp\/v2\/categories?post=23203"},{"taxonomy":"post_tag","embeddable":true,"href":"http:\/\/www.tvturk.com\/index.php\/wp-json\/wp\/v2\/tags?post=23203"}],"curies":[{"name":"wp","href":"https:\/\/api.w.org\/{rel}","templated":true}]}}