{"id":232162,"date":"2019-11-24T10:02:26","date_gmt":"2019-11-24T07:02:26","guid":{"rendered":"http:\/\/www.tvturk.com\/index.php\/ozel-copten-kompost-elde-ediyorlar\/"},"modified":"2019-11-24T10:02:26","modified_gmt":"2019-11-24T07:02:26","slug":"ozel-copten-kompost-elde-ediyorlar","status":"publish","type":"post","link":"http:\/\/www.tvturk.com\/index.php\/ozel-copten-kompost-elde-ediyorlar\/","title":{"rendered":"(\u00d6zel) \u00c7\u00f6pten kompost elde ediyorlar"},"content":{"rendered":"<p>Zeytinburnu\u2019nda S\u0131f\u0131r At\u0131k Projesi kapsam\u0131nda belediye binas\u0131ndaki t\u00fcm \u00e7\u00f6p kovalar\u0131 toplanarak, katlara at\u0131klar\u0131n ayr\u0131\u015ft\u0131r\u0131ld\u0131\u011f\u0131 \u00fcniteler yerle\u015ftirildi. 5 ayda 6,5 ton at\u0131\u011f\u0131n topland\u0131\u011f\u0131 proje kapsam\u0131nda at\u0131klardan elde edilen kompostlar ise il\u00e7edeki parklarda toprakla bulu\u015ftu.<\/p>\n<p>Cumhurba\u015fkan\u0131 Recep Tayyip Erdo\u011fan\u2019\u0131n e\u015fi Emine Erdo\u011fan\u2019\u0131n himayelerinde, \u00c7evre ve \u015eehircilik Bakanl\u0131\u011f\u0131 taraf\u0131ndan y\u00fcr\u00fct\u00fclen S\u0131f\u0131r At\u0131k Projesi\u2019ne Zeytinburnu\u2019nda b\u00fcy\u00fck destek veriliyor. Zeytinburnu Belediyesinin 12 Haziran\u2019da ba\u015flatt\u0131\u011f\u0131 \u00e7al\u0131\u015fmayla at\u0131klar\u0131n nitelikli ayr\u0131\u015fmas\u0131n\u0131 sa\u011flamak amac\u0131yla belediye binas\u0131ndaki t\u00fcm \u00e7\u00f6p kovalar\u0131 masa altlar\u0131ndan toplanarak, bina i\u00e7erisindeki \u00e7e\u015fitli noktalara t\u00fcrlerine g\u00f6re at\u0131klar\u0131n ayr\u0131\u015ft\u0131r\u0131ld\u0131\u011f\u0131 \u00fcniteler yerle\u015ftirildi. Binada g\u00f6revli personeller de \u00e7\u00f6plerini \u00fcnitelere atmaya ba\u015flad\u0131. Belediyenin arkas\u0131na kurulan alana getirilen at\u0131klar ise tart\u0131l\u0131p kilolar\u0131na g\u00f6re ayr\u0131larak biriktirilmeye ba\u015fland\u0131. \u00c7al\u0131\u015fmayla belediye personelinin \u00e7\u00f6plerinin geri d\u00f6n\u00fc\u015f\u00fcm\u00fc sa\u011flan\u0131rken, belediye binas\u0131ndaki yemekhaneden ve semt pazarlar\u0131ndan kalan art\u0131k yiyeceklerin makinede i\u015flenmesiyle de organik kompost \u00fcretimi sa\u011fland\u0131. Bu \u015fekilde \u00fcretilen kompostlar Dr. Ziya G\u00fcn Park\u0131\u2019nda toprakla bulu\u015ftu.<\/p>\n<p>5 ayda 6,5 ton at\u0131k topland\u0131<\/p>\n<p>T\u00fcm il\u00e7eye yay\u0131lmas\u0131 hedeflenen proje kapsam\u0131nda 3 bin 890 kilogram at\u0131k ka\u011f\u0131t\/karton, bin 482 kilogram at\u0131k plastik, bin 60 kilogram at\u0131k cam, 123 kilogram at\u0131k metal, 80 kilogram bitkisel at\u0131k ya\u011f, 130 kilogram at\u0131k ah\u015fap, 41 kilogram at\u0131k pil, 28 kilogram elektronik at\u0131k geri d\u00f6n\u00fc\u015f\u00fcme kazand\u0131r\u0131ld\u0131. Yiyecek art\u0131klar\u0131ndan ise 216 kilogram kompost elde edildi.<\/p>\n<p>\u201cMasalar\u0131n\u0131n alt\u0131ndaki t\u00fcm \u00e7\u00f6p torbalar\u0131 topland\u0131\u201d<\/p>\n<p>Zeytinburnu Belediye Ba\u015fkan\u0131 \u00d6mer Ar\u0131soy, S\u0131f\u0131r At\u0131k Projesi\u2019nin \u00f6nemine dikkat \u00e7ekerek, ba\u015flatt\u0131klar\u0131 \u00e7al\u0131\u015fmay\u0131 il\u00e7e geneline yayarak kazan\u0131mlar\u0131 artt\u0131rmay\u0131 ama\u00e7lad\u0131klar\u0131n\u0131 ifade etti. Belediye binas\u0131ndaki t\u00fcm \u00e7\u00f6p kutular\u0131n\u0131n toplanarak at\u0131klar\u0131n ayr\u0131\u015ft\u0131r\u0131ld\u0131\u011f\u0131 \u00fcnitelerin binan\u0131n bir\u00e7ok noktas\u0131nda yerini ald\u0131\u011f\u0131n\u0131 dile getiren Ar\u0131soy, \u201cBirimlerin masalar\u0131n\u0131n alt\u0131ndaki t\u00fcm \u00e7\u00f6p torbalar\u0131 topland\u0131. Her katta ayr\u0131 olarak \u00e7\u00f6plerin toplanabilece\u011fi \u00fcniteler var. Biz bu toplanan \u00e7\u00f6plerin evsel at\u0131klar\u0131n komposta d\u00f6n\u00fc\u015ft\u00fc\u011f\u00fc tesisteyiz. Bunu \u015fimdi okullar\u0131m\u0131za ve t\u00fcm kamu kurumlar\u0131na yayg\u0131nla\u015ft\u0131raca\u011f\u0131z. \u0130lk kompost \u00fcr\u00fcnleri elde ettik, \u00d6n\u00fcm\u00fczdeki g\u00fcnlerde okullara da yayg\u0131nla\u015ft\u0131raca\u011f\u0131z. Sonra pilot mahalle olarak se\u00e7ti\u011fimiz mahallelerden, evlerden ayr\u0131\u015ft\u0131r\u0131lm\u0131\u015f olarak ya da konteynerleri ay\u0131rarak \u00e7\u00f6pleri ayr\u0131\u015ft\u0131rmay\u0131 hedefliyoruz. \u2019Her at\u0131k \u00e7\u00f6p de\u011fildir\u2019 Zeytinburnu Belediyesinin y\u0131llar \u00f6nce s\u00f6yledi\u011fi bir slogand\u0131. \u0130n\u015fallah \u00e7\u00f6plerimizi hem ekonomiye kazand\u0131raca\u011f\u0131z. Hem de s\u00fcrd\u00fcr\u00fclebilir \u00e7evre bak\u0131m\u0131ndan her bir bireyin, kurumun, ailenin \u00fczerinde \u00f6nemli olarak durmas\u0131 gereken bir husus. Bizde b\u00fct\u00fcn Zeytinburnu ailesi olarak bu s\u0131f\u0131r at\u0131k hedefine do\u011fru y\u00fcr\u00fcyece\u011fiz\u201d ifadelerini kulland\u0131.<\/p>\n","protected":false},"excerpt":{"rendered":"<p>ZEYT\u0130NBURNU&#8217;NDA SIFIR ATIK PROJES\u0130 KAPSAMINDA BELED\u0130YE B\u0130NASINDAK\u0130 T\u00dcM \u00c7\u00d6P KOVALARI TOPLANARAK, KATLARA ATIKLARIN AYRI\u015eTIRILDI\u011eI \u00dcN\u0130TELER YERLE\u015eT\u0130R\u0130LD\u0130. 5 AYDA 6,5 TON ATI\u011eIN TOPLANDI\u011eI PROJE KAPSAMINDA ATIKLARDAN ELDE ED\u0130LEN KOMPOSTLAR \u0130SE \u0130L\u00c7EDEK\u0130 PARKLARDA TOPRAKLA BULU\u015eTU.<\/p>\n","protected":false},"author":1,"featured_media":232163,"comment_status":"closed","ping_status":"open","sticky":false,"template":"","format":"standard","meta":{"jetpack_post_was_ever_published":false,"_jetpack_newsletter_access":"","_jetpack_dont_email_post_to_subs":false,"_jetpack_newsletter_tier_id":0,"_jetpack_memberships_contains_paywalled_content":false,"_jetpack_memberships_contains_paid_content":false,"footnotes":"","jetpack_publicize_message":"","jetpack_publicize_feature_enabled":true,"jetpack_social_post_already_shared":true,"jetpack_social_options":{"image_generator_settings":{"template":"highway","default_image_id":0,"font":"","enabled":false},"version":2}},"categories":[1],"tags":[1073,18318,12696,2673,8147],"class_list":["post-232162","post","type-post","status-publish","format-standard","has-post-thumbnail","hentry","category-genel","tag-ozel","tag-copten","tag-ediyorlar","tag-elde","tag-kompost"],"jetpack_publicize_connections":[],"jetpack_featured_media_url":"https:\/\/i0.wp.com\/www.tvturk.com\/wp-content\/uploads\/2019\/11\/ozel-copten-kompost-elde-ediyorlar_d5353c5.jpg?fit=1000%2C666","jetpack_sharing_enabled":true,"jetpack_shortlink":"https:\/\/wp.me\/paKIfm-Yoy","_links":{"self":[{"href":"http:\/\/www.tvturk.com\/index.php\/wp-json\/wp\/v2\/posts\/232162","targetHints":{"allow":["GET"]}}],"collection":[{"href":"http:\/\/www.tvturk.com\/index.php\/wp-json\/wp\/v2\/posts"}],"about":[{"href":"http:\/\/www.tvturk.com\/index.php\/wp-json\/wp\/v2\/types\/post"}],"author":[{"embeddable":true,"href":"http:\/\/www.tvturk.com\/index.php\/wp-json\/wp\/v2\/users\/1"}],"replies":[{"embeddable":true,"href":"http:\/\/www.tvturk.com\/index.php\/wp-json\/wp\/v2\/comments?post=232162"}],"version-history":[{"count":0,"href":"http:\/\/www.tvturk.com\/index.php\/wp-json\/wp\/v2\/posts\/232162\/revisions"}],"wp:featuredmedia":[{"embeddable":true,"href":"http:\/\/www.tvturk.com\/index.php\/wp-json\/wp\/v2\/media\/232163"}],"wp:attachment":[{"href":"http:\/\/www.tvturk.com\/index.php\/wp-json\/wp\/v2\/media?parent=232162"}],"wp:term":[{"taxonomy":"category","embeddable":true,"href":"http:\/\/www.tvturk.com\/index.php\/wp-json\/wp\/v2\/categories?post=232162"},{"taxonomy":"post_tag","embeddable":true,"href":"http:\/\/www.tvturk.com\/index.php\/wp-json\/wp\/v2\/tags?post=232162"}],"curies":[{"name":"wp","href":"https:\/\/api.w.org\/{rel}","templated":true}]}}