{"id":232224,"date":"2019-11-24T11:46:25","date_gmt":"2019-11-24T08:46:25","guid":{"rendered":"http:\/\/www.tvturk.com\/index.php\/pariste-binlerce-kisi-kadina-siddete-karsi-yurudu\/"},"modified":"2019-11-24T11:46:25","modified_gmt":"2019-11-24T08:46:25","slug":"pariste-binlerce-kisi-kadina-siddete-karsi-yurudu","status":"publish","type":"post","link":"http:\/\/www.tvturk.com\/index.php\/pariste-binlerce-kisi-kadina-siddete-karsi-yurudu\/","title":{"rendered":"Paris\u2019te binlerce ki\u015fi kad\u0131na \u015fiddete kar\u015f\u0131 y\u00fcr\u00fcd\u00fc"},"content":{"rendered":"<p>Fransa\u2019n\u0131n ba\u015fkenti Paris\u2019te binlerce ki\u015fi \u201cKad\u0131na y\u00f6nelik \u015fiddete kar\u015f\u0131 her zaman her yerde\u201d slogan\u0131 ile y\u00fcr\u00fcy\u00fc\u015f ger\u00e7ekle\u015ftirdi.<\/p>\n<p>Paris\u2019te her y\u0131l oldu\u011fu gibi bu y\u0131l da kad\u0131n \u00f6rg\u00fctlerinin ortak organizasyonuyla kad\u0131na y\u00f6nelik \u015fiddete kar\u015f\u0131 protesto y\u00fcr\u00fcy\u00fc\u015f\u00fc yap\u0131ld\u0131. Y\u00fcr\u00fcy\u00fc\u015fe kad\u0131n haklar\u0131 \u00f6rg\u00fct\u00fc FEMEN \u00fcyeleri, i\u015f sendikas\u0131 Genel \u0130\u015f Konfederasyonu (CGT) ve NPA Partisi\u2019nin de aralar\u0131nda bulundu\u011fu bir\u00e7ok dernek ve sendika kat\u0131ld\u0131. Paris\u2019teki Opera Meydan\u0131\u2019nda ba\u015flayan y\u00fcr\u00fcy\u00fc\u015fte \u015fiddet nedeniyle hayat\u0131n\u0131 kaybeden kad\u0131nlar\u0131n foto\u011fraflar\u0131 ta\u015f\u0131nd\u0131.<\/p>\n<p>\u201cKad\u0131na y\u00f6nelik \u015fiddete son\u201d, \u201cKad\u0131nlar i\u00e7in adalet\u201d, &#8220;Kad\u0131na y\u00f6nelik ekonomik \u015fiddete son\u201d, \u201cHer g\u00fcn yery\u00fcz\u00fcnde binlerce kad\u0131n tacize u\u011fruyor\u201d, \u201c\u015eiddet uygulayanlara hak ettikleri ceza verilmiyor\u201d, \u201cKanunlar \u015fiddet uygulayanlardan yana\u201d, \u201c\u00d6zg\u00fcrl\u00fck, e\u015fitlik, karde\u015flik\u201d, \u201cArt\u0131k susmayaca\u011f\u0131z\u201d, \u201cErkek bask\u0131s\u0131na son\u201d, Ya\u015fas\u0131n kad\u0131nlar\u0131n m\u00fccadelesi\u201d sloganlar\u0131n\u0131n at\u0131ld\u0131\u011f\u0131 y\u00fcr\u00fcy\u00fc\u015fte, ayr\u0131ca m\u00fczik g\u00f6sterileri ve dans performanslar\u0131 da sergilendi.<\/p>\n","protected":false},"excerpt":{"rendered":"<p>FRANSA\u2019NIN BA\u015eKENT\u0130 PAR\u0130S\u2019TE B\u0130NLERCE K\u0130\u015e\u0130 \u201cKADINA Y\u00d6NEL\u0130K \u015e\u0130DDETE KAR\u015eI HER ZAMAN HER YERDE\u201d SLOGANI \u0130LE Y\u00dcR\u00dcY\u00dc\u015e GER\u00c7EKLE\u015eT\u0130RD\u0130.<\/p>\n","protected":false},"author":1,"featured_media":232225,"comment_status":"closed","ping_status":"open","sticky":false,"template":"","format":"standard","meta":{"jetpack_post_was_ever_published":false,"_jetpack_newsletter_access":"","_jetpack_dont_email_post_to_subs":false,"_jetpack_newsletter_tier_id":0,"_jetpack_memberships_contains_paywalled_content":false,"_jetpack_memberships_contains_paid_content":false,"footnotes":"","jetpack_publicize_message":"","jetpack_publicize_feature_enabled":true,"jetpack_social_post_already_shared":true,"jetpack_social_options":{"image_generator_settings":{"template":"highway","default_image_id":0,"font":"","enabled":false},"version":2}},"categories":[10],"tags":[3818,3713,2541,1012,7697,3714,2032],"class_list":["post-232224","post","type-post","status-publish","format-standard","has-post-thumbnail","hentry","category-dunya","tag-binlerce","tag-kadina","tag-karsi","tag-kisi","tag-pariste","tag-siddete","tag-yurudu"],"jetpack_publicize_connections":[],"jetpack_featured_media_url":"https:\/\/i0.wp.com\/www.tvturk.com\/wp-content\/uploads\/2019\/11\/pariste-binlerce-kisi-kadina-siddete-karsi-yurudu_dfad1a5.jpg?fit=1000%2C750","jetpack_sharing_enabled":true,"jetpack_shortlink":"https:\/\/wp.me\/paKIfm-Ypy","_links":{"self":[{"href":"http:\/\/www.tvturk.com\/index.php\/wp-json\/wp\/v2\/posts\/232224","targetHints":{"allow":["GET"]}}],"collection":[{"href":"http:\/\/www.tvturk.com\/index.php\/wp-json\/wp\/v2\/posts"}],"about":[{"href":"http:\/\/www.tvturk.com\/index.php\/wp-json\/wp\/v2\/types\/post"}],"author":[{"embeddable":true,"href":"http:\/\/www.tvturk.com\/index.php\/wp-json\/wp\/v2\/users\/1"}],"replies":[{"embeddable":true,"href":"http:\/\/www.tvturk.com\/index.php\/wp-json\/wp\/v2\/comments?post=232224"}],"version-history":[{"count":0,"href":"http:\/\/www.tvturk.com\/index.php\/wp-json\/wp\/v2\/posts\/232224\/revisions"}],"wp:featuredmedia":[{"embeddable":true,"href":"http:\/\/www.tvturk.com\/index.php\/wp-json\/wp\/v2\/media\/232225"}],"wp:attachment":[{"href":"http:\/\/www.tvturk.com\/index.php\/wp-json\/wp\/v2\/media?parent=232224"}],"wp:term":[{"taxonomy":"category","embeddable":true,"href":"http:\/\/www.tvturk.com\/index.php\/wp-json\/wp\/v2\/categories?post=232224"},{"taxonomy":"post_tag","embeddable":true,"href":"http:\/\/www.tvturk.com\/index.php\/wp-json\/wp\/v2\/tags?post=232224"}],"curies":[{"name":"wp","href":"https:\/\/api.w.org\/{rel}","templated":true}]}}