{"id":232248,"date":"2019-11-24T13:02:14","date_gmt":"2019-11-24T10:02:14","guid":{"rendered":"http:\/\/www.tvturk.com\/index.php\/yuksekovanin-fedakar-ogretmenleri\/"},"modified":"2019-11-24T13:02:14","modified_gmt":"2019-11-24T10:02:14","slug":"yuksekovanin-fedakar-ogretmenleri","status":"publish","type":"post","link":"http:\/\/www.tvturk.com\/index.php\/yuksekovanin-fedakar-ogretmenleri\/","title":{"rendered":"Y\u00fcksekova\u2019n\u0131n fedakar \u00f6\u011fretmenleri"},"content":{"rendered":"<p>HAKKAR\u0130 (\u0130HA) \u2013 Hakkari\u2019nin Y\u00fcksekova il\u00e7esinde g\u00f6rev yapan \u00f6\u011fretmenler, 24 Kas\u0131m \u00d6\u011fretmenler G\u00fcn\u00fc\u2019n\u00fc l\u00f6semi hastas\u0131 Selcan \u00d6zbek\u2019i ziyaret ederek ge\u00e7irdiler.<\/p>\n<p>\u0130l\u00e7enin Hac\u0131 Musa Mahallesi\u2019nde ya\u015fayan \u00d6zbek ailesinin 18 ya\u015f\u0131ndaki k\u0131zlar\u0131 Selcan \u00d6zbek, 11 ya\u015f\u0131ndan beri l\u00f6semi hastal\u0131\u011f\u0131yla m\u00fccadele ediyor. TOK\u0130 Anadolu Lisesinde okuyan ancak evde e\u011fitim g\u00f6ren l\u00f6semi hastas\u0131 \u00d6zbek\u2019e \u00f6\u011fretmenleri s\u00fcrpriz yaparak, \u00f6\u011fretmen olmak isteyen \u00f6\u011frenciyi 24 Kas\u0131m \u00d6\u011fretmenler G\u00fcn\u00fc\u2019nde de yaln\u0131z b\u0131rakmad\u0131lar.<\/p>\n<p>Okul M\u00fcd\u00fcr\u00fc Engin Baysal, Selcan\u2019la 3 y\u0131ld\u0131r tan\u0131\u015ft\u0131klar\u0131n\u0131 belirterek, \u201cKendisini ger\u00e7ekten kutluyorum. G\u00fc\u00e7l\u00fc bir ki\u015fili\u011fe sahip. Ya\u015fad\u0131\u011f\u0131 rahats\u0131zl\u0131\u011fa ra\u011fmen e\u011fitimine ara vermeyi d\u00fc\u015f\u00fcnmedi. Bu konuda \u00e7ok \u0131srarc\u0131 oldu, takip etti. Biz bile kendimizi onunla d\u00fczeltmeye ba\u015flad\u0131k. Eksiklerimizi onunla beraber g\u00f6rmeye ba\u015flad\u0131k. \u00d6\u011fretmenlik vicdan i\u015fidir. Sadece s\u0131n\u0131fta icra edilen bir meslek de\u011fildir. Bakanl\u0131\u011f\u0131m\u0131z\u0131n da bize verdi\u011fi bu imkanlarla \u00f6\u011fretmenlerimiz g\u00f6n\u00fcll\u00fc olarak b\u00f6yle bir olay\u0131n i\u00e7ine girdiler. Selcan\u2019la haftan\u0131n belli g\u00fcnlerinde e\u011fitim yapmaktalar. Bu konuda \u00e7ok mutlular. Onlar bizim i\u00e7in bir umut \u00e7i\u00e7e\u011fidir, onlar bizim gelece\u011fimizdir. Onu en k\u0131sa zamanda tekrar aram\u0131zda g\u00f6rece\u011fimize inan\u0131yoruz\u201d dedi.<\/p>\n<p>Edebiyat \u00d6\u011fretmeni Nazan Ataman da, Selcan i\u00e7in geldiklerini s\u00f6yleyerek, \u201cE\u011fitimi i\u00e7in her zaman buraya gelmeye devam edece\u011fiz. Okul olarak Selcan\u2019\u0131n yan\u0131nday\u0131z. Selcan \u00e7ok iyi bir \u00f6\u011frenci, \u00e7ok ba\u015far\u0131l\u0131 ve g\u00fc\u00e7l\u00fc biridir. Biliyoruz \u015fu an 11. s\u0131n\u0131f \u00f6\u011frencimiz. Allah izin verirse seneye 12\u2019ci s\u0131n\u0131f yap\u0131p \u00fcniversiteye g\u00f6nderece\u011fiz. \u00dcniversite s\u0131nav\u0131nda da b\u00fcy\u00fck bir ba\u015far\u0131 sa\u011flayaca\u011f\u0131na eminim. \u00d6\u011fretmenler olarak yer, mekan tan\u0131madan \u00e7al\u0131\u015fan insanlar\u0131z. \u00d6\u011frencilerimiz neredeyse bizde oraday\u0131z. Okul olabilir, ev olabilir, bah\u00e7e veya herhangi bir yer, \u00f6\u011frencimizin bize ihtiyac\u0131 oldu\u011fu her anda yan\u0131nda olaca\u011f\u0131z. Biz \u00f6\u011frencimizi \u00e7ok seviyoruz. Bu anlamda \u00f6\u011frencimizin hep yan\u0131nda olaca\u011f\u0131z. Fedakarca davranan t\u00fcm \u00f6\u011fretmenli\u011fimizin 24 Kas\u0131m \u00d6\u011fretmenler G\u00fcn\u00fc\u2019n\u00fc kutluyorum\u2019\u2019 \u015feklinde konu\u015ftu.<\/p>\n<p>Matematik \u00d6\u011fretmeni Mehmet \u00c7ak\u0131r ise, Selcan i\u00e7in geldiklerini ve gelmeye de devam edeceklerini ifade ederek, \u201cE\u011fitiminin aksamamas\u0131 i\u00e7in her hafta burada olmaya gayet ediyoruz. Bizim i\u00e7in yer, mekan \u00f6nemli de\u011fil. As\u0131l mesele Selcan\u2019a bir \u015feyler kat\u0131p, bu hayatta mutlulu\u011fu g\u00f6rmektir. \u0130n\u015fallah bunu da \u00fcniversitede g\u00f6r\u00fcr\u00fcz\u201d ifadelerini kulland\u0131.<\/p>\n<p>Evde ders g\u00f6ren l\u00f6semi hastas\u0131 Selcan \u00d6zbek ise, TOK\u0130 Anadolu Lisesinde okudu\u011funu s\u00f6yleyerek, \u201c\u00d6\u011fretmenlerimi \u00e7ok seviyorum. Geldikleri i\u00e7in \u00e7ok te\u015fekk\u00fcr ediyorum. Ben onlar\u0131 \u00e7ok seviyorum. Geldikleri i\u00e7inde \u00e7ok mutluyum. \u0130n\u015fallah k\u0131sa zamanda iyile\u015fip okuluma gider, \u00f6\u011fretmen ve arkada\u015flar\u0131mla beraber olurum\u201d diye konu\u015ftu.<\/p>\n","protected":false},"excerpt":{"rendered":"<p>HAKKAR\u0130\u2019N\u0130N Y\u00dcKSEKOVA \u0130L\u00c7ES\u0130NDE G\u00d6REV YAPAN FEDAKAR \u00d6\u011eRETMENLER, 24 KASIM \u00d6\u011eRETMENLER G\u00dcN\u00dc\u2019N\u00dc L\u00d6SEM\u0130 HASTASI SELCAN \u00d6ZBEK\u2019\u0130 Z\u0130YARET EDEREK GE\u00c7\u0130RD\u0130LER.<\/p>\n","protected":false},"author":1,"featured_media":232249,"comment_status":"closed","ping_status":"open","sticky":false,"template":"","format":"standard","meta":{"jetpack_post_was_ever_published":false,"_jetpack_newsletter_access":"","_jetpack_dont_email_post_to_subs":false,"_jetpack_newsletter_tier_id":0,"_jetpack_memberships_contains_paywalled_content":false,"_jetpack_memberships_contains_paid_content":false,"footnotes":"","jetpack_publicize_message":"","jetpack_publicize_feature_enabled":true,"jetpack_social_post_already_shared":true,"jetpack_social_options":{"image_generator_settings":{"template":"highway","default_image_id":0,"font":"","enabled":false},"version":2}},"categories":[1],"tags":[7652,923,12956],"class_list":["post-232248","post","type-post","status-publish","format-standard","has-post-thumbnail","hentry","category-genel","tag-fedakar","tag-ogretmenleri","tag-yuksekovanin"],"jetpack_publicize_connections":[],"jetpack_featured_media_url":"https:\/\/i0.wp.com\/www.tvturk.com\/wp-content\/uploads\/2019\/11\/yuksekovanin-fedakar-ogretmenleri_7733ec2.jpg?fit=1000%2C664","jetpack_sharing_enabled":true,"jetpack_shortlink":"https:\/\/wp.me\/paKIfm-YpW","_links":{"self":[{"href":"http:\/\/www.tvturk.com\/index.php\/wp-json\/wp\/v2\/posts\/232248","targetHints":{"allow":["GET"]}}],"collection":[{"href":"http:\/\/www.tvturk.com\/index.php\/wp-json\/wp\/v2\/posts"}],"about":[{"href":"http:\/\/www.tvturk.com\/index.php\/wp-json\/wp\/v2\/types\/post"}],"author":[{"embeddable":true,"href":"http:\/\/www.tvturk.com\/index.php\/wp-json\/wp\/v2\/users\/1"}],"replies":[{"embeddable":true,"href":"http:\/\/www.tvturk.com\/index.php\/wp-json\/wp\/v2\/comments?post=232248"}],"version-history":[{"count":0,"href":"http:\/\/www.tvturk.com\/index.php\/wp-json\/wp\/v2\/posts\/232248\/revisions"}],"wp:featuredmedia":[{"embeddable":true,"href":"http:\/\/www.tvturk.com\/index.php\/wp-json\/wp\/v2\/media\/232249"}],"wp:attachment":[{"href":"http:\/\/www.tvturk.com\/index.php\/wp-json\/wp\/v2\/media?parent=232248"}],"wp:term":[{"taxonomy":"category","embeddable":true,"href":"http:\/\/www.tvturk.com\/index.php\/wp-json\/wp\/v2\/categories?post=232248"},{"taxonomy":"post_tag","embeddable":true,"href":"http:\/\/www.tvturk.com\/index.php\/wp-json\/wp\/v2\/tags?post=232248"}],"curies":[{"name":"wp","href":"https:\/\/api.w.org\/{rel}","templated":true}]}}