{"id":232313,"date":"2019-11-24T14:47:00","date_gmt":"2019-11-24T11:47:00","guid":{"rendered":"http:\/\/www.tvturk.com\/index.php\/ogrencisinin-ani-defterini-28-yil-sakladi\/"},"modified":"2019-11-24T14:47:00","modified_gmt":"2019-11-24T11:47:00","slug":"ogrencisinin-ani-defterini-28-yil-sakladi","status":"publish","type":"post","link":"http:\/\/www.tvturk.com\/index.php\/ogrencisinin-ani-defterini-28-yil-sakladi\/","title":{"rendered":"\u00d6\u011frencisinin an\u0131 defterini 28 y\u0131l saklad\u0131"},"content":{"rendered":"<p>Antalya\u2019n\u0131n Kemer il\u00e7esinde Silkar \u0130lk\u00f6\u011fretim Okulunda hem s\u0131n\u0131f \u00f6\u011fretmenli\u011fi hem m\u00fcd\u00fcrl\u00fck yapan H\u00fcseyin Do\u011fan Akman i\u00e7in eski \u00f6\u011frencileri s\u00fcrpriz 24 Kas\u0131m kutlamas\u0131 d\u00fczenledi. G\u00fcn\u00fcn s\u00fcrprizi ise bir \u00f6\u011frencinin yazmas\u0131 i\u00e7in Akman\u2019a verip unuttu\u011fu an\u0131 defterinin 28 y\u0131l sonra ortaya \u00e7\u0131kmas\u0131 oldu.<\/p>\n<p>\u00c7amyuva Mahallesi\u2019nde \u0130htiyar Heyeti \u00fcyesi Mehmet \u00c7evik, eski okul arkada\u015flar\u0131yla g\u00f6r\u00fc\u015ferek \u00f6\u011fretmenleri H\u00fcseyin Do\u011fan Akman\u2019la 24 Kas\u0131m \u00d6\u011fretmenler G\u00fcn\u00fc\u2019nde bulu\u015fmak i\u00e7in s\u00f6zle\u015fti. De\u011fi\u015fik d\u00f6nemlerde Akman\u2019\u0131n \u00f6\u011frencisi olan bir grup pastanede bulu\u015ftu. Eski \u00f6\u011frencilerinin elini \u00f6p\u00fcp arma\u011fanlar verdi\u011fi H\u00fcseyin Do\u011fan Akman duygulu anlar ya\u015farken, \u00f6\u011frencilerine ders vermeyi de ihmal etmeyerek, \u00d6\u011fretmenler G\u00fcn\u00fc\u2019n\u00fcn tarih\u00e7esini anlatt\u0131. Akman, kutlama organizasyonunu d\u00fczenledikleri i\u00e7in eski \u00f6\u011frencilerine te\u015fekk\u00fcr ederek, tek tek sar\u0131l\u0131p \u00f6pt\u00fc. Akman, ge\u00e7irdi\u011fi su sporlar\u0131 kazas\u0131ndan sonra uzun s\u00fcre komada kalan ve ya\u015fama d\u00f6nmesine ra\u011fmen hareketleri k\u0131s\u0131tlanan 40 ya\u015f\u0131ndaki<\/p>\n<p>eski \u00f6\u011frencisi Halil Altan\u2019\u0131n elini \u00f6pmesiyle duyguland\u0131. Bulu\u015fmada Mehmet \u00c7evik\u2019in 1991 y\u0131l\u0131nda ilkokulda okurken tuttu\u011fu ve yazmas\u0131 i\u00e7in \u00f6\u011fretmenine verip unuttu\u011fu an\u0131 defteri de ortaya \u00e7\u0131kt\u0131. H\u00fcseyin Do\u011fan Akman, 28 y\u0131ld\u0131r saklad\u0131\u011f\u0131 defteri Mehmet \u00c7evik\u2019e teslim etti. Deftere yaz\u0131lan birka\u00e7 sayfaya eski \u00f6\u011fretmeni ile birlikte g\u00f6z gezdiren \u00c7evik de duygulu anlar ya\u015fad\u0131. \u00c7evik, \u201cHocam, kelebekler \u0131\u015f\u0131\u011fa do\u011fru gider derler. \u00d6\u011fretmenler de birer \u0131\u015f\u0131k. Bizler de size do\u011fru giderek feyz almaya \u00e7al\u0131\u015ft\u0131k, sizin \u0131\u015f\u0131\u011f\u0131n\u0131zda ayd\u0131nland\u0131k\u201d dedi. Akman, \u201cBiz sizlere \u0131\u015f\u0131k olabildiysek ne mutlu. Benim i\u00e7in en b\u00fcy\u00fck mutluluk sizlerin bir araya gelebilmesi, sizleri bir arada g\u00f6rebilmek\u201d diye cevap verdi.<\/p>\n<p>Anlaml\u0131 \u00d6\u011fretmenler G\u00fcn\u00fc kutlamas\u0131, H\u00fcseyin Do\u011fan Akman ve eski \u00f6\u011frencilerinin hat\u0131ra foto\u011fraf\u0131 \u00e7ektirmesiyle son buldu.<\/p>\n","protected":false},"excerpt":{"rendered":"<p>ANTALYA\u2019NIN KEMER \u0130L\u00c7ES\u0130NDEK\u0130 S\u0130LKAR \u0130LK\u00d6\u011eRET\u0130M OKULU\u2019NDA HEM SINIF \u00d6\u011eRETMENL\u0130\u011e\u0130 HEM M\u00dcD\u00dcRL\u00dcK YAPAN H\u00dcSEY\u0130N DO\u011eAN AKMAN\u2019A ESK\u0130 \u00d6\u011eRENC\u0130LER\u0130NDEN S\u00dcRPR\u0130Z 24 KASIM KUTLAMASI D\u00dcZENLEND\u0130. G\u00dcN\u00dcN S\u00dcRPR\u0130Z\u0130 \u0130SE B\u0130R \u00d6\u011eRENC\u0130N\u0130N YAZMASI \u0130\u00c7\u0130N AKMAN\u2019A VER\u0130P UNUTTU\u011eU ANI DEFTER\u0130N\u0130N 28 YIL SONRA ORTAYA \u00c7IKMASI OLDU.<\/p>\n","protected":false},"author":1,"featured_media":232314,"comment_status":"closed","ping_status":"open","sticky":false,"template":"","format":"standard","meta":{"jetpack_post_was_ever_published":false,"_jetpack_newsletter_access":"","_jetpack_dont_email_post_to_subs":false,"_jetpack_newsletter_tier_id":0,"_jetpack_memberships_contains_paywalled_content":false,"_jetpack_memberships_contains_paid_content":false,"footnotes":"","jetpack_publicize_message":"","jetpack_publicize_feature_enabled":true,"jetpack_social_post_already_shared":true,"jetpack_social_options":{"image_generator_settings":{"template":"highway","default_image_id":0,"font":"","enabled":false},"version":2}},"categories":[1],"tags":[3320,36914,10571,58497,231],"class_list":["post-232313","post","type-post","status-publish","format-standard","has-post-thumbnail","hentry","category-genel","tag-ani","tag-defterini","tag-ogrencisinin","tag-sakladi","tag-yil"],"jetpack_publicize_connections":[],"jetpack_featured_media_url":"https:\/\/i0.wp.com\/www.tvturk.com\/wp-content\/uploads\/2019\/11\/ogrencisinin-ani-defterini-28-yil-sakladi_9ba7a98.jpg?fit=1000%2C666","jetpack_sharing_enabled":true,"jetpack_shortlink":"https:\/\/wp.me\/paKIfm-YqZ","_links":{"self":[{"href":"http:\/\/www.tvturk.com\/index.php\/wp-json\/wp\/v2\/posts\/232313","targetHints":{"allow":["GET"]}}],"collection":[{"href":"http:\/\/www.tvturk.com\/index.php\/wp-json\/wp\/v2\/posts"}],"about":[{"href":"http:\/\/www.tvturk.com\/index.php\/wp-json\/wp\/v2\/types\/post"}],"author":[{"embeddable":true,"href":"http:\/\/www.tvturk.com\/index.php\/wp-json\/wp\/v2\/users\/1"}],"replies":[{"embeddable":true,"href":"http:\/\/www.tvturk.com\/index.php\/wp-json\/wp\/v2\/comments?post=232313"}],"version-history":[{"count":0,"href":"http:\/\/www.tvturk.com\/index.php\/wp-json\/wp\/v2\/posts\/232313\/revisions"}],"wp:featuredmedia":[{"embeddable":true,"href":"http:\/\/www.tvturk.com\/index.php\/wp-json\/wp\/v2\/media\/232314"}],"wp:attachment":[{"href":"http:\/\/www.tvturk.com\/index.php\/wp-json\/wp\/v2\/media?parent=232313"}],"wp:term":[{"taxonomy":"category","embeddable":true,"href":"http:\/\/www.tvturk.com\/index.php\/wp-json\/wp\/v2\/categories?post=232313"},{"taxonomy":"post_tag","embeddable":true,"href":"http:\/\/www.tvturk.com\/index.php\/wp-json\/wp\/v2\/tags?post=232313"}],"curies":[{"name":"wp","href":"https:\/\/api.w.org\/{rel}","templated":true}]}}