{"id":232351,"date":"2019-11-24T16:16:52","date_gmt":"2019-11-24T13:16:52","guid":{"rendered":"http:\/\/www.tvturk.com\/index.php\/kultur-ve-turizm-bakani-ersoy-nevsehir-belediyesini-ziyaret-etti\/"},"modified":"2019-11-24T16:16:52","modified_gmt":"2019-11-24T13:16:52","slug":"kultur-ve-turizm-bakani-ersoy-nevsehir-belediyesini-ziyaret-etti","status":"publish","type":"post","link":"http:\/\/www.tvturk.com\/index.php\/kultur-ve-turizm-bakani-ersoy-nevsehir-belediyesini-ziyaret-etti\/","title":{"rendered":"K\u00fclt\u00fcr ve Turizm Bakan\u0131 Ersoy, Nev\u015fehir Belediyesini ziyaret etti"},"content":{"rendered":"<p>K\u00fclt\u00fcr ve Turizm Bakan\u0131 Mehmet Nuri Ersoy, Nev\u015fehir Belediye Ba\u015fkan\u0131 Rasim Ar\u0131\u2019y\u0131 ziyaret etti.<\/p>\n<p>\u00c7e\u015fitli temaslarda ve incelemelerde bulunmak \u00fczere Nev\u015fehir\u2019e gelen K\u00fclt\u00fcr ve Turizm Bakan\u0131 Mehmet Nuri Ersoy, U\u00e7hisar, G\u00f6reme ve Avanos\u2019taki programlar\u0131n\u0131n ard\u0131ndan Nev\u015fehir Belediyesini ziyaret etti. Belediye Ba\u015fkanl\u0131k Binas\u0131 giri\u015finde Ba\u015fkan Rasim Ar\u0131, ba\u015fkan yard\u0131mc\u0131lar\u0131 ve birim m\u00fcd\u00fcrleri taraf\u0131ndan kar\u015f\u0131lanan Bakan Ersoy, daha sonra Ba\u015fkan Ar\u0131 ile bir s\u00fcre sohbet etti.<\/p>\n<p>Bakan Ersoy\u2019u Nev\u015fehir\u2019de a\u011f\u0131rlamaktan duydu\u011fu memnuniyeti dile getiren Belediye Ba\u015fkan\u0131 Rasim Ar\u0131, kendisine ba\u015fta Nev\u015fehir Kalesi etraf\u0131ndaki yama\u00e7 yerle\u015fim merkezi olmak \u00fczere kentte hayata ge\u00e7irmeye haz\u0131rland\u0131klar\u0131 projelere ili\u015fkin bilgiler verdi.<\/p>\n<p>Kapadokya b\u00f6lgesinin merkezi konumundaki Nev\u015fehir\u2019in turizmden daha fazla pay alabilmesi i\u00e7in kentsel d\u00f6n\u00fc\u015f\u00fcm \u00e7al\u0131\u015fmalar\u0131 s\u0131ras\u0131nda ortaya \u00e7\u0131kart\u0131lan ve 400 bin metrekarelik bir alan\u0131 kapsayan Nev\u015fehir Kalesi Yama\u00e7 Yerle\u015fim Merkezini turizme a\u00e7maya haz\u0131rland\u0131klar\u0131n\u0131 kaydeden Ar\u0131, bu b\u00f6lgenin turistlerin ziyaretine a\u00e7\u0131lmas\u0131 ile birlikte hem b\u00f6lge hem de \u00fclke turizminin yeni bir destinasyon kazanaca\u011f\u0131n\u0131 kaydetti.<\/p>\n<p>Bu b\u00f6lgedeki tarihi dokuyu koruyarak, alan\u0131n turizme a\u00e7\u0131lmas\u0131 i\u00e7in olduk\u00e7a titiz bir \u00e7al\u0131\u015fma y\u00fcr\u00fctt\u00fcklerini ifade eden Ar\u0131, \u201cBuras\u0131 Nev\u015fehir il merkezimiz i\u00e7in oldu\u011fu kadar \u00fclke turizmimiz i\u00e7inde olduk\u00e7a \u00f6nemli bir alan. \u0130\u00e7erisinde \u00e7ok say\u0131da kayadan oyma ya\u015fam ve ticaret merkezi, dinsel yap\u0131lar ve t\u00fcneller yer al\u0131yor. \u015eu ana kadar belediyemiz taraf\u0131ndan y\u00fcr\u00fct\u00fclen temizlik \u00e7al\u0131\u015fmalar\u0131 b\u00fcy\u00fck oranda tamamland\u0131. \u015eimdi bu b\u00f6lgeyi turizme kazand\u0131rmak i\u00e7in d\u00fcnyadaki \u00e7e\u015fitli \u00f6rneklerden de faydalanarak proje \u00e7al\u0131\u015fmalar\u0131 y\u00fcr\u00fct\u00fcyoruz. Bu konuda bakanl\u0131\u011f\u0131m\u0131z\u0131n bizlere sa\u011flayaca\u011f\u0131 destekle d\u00fcnyaya \u00f6rnek olacak bir projeye imza ataca\u011f\u0131m\u0131za inan\u0131yorum\u201d dedi.<\/p>\n<p>Bakan Ersoy ise bug\u00fcne kadar ger\u00e7ekle\u015ftirdi\u011fi \u00e7al\u0131\u015fmalardan dolay\u0131 Belediye Ba\u015fkan\u0131 Ar\u0131\u2019y\u0131 kutlayarak \u00e7al\u0131\u015fmalar\u0131nda ba\u015far\u0131lar diledi.<\/p>\n<p>Belediye Ba\u015fkan\u0131 Rasim Ar\u0131, daha sonra g\u00fcn\u00fcn an\u0131s\u0131na Bakan Ersoy\u2019a y\u00f6resel Hitit desenli testi hediye etti.<\/p>\n<p>Bakan Ersoy\u2019a Nev\u015fehir Belediyesi ziyaretinde Nev\u015fehir Valisi \u0130lhami Akta\u015f, AK Parti Nev\u015fehir milletvekilleri Mustafa A\u00e7\u0131kg\u00f6z, Y\u00fccel Menek\u015fe, RT\u00dcK Ba\u015fkan\u0131 Ebubekir \u015eahin, AK Parti \u0130l Ba\u015fkan\u0131 Mustafa Rauf Yanar, \u0130l Genel Meclis Ba\u015fkan\u0131 G\u00fcrb\u00fcz Din\u00e7 ve di\u011fer partililer e\u015flik etti.<\/p>\n","protected":false},"excerpt":{"rendered":"<p>NEV\u015eEH\u0130R\u2019E GELEN K\u00dcLT\u00dcR VE TUR\u0130ZM BAKANI MEHMET NUR\u0130 ERSOY, U\u00c7H\u0130SAR, G\u00d6REME VE AVANOS\u2019TAK\u0130 PROGRAMLARININ ARDINDAN NEV\u015eEH\u0130R BELED\u0130YES\u0130\u2019N\u0130 Z\u0130YARET ETT\u0130.<\/p>\n","protected":false},"author":1,"featured_media":232352,"comment_status":"closed","ping_status":"open","sticky":false,"template":"","format":"standard","meta":{"jetpack_post_was_ever_published":false,"_jetpack_newsletter_access":"","_jetpack_dont_email_post_to_subs":false,"_jetpack_newsletter_tier_id":0,"_jetpack_memberships_contains_paywalled_content":false,"_jetpack_memberships_contains_paid_content":false,"footnotes":"","jetpack_publicize_message":"","jetpack_publicize_feature_enabled":true,"jetpack_social_post_already_shared":true,"jetpack_social_options":{"image_generator_settings":{"template":"highway","default_image_id":0,"font":"","enabled":false},"version":2}},"categories":[1],"tags":[933,27047,2868,207,630,2470,2184,150],"class_list":["post-232351","post","type-post","status-publish","format-standard","has-post-thumbnail","hentry","category-genel","tag-bakani","tag-belediyesini","tag-ersoy","tag-etti","tag-kultur","tag-nevsehir","tag-turizm","tag-ziyaret"],"jetpack_publicize_connections":[],"jetpack_featured_media_url":"https:\/\/i0.wp.com\/www.tvturk.com\/wp-content\/uploads\/2019\/11\/kultur-ve-turizm-bakani-ersoy-nevsehir-belediyesini-ziyaret-etti_a3b884f.jpg?fit=1000%2C724","jetpack_sharing_enabled":true,"jetpack_shortlink":"https:\/\/wp.me\/paKIfm-YrB","_links":{"self":[{"href":"http:\/\/www.tvturk.com\/index.php\/wp-json\/wp\/v2\/posts\/232351","targetHints":{"allow":["GET"]}}],"collection":[{"href":"http:\/\/www.tvturk.com\/index.php\/wp-json\/wp\/v2\/posts"}],"about":[{"href":"http:\/\/www.tvturk.com\/index.php\/wp-json\/wp\/v2\/types\/post"}],"author":[{"embeddable":true,"href":"http:\/\/www.tvturk.com\/index.php\/wp-json\/wp\/v2\/users\/1"}],"replies":[{"embeddable":true,"href":"http:\/\/www.tvturk.com\/index.php\/wp-json\/wp\/v2\/comments?post=232351"}],"version-history":[{"count":0,"href":"http:\/\/www.tvturk.com\/index.php\/wp-json\/wp\/v2\/posts\/232351\/revisions"}],"wp:featuredmedia":[{"embeddable":true,"href":"http:\/\/www.tvturk.com\/index.php\/wp-json\/wp\/v2\/media\/232352"}],"wp:attachment":[{"href":"http:\/\/www.tvturk.com\/index.php\/wp-json\/wp\/v2\/media?parent=232351"}],"wp:term":[{"taxonomy":"category","embeddable":true,"href":"http:\/\/www.tvturk.com\/index.php\/wp-json\/wp\/v2\/categories?post=232351"},{"taxonomy":"post_tag","embeddable":true,"href":"http:\/\/www.tvturk.com\/index.php\/wp-json\/wp\/v2\/tags?post=232351"}],"curies":[{"name":"wp","href":"https:\/\/api.w.org\/{rel}","templated":true}]}}