{"id":232361,"date":"2019-11-24T16:31:46","date_gmt":"2019-11-24T13:31:46","guid":{"rendered":"http:\/\/www.tvturk.com\/index.php\/fransada-sel-felaketi-2-olu\/"},"modified":"2019-11-24T16:31:46","modified_gmt":"2019-11-24T13:31:46","slug":"fransada-sel-felaketi-2-olu","status":"publish","type":"post","link":"http:\/\/www.tvturk.com\/index.php\/fransada-sel-felaketi-2-olu\/","title":{"rendered":"Fransa\u2019da sel felaketi: 2 \u00f6l\u00fc"},"content":{"rendered":"<p>Fransa\u2019n\u0131n g\u00fcneydo\u011fusunda etkili olan \u015fiddetli ya\u011f\u0131\u015flar\u0131n yol a\u00e7t\u0131\u011f\u0131 sel felaketinde en az 2 ki\u015finin hayat\u0131n\u0131 kaybetti\u011fi belirtildi.<\/p>\n<p>Fransa\u2019n\u0131n g\u00fcneydo\u011fusunda cuma g\u00fcn\u00fcnden bu yana etkili olan \u015fiddetli ya\u011f\u0131\u015flar su bask\u0131nlar\u0131na yol a\u00e7t\u0131. Provence-Alpes-Cote d\u2019Azur b\u00f6lgesinde yer alan Le Muy\u2019da sel sular\u0131na kap\u0131lan bir ki\u015finin cans\u0131z bedenine ula\u015f\u0131ld\u0131\u011f\u0131 belirtildi. Yine ayn\u0131 b\u00f6lgede yer alan Cabasse\u2019de bir ki\u015finin arac\u0131nda \u00f6l\u00fc bulundu\u011fu kaydedildi.<\/p>\n<p>\u00d6te yandan, Saint-Antonin-du-Var\u2019da 77 ya\u015f\u0131ndaki bir ki\u015finin kay\u0131p oldu\u011fu belirtildi.<\/p>\n<p>\u015eiddetli ya\u011f\u0131\u015flar\u0131n etkisiyle b\u00f6lgedeki baz\u0131 nehirlerin ta\u015fmas\u0131 sonucu, evler sular alt\u0131nda kal\u0131rken, a\u011fa\u00e7lar devrildi, tekne ve ara\u00e7lar s\u00fcr\u00fcklendi.<\/p>\n<p>Meteoroloji uzmanlar\u0131 taraf\u0131ndan yap\u0131lan a\u00e7\u0131klamada, ya\u011f\u0131\u015flar\u0131n bug\u00fcn de devam devam etti\u011fi b\u00f6lgede g\u00fcn i\u00e7inde sular\u0131n \u00e7ekilmesinin beklendi\u011fi kaydedildi.<\/p>\n<p>Fransa \u0130\u00e7i\u015fleri Bakan\u0131 Christophe Castaner\u2019in hayat\u0131n\u0131 kaybedenlerin yak\u0131nlar\u0131yla ve kurtarma ekipleriyle g\u00f6r\u00fc\u015fmek \u00fczere bug\u00fcn b\u00f6lgeyi ziyaret edece\u011fi belirtildi.<\/p>\n","protected":false},"excerpt":{"rendered":"<p>FRANSA&#8217;NIN G\u00dcNEYDO\u011eUSUNDA ETK\u0130L\u0130 OLAN \u015e\u0130DDETL\u0130 YA\u011eI\u015eLARIN YOL A\u00c7TI\u011eI SEL FELAKET\u0130NDE EN AZ 2 K\u0130\u015e\u0130N\u0130N HAYATINI KAYBETT\u0130\u011e\u0130 BEL\u0130RT\u0130LD\u0130.<\/p>\n","protected":false},"author":1,"featured_media":232362,"comment_status":"closed","ping_status":"open","sticky":false,"template":"","format":"standard","meta":{"jetpack_post_was_ever_published":false,"_jetpack_newsletter_access":"","_jetpack_dont_email_post_to_subs":false,"_jetpack_newsletter_tier_id":0,"_jetpack_memberships_contains_paywalled_content":false,"_jetpack_memberships_contains_paid_content":false,"footnotes":"","jetpack_publicize_message":"","jetpack_publicize_feature_enabled":true,"jetpack_social_post_already_shared":true,"jetpack_social_options":{"image_generator_settings":{"template":"highway","default_image_id":0,"font":"","enabled":false},"version":2}},"categories":[10],"tags":[695,16494,901,1664],"class_list":["post-232361","post","type-post","status-publish","format-standard","has-post-thumbnail","hentry","category-dunya","tag-sel","tag-felaketi","tag-fransada","tag-olu"],"jetpack_publicize_connections":[],"jetpack_featured_media_url":"https:\/\/i0.wp.com\/www.tvturk.com\/wp-content\/uploads\/2019\/11\/fransada-sel-felaketi-2-olu_d7db9af.jpg?fit=1000%2C552","jetpack_sharing_enabled":true,"jetpack_shortlink":"https:\/\/wp.me\/paKIfm-YrL","_links":{"self":[{"href":"http:\/\/www.tvturk.com\/index.php\/wp-json\/wp\/v2\/posts\/232361","targetHints":{"allow":["GET"]}}],"collection":[{"href":"http:\/\/www.tvturk.com\/index.php\/wp-json\/wp\/v2\/posts"}],"about":[{"href":"http:\/\/www.tvturk.com\/index.php\/wp-json\/wp\/v2\/types\/post"}],"author":[{"embeddable":true,"href":"http:\/\/www.tvturk.com\/index.php\/wp-json\/wp\/v2\/users\/1"}],"replies":[{"embeddable":true,"href":"http:\/\/www.tvturk.com\/index.php\/wp-json\/wp\/v2\/comments?post=232361"}],"version-history":[{"count":0,"href":"http:\/\/www.tvturk.com\/index.php\/wp-json\/wp\/v2\/posts\/232361\/revisions"}],"wp:featuredmedia":[{"embeddable":true,"href":"http:\/\/www.tvturk.com\/index.php\/wp-json\/wp\/v2\/media\/232362"}],"wp:attachment":[{"href":"http:\/\/www.tvturk.com\/index.php\/wp-json\/wp\/v2\/media?parent=232361"}],"wp:term":[{"taxonomy":"category","embeddable":true,"href":"http:\/\/www.tvturk.com\/index.php\/wp-json\/wp\/v2\/categories?post=232361"},{"taxonomy":"post_tag","embeddable":true,"href":"http:\/\/www.tvturk.com\/index.php\/wp-json\/wp\/v2\/tags?post=232361"}],"curies":[{"name":"wp","href":"https:\/\/api.w.org\/{rel}","templated":true}]}}