{"id":232397,"date":"2019-11-24T17:46:50","date_gmt":"2019-11-24T14:46:50","guid":{"rendered":"http:\/\/www.tvturk.com\/index.php\/vali-sehit-ogretmenin-kabrini-ziyaret-etti\/"},"modified":"2019-11-24T17:46:50","modified_gmt":"2019-11-24T14:46:50","slug":"vali-sehit-ogretmenin-kabrini-ziyaret-etti","status":"publish","type":"post","link":"http:\/\/www.tvturk.com\/index.php\/vali-sehit-ogretmenin-kabrini-ziyaret-etti\/","title":{"rendered":"Vali \u015fehit \u00f6\u011fretmenin kabrini ziyaret etti"},"content":{"rendered":"<p>Diyarbak\u0131r\u2019\u0131n Lice il\u00e7esi Yol\u00e7at\u0131 K\u00f6y\u00fc \u0130lkokulunda g\u00f6rev yapt\u0131\u011f\u0131 s\u0131rada ter\u00f6ristler taraf\u0131ndan 1987 y\u0131l\u0131nda \u015fehit edilen \u00f6\u011fretmen As\u0131m \u00d6zdem, 24 Kas\u0131m \u00d6\u011fretmenler G\u00fcn\u00fc\u2019nde unutulmad\u0131.<\/p>\n<p>1987 y\u0131l\u0131nda \u015fehit edilen \u00f6\u011fretmen As\u0131m \u00d6zdem, 24 Kas\u0131m \u00d6\u011fretmenler G\u00fcn\u00fc\u2019nde an\u0131ld\u0131. \u015eehit \u00f6\u011fretmenin Divri\u011fi il\u00e7esi Kesme k\u00f6y\u00fcndeki kabrini ziyaret eden Sivas Valisi Salih Ayhan, beraberindekilerle birlikte As\u0131m \u00d6zdem ve \u015fehadete eri\u015fen t\u00fcm \u015fehitler i\u00e7in dua etti. Vali Ayhan, As\u0131m \u00d6zdem\u2019in mezar\u0131 ba\u015f\u0131ndaki y\u0131pranan T\u00fcrk bayra\u011f\u0131n\u0131 da yenisiyle de\u011fi\u015ftirdi.<\/p>\n","protected":false},"excerpt":{"rendered":"<p>S\u0130VAS VAL\u0130S\u0130 SAL\u0130H AYHAN, 24 KASIM \u00d6\u011eRETMENLER G\u00dcN\u00dcNDE \u015eEH\u0130T \u00d6\u011eRETMEN ASIM \u00d6ZDEM&#8217;\u0130 UNUTMADI.<\/p>\n","protected":false},"author":1,"featured_media":232398,"comment_status":"closed","ping_status":"open","sticky":false,"template":"","format":"standard","meta":{"jetpack_post_was_ever_published":false,"_jetpack_newsletter_access":"","_jetpack_dont_email_post_to_subs":false,"_jetpack_newsletter_tier_id":0,"_jetpack_memberships_contains_paywalled_content":false,"_jetpack_memberships_contains_paid_content":false,"footnotes":"","jetpack_publicize_message":"","jetpack_publicize_feature_enabled":true,"jetpack_social_post_already_shared":true,"jetpack_social_options":{"image_generator_settings":{"template":"highway","default_image_id":0,"font":"","enabled":false},"version":2}},"categories":[1],"tags":[207,31801,5808,237,148,150],"class_list":["post-232397","post","type-post","status-publish","format-standard","has-post-thumbnail","hentry","category-genel","tag-etti","tag-kabrini","tag-ogretmenin","tag-sehit","tag-vali","tag-ziyaret"],"jetpack_publicize_connections":[],"jetpack_featured_media_url":"https:\/\/i0.wp.com\/www.tvturk.com\/wp-content\/uploads\/2019\/11\/vali-sehit-ogretmenin-kabrini-ziyaret-etti_1bce93e.jpg?fit=1000%2C667","jetpack_sharing_enabled":true,"jetpack_shortlink":"https:\/\/wp.me\/paKIfm-Ysl","_links":{"self":[{"href":"http:\/\/www.tvturk.com\/index.php\/wp-json\/wp\/v2\/posts\/232397","targetHints":{"allow":["GET"]}}],"collection":[{"href":"http:\/\/www.tvturk.com\/index.php\/wp-json\/wp\/v2\/posts"}],"about":[{"href":"http:\/\/www.tvturk.com\/index.php\/wp-json\/wp\/v2\/types\/post"}],"author":[{"embeddable":true,"href":"http:\/\/www.tvturk.com\/index.php\/wp-json\/wp\/v2\/users\/1"}],"replies":[{"embeddable":true,"href":"http:\/\/www.tvturk.com\/index.php\/wp-json\/wp\/v2\/comments?post=232397"}],"version-history":[{"count":0,"href":"http:\/\/www.tvturk.com\/index.php\/wp-json\/wp\/v2\/posts\/232397\/revisions"}],"wp:featuredmedia":[{"embeddable":true,"href":"http:\/\/www.tvturk.com\/index.php\/wp-json\/wp\/v2\/media\/232398"}],"wp:attachment":[{"href":"http:\/\/www.tvturk.com\/index.php\/wp-json\/wp\/v2\/media?parent=232397"}],"wp:term":[{"taxonomy":"category","embeddable":true,"href":"http:\/\/www.tvturk.com\/index.php\/wp-json\/wp\/v2\/categories?post=232397"},{"taxonomy":"post_tag","embeddable":true,"href":"http:\/\/www.tvturk.com\/index.php\/wp-json\/wp\/v2\/tags?post=232397"}],"curies":[{"name":"wp","href":"https:\/\/api.w.org\/{rel}","templated":true}]}}