{"id":232475,"date":"2019-11-25T09:46:25","date_gmt":"2019-11-25T06:46:25","guid":{"rendered":"http:\/\/www.tvturk.com\/index.php\/abd-savunma-bakani-esper-deniz-kuvvetleri-sekreteri-spencerin-istifasini-istedi\/"},"modified":"2019-11-25T09:46:25","modified_gmt":"2019-11-25T06:46:25","slug":"abd-savunma-bakani-esper-deniz-kuvvetleri-sekreteri-spencerin-istifasini-istedi","status":"publish","type":"post","link":"http:\/\/www.tvturk.com\/index.php\/abd-savunma-bakani-esper-deniz-kuvvetleri-sekreteri-spencerin-istifasini-istedi\/","title":{"rendered":"ABD Savunma Bakan\u0131 Esper, Deniz Kuvvetleri Sekreteri Spencer\u2019\u0131n istifas\u0131n\u0131 istedi"},"content":{"rendered":"<p>ABD Savunma Bakan\u0131 Mark Esper, Deniz Kuvvetleri Sekreteri Richard Spencer\u2019\u0131n istifas\u0131n\u0131 istedi.<\/p>\n<p>ABD Savunma Bakan\u0131 Mark Esper, ABD donanmas\u0131ndaki \u00f6zel tim Navy Seal\u2019e ba\u011fl\u0131 olarak Irak\u2019ta g\u00f6rev yapt\u0131\u011f\u0131 d\u00f6nemde, askeri kurallar\u0131 ihlal etti\u011fi gerek\u00e7esiyle su\u00e7lu bulunan Edward Gallagher\u2019\u0131n durumuna ili\u015fkin Beyaz Saray ile gizli g\u00f6r\u00fc\u015fmeler yapan Deniz Kuvvetleri Sekreteri Richard Spencer\u2019\u0131n istifas\u0131n\u0131 istedi.<\/p>\n<p>Pentagon\u2019dan konuya ili\u015fkin yap\u0131lan yaz\u0131l\u0131 a\u00e7\u0131klamada, &#8220;Savunma Bakan\u0131 Mark Esper, Edward Gallagher\u2019\u0131n durumu da dahil olmak \u00fczere Beyaz Saray ile yapt\u0131\u011f\u0131 konu\u015fmalara ili\u015fkin \u00fcslerine y\u00f6nelik d\u00fcr\u00fcst davranmad\u0131\u011f\u0131 gerek\u00e7esiyle Spencer\u2019a kar\u015f\u0131 g\u00fcvenini kaybetti ve bu nedenle istifas\u0131n\u0131 istedi\u201d ifadeleri yer ald\u0131. Yap\u0131lan g\u00f6r\u00fc\u015fmelerle ilgili ABD Savunma Bakan\u0131 Esper\u2019in, hi\u00e7bir \u015fekilde bilgilendirilmedi\u011fi ve Spencer\u2019\u0131n askeri yetkililerle yapt\u0131\u011f\u0131 g\u00f6r\u00fc\u015fmelerde, Gallagher\u2019\u0131n r\u00fctbesinin korunmas\u0131 ve bulundu\u011fu r\u00fctbeden emekli edilmesine dair Beyaz Saray ile \u00f6zel g\u00f6r\u00fc\u015fmeler yapt\u0131\u011f\u0131 kaydedildi.<\/p>\n<p>ABD Deniz Kuvvetleri Sekreteri Spencer\u2019\u0131n da Esper\u2019in iste\u011fi \u00fczerine istifas\u0131n\u0131 a\u00e7\u0131klad\u0131\u011f\u0131 belirtildi.<\/p>\n<p>Edward Gallagher, Irak\u2019ta g\u00f6rev yapt\u0131\u011f\u0131 d\u00f6nemde askeri kurallar\u0131 ihlal etmekten federal mahkemece su\u00e7lu bulunmu\u015ftu. Gallagher\u2019\u0131n su\u00e7lar\u0131 aras\u0131nda yaral\u0131 bir ki\u015fiyi b\u0131\u00e7aklayarak \u00f6ld\u00fcrme, silahs\u0131z sivillere ate\u015f a\u00e7ma, cesetlerin yan\u0131nda poz verme gibi su\u00e7lar yer al\u0131yor.<\/p>\n","protected":false},"excerpt":{"rendered":"<p>ABD SAVUNMA BAKANI MARK ESPER, DEN\u0130Z KUVVETLER\u0130 SEKRETER\u0130 R\u0130CHARD SPENCER&#8217;IN \u0130ST\u0130FASINI \u0130STED\u0130.<\/p>\n","protected":false},"author":1,"featured_media":232476,"comment_status":"closed","ping_status":"open","sticky":false,"template":"","format":"standard","meta":{"jetpack_post_was_ever_published":false,"_jetpack_newsletter_access":"","_jetpack_dont_email_post_to_subs":false,"_jetpack_newsletter_tier_id":0,"_jetpack_memberships_contains_paywalled_content":false,"_jetpack_memberships_contains_paid_content":false,"footnotes":"","jetpack_publicize_message":"","jetpack_publicize_feature_enabled":true,"jetpack_social_post_already_shared":true,"jetpack_social_options":{"image_generator_settings":{"template":"highway","default_image_id":0,"font":"","enabled":false},"version":2}},"categories":[10],"tags":[1936,933,1471,46327,2411,16117,18755,33,870,58519],"class_list":["post-232475","post","type-post","status-publish","format-standard","has-post-thumbnail","hentry","category-dunya","tag-abd","tag-bakani","tag-deniz","tag-esper","tag-istedi","tag-istifasini","tag-kuvvetleri","tag-savunma","tag-sekreteri","tag-spencerin"],"jetpack_publicize_connections":[],"jetpack_featured_media_url":"https:\/\/i0.wp.com\/www.tvturk.com\/wp-content\/uploads\/2019\/11\/abd-savunma-bakani-esper-deniz-kuvvetleri-sekreteri-spencerin-istifasini-istedi_7d5ff90.jpg?fit=920%2C613","jetpack_sharing_enabled":true,"jetpack_shortlink":"https:\/\/wp.me\/paKIfm-YtB","_links":{"self":[{"href":"http:\/\/www.tvturk.com\/index.php\/wp-json\/wp\/v2\/posts\/232475","targetHints":{"allow":["GET"]}}],"collection":[{"href":"http:\/\/www.tvturk.com\/index.php\/wp-json\/wp\/v2\/posts"}],"about":[{"href":"http:\/\/www.tvturk.com\/index.php\/wp-json\/wp\/v2\/types\/post"}],"author":[{"embeddable":true,"href":"http:\/\/www.tvturk.com\/index.php\/wp-json\/wp\/v2\/users\/1"}],"replies":[{"embeddable":true,"href":"http:\/\/www.tvturk.com\/index.php\/wp-json\/wp\/v2\/comments?post=232475"}],"version-history":[{"count":0,"href":"http:\/\/www.tvturk.com\/index.php\/wp-json\/wp\/v2\/posts\/232475\/revisions"}],"wp:featuredmedia":[{"embeddable":true,"href":"http:\/\/www.tvturk.com\/index.php\/wp-json\/wp\/v2\/media\/232476"}],"wp:attachment":[{"href":"http:\/\/www.tvturk.com\/index.php\/wp-json\/wp\/v2\/media?parent=232475"}],"wp:term":[{"taxonomy":"category","embeddable":true,"href":"http:\/\/www.tvturk.com\/index.php\/wp-json\/wp\/v2\/categories?post=232475"},{"taxonomy":"post_tag","embeddable":true,"href":"http:\/\/www.tvturk.com\/index.php\/wp-json\/wp\/v2\/tags?post=232475"}],"curies":[{"name":"wp","href":"https:\/\/api.w.org\/{rel}","templated":true}]}}