{"id":232639,"date":"2019-11-25T12:47:54","date_gmt":"2019-11-25T09:47:54","guid":{"rendered":"http:\/\/www.tvturk.com\/index.php\/ali-aydemir-play-offun-icindeki-takim-olmak-istiyoruz\/"},"modified":"2019-11-25T12:47:54","modified_gmt":"2019-11-25T09:47:54","slug":"ali-aydemir-play-offun-icindeki-takim-olmak-istiyoruz","status":"publish","type":"post","link":"http:\/\/www.tvturk.com\/index.php\/ali-aydemir-play-offun-icindeki-takim-olmak-istiyoruz\/","title":{"rendered":"Ali Aydemir: &#8220;Play-off\u2019un i\u00e7indeki tak\u0131m olmak istiyoruz&#8221;"},"content":{"rendered":"<p>TFF 2. Lig Beyaz Grup\u2019ta m\u00fccadele eden Hekimo\u011flu Trabzon FK oyuncusu Ali Aydemir, play-off i\u00e7inde olan tak\u0131m olmay\u0131 hedeflediklerini s\u00f6yledi.<\/p>\n<p>TFF 2. Lig Beyaz Grup ekiplerinden Hekimo\u011flu Trabzon FK, deplasmanda 1922 Konyaspor\u2019u 3-1 ma\u011flup etti. M\u00fcsabakada 2 gole imza atan Ali Aydemir, \u00f6nemli bir galibiyet ald\u0131klar\u0131n\u0131 belirterek &#8220;\u00d6ncelikle \u00e7ok mutluyum. Tarifi yap\u0131lamayacak bir mutluluk ya\u015fad\u0131m. Eski tak\u0131m\u0131ma kar\u015f\u0131 oynad\u0131m. Konya\u2019dan oynamadan ayr\u0131lm\u0131\u015ft\u0131m. \u00c7ok iyi motive oldum. Her iki tak\u0131m\u0131n da puana ihtiyac\u0131 oldu\u011fu bir m\u00fcsabakayd\u0131. 1922 Konyaspor k\u00fcmede kalma sava\u015f\u0131 veriyor. Biz ise yukar\u0131lara t\u0131rmanmak ve play off\u2019un i\u00e7indeki tak\u0131m olmak istiyoruz. K\u0131saca iki tak\u0131m\u0131n da puana ihtiyac\u0131 vard\u0131. Eski tak\u0131m\u0131ma kar\u015f\u0131 iki gol at\u0131p galibiyette pay sahibi oldum. Futbolun g\u00fczel yan\u0131 da bu olmal\u0131. Beni izlemeye gelen sevdiklerimin stadyumdan mutlu ayr\u0131lmas\u0131, bana \u015fans veren hocam\u0131 mutlu etmem, tarif edemeyece\u011fim mutluluktu. Buldu\u011fum forma \u015fans\u0131n\u0131 iyi de\u011ferlendirdim. \u015eimdi \u00e7ok \u00e7al\u0131\u015f\u0131p arkas\u0131n\u0131 getirmek istiyorum. \u015eans kap\u0131m\u0131 \u00e7ald\u0131 i\u00e7eriye girdim. \u015eimdi i\u00e7eride kalmak i\u00e7in m\u00fccadele edece\u011fim&#8221; dedi.<\/p>\n<p>Tak\u0131m olarak hedeflerini ba\u015farmak istediklerini belirten Aydemir &#8220;Tak\u0131m olarak hedefimiz var. Play off\u2019lara kalmak istiyoruz. \u015eartlar\u0131n zorlu\u011funu biliyoruz ve onlar\u0131 ba\u015farmak i\u00e7in m\u00fccadele edece\u011fiz\u201d ifadelerini kulland\u0131<\/p>\n","protected":false},"excerpt":{"rendered":"<p>TFF 2 L\u0130G BEYAZ GRUPTA M\u00dcCADELE EDEN HEK\u0130MO\u011eLU TRABZON FK OYUNCUSU AL\u0130 AYDEM\u0130R, PLAY-OFF \u0130\u00c7\u0130NDE OLAN TAKIM OLMAYI HEDEFLED\u0130KLER\u0130N\u0130 S\u00d6YLED\u0130.<\/p>\n","protected":false},"author":1,"featured_media":232640,"comment_status":"closed","ping_status":"open","sticky":false,"template":"","format":"standard","meta":{"jetpack_post_was_ever_published":false,"_jetpack_newsletter_access":"","_jetpack_dont_email_post_to_subs":false,"_jetpack_newsletter_tier_id":0,"_jetpack_memberships_contains_paywalled_content":false,"_jetpack_memberships_contains_paid_content":false,"footnotes":"","jetpack_publicize_message":"","jetpack_publicize_feature_enabled":true,"jetpack_social_post_already_shared":true,"jetpack_social_options":{"image_generator_settings":{"template":"highway","default_image_id":0,"font":"","enabled":false},"version":2}},"categories":[657],"tags":[58557,625,4617,33631,2674,1364,6670],"class_list":["post-232639","post","type-post","status-publish","format-standard","has-post-thumbnail","hentry","category-spor","tag-play-offun","tag-ali","tag-aydemir","tag-icindeki","tag-istiyoruz","tag-olmak","tag-takim"],"jetpack_publicize_connections":[],"jetpack_featured_media_url":"https:\/\/i0.wp.com\/www.tvturk.com\/wp-content\/uploads\/2019\/11\/ali-aydemir-play-offun-icindeki-takim-olmak-istiyoruz_f8317fb.jpg?fit=1000%2C763","jetpack_sharing_enabled":true,"jetpack_shortlink":"https:\/\/wp.me\/paKIfm-Ywf","_links":{"self":[{"href":"http:\/\/www.tvturk.com\/index.php\/wp-json\/wp\/v2\/posts\/232639","targetHints":{"allow":["GET"]}}],"collection":[{"href":"http:\/\/www.tvturk.com\/index.php\/wp-json\/wp\/v2\/posts"}],"about":[{"href":"http:\/\/www.tvturk.com\/index.php\/wp-json\/wp\/v2\/types\/post"}],"author":[{"embeddable":true,"href":"http:\/\/www.tvturk.com\/index.php\/wp-json\/wp\/v2\/users\/1"}],"replies":[{"embeddable":true,"href":"http:\/\/www.tvturk.com\/index.php\/wp-json\/wp\/v2\/comments?post=232639"}],"version-history":[{"count":0,"href":"http:\/\/www.tvturk.com\/index.php\/wp-json\/wp\/v2\/posts\/232639\/revisions"}],"wp:featuredmedia":[{"embeddable":true,"href":"http:\/\/www.tvturk.com\/index.php\/wp-json\/wp\/v2\/media\/232640"}],"wp:attachment":[{"href":"http:\/\/www.tvturk.com\/index.php\/wp-json\/wp\/v2\/media?parent=232639"}],"wp:term":[{"taxonomy":"category","embeddable":true,"href":"http:\/\/www.tvturk.com\/index.php\/wp-json\/wp\/v2\/categories?post=232639"},{"taxonomy":"post_tag","embeddable":true,"href":"http:\/\/www.tvturk.com\/index.php\/wp-json\/wp\/v2\/tags?post=232639"}],"curies":[{"name":"wp","href":"https:\/\/api.w.org\/{rel}","templated":true}]}}