{"id":232667,"date":"2019-11-25T13:33:10","date_gmt":"2019-11-25T10:33:10","guid":{"rendered":"http:\/\/www.tvturk.com\/index.php\/naim-filmine-izmirde-anlamli-gala\/"},"modified":"2019-11-25T13:33:10","modified_gmt":"2019-11-25T10:33:10","slug":"naim-filmine-izmirde-anlamli-gala","status":"publish","type":"post","link":"http:\/\/www.tvturk.com\/index.php\/naim-filmine-izmirde-anlamli-gala\/","title":{"rendered":"Naim filmine \u0130zmir\u2019de anlaml\u0131 gala"},"content":{"rendered":"<p>Cep Herk\u00fcl\u00fc Naim S\u00fcleymano\u011flu, ya\u015fam\u0131n\u0131n anlat\u0131ld\u0131\u011f\u0131 filmin \u0130zmir\u2019deki galas\u0131nda binlerce ki\u015fi taraf\u0131ndan an\u0131ld\u0131. Yak\u0131n tarihimize damga vuran d\u00fcnya \u015fampiyonu sporcu Naim S\u00fcleymano\u011flu\u2019nun ya\u015fam hikayesi ve m\u00fccadelesinin anlat\u0131ld\u0131\u011f\u0131 film, izleyenleri duyguland\u0131.<\/p>\n<p>T\u00fcrk sinemas\u0131nda merakla beklenen &#8220;Cep Herk\u00fcl\u00fc: Naim S\u00fcleymano\u011flu&#8221; filminin \u0130zmir galas\u0131, Optimum AVM\u2019de ger\u00e7ekle\u015fti. Film ekibi, film g\u00f6sterimi \u00f6ncesinde ger\u00e7ekle\u015ftirilen s\u00f6yle\u015fide ziyaret\u00e7ilerle bulu\u015ftu. Yap\u0131lan etkinli\u011fe \u00e7ok say\u0131da ki\u015fi kat\u0131l\u0131rken, yak\u0131n tarihimize damga vuran d\u00fcnya \u015fampiyonu sporcu Naim S\u00fcleymano\u011flu sayg\u0131yla an\u0131ld\u0131.<\/p>\n<p>&#8220;Cep Herk\u00fcl\u00fc: Naim S\u00fcleymano\u011flu&#8221; filminin y\u00f6netmeni \u00d6zer Feyzio\u011flu, insana dokunan bir film yapt\u0131klar\u0131n\u0131 s\u00f6yleyerek, &#8220;Naim, hen\u00fcz 18 ya\u015f\u0131nda verdi\u011fi bir kararla bir halk\u0131n u\u011frad\u0131\u011f\u0131 zulme kar\u015f\u0131 \u00e7\u0131kt\u0131 ve bunu ba\u015far\u0131lar\u0131yla d\u00fcnyaya duyurdu. Bu film tarihimizde \u00f6rnek bir insan\u0131n hikayesidir&#8221; dedi.<\/p>\n<p>\u0130zmir\u2019de sinemaseverler ile Optimum\u2019da bulu\u015fan filmin ba\u015frol oyuncular\u0131; Hayat Van Eck, Yetkin Dikiciler, Bar\u0131\u015f K\u0131rao\u011flu da film ile ilgili anlaml\u0131 mesajlar verdi. Ba\u015frol oyuncusu Hayat Van Eck, &#8220;Naim S\u00fcleymano\u011flu sadece d\u00fcnya \u015fampiyonu bir sporcu de\u011fil, b\u00fcy\u00fck bir insan haklar\u0131 savunucusudur&#8221; \u015feklinde konu\u015ftu.<\/p>\n<p>Senaryosunu Bar\u0131\u015f Pirhasan\u2019\u0131n yazd\u0131\u011f\u0131, \u00d6zer Feyzio\u011flu\u2019nun y\u00f6netti\u011fi, yap\u0131mc\u0131l\u0131\u011f\u0131n\u0131 Mustafa Uslu\u2019nun \u00fcstlendi\u011fi \u2018Cep Herk\u00fcl\u00fc: Naim S\u00fcleymano\u011flu\u2019 filminin \u0130zmir \u00f6zel g\u00f6sterimine Bulgaristan\u2019dan g\u00f6\u00e7 eden ki\u015filerde ilgi g\u00f6sterdi. \u0130zmir Balkan G\u00f6\u00e7menleri K\u00fclt\u00fcr ve Dayan\u0131\u015fma Derne\u011fi, film ekibine bir plaket sunarak anlaml\u0131 g\u00fcnde beraber olmaktan dolay\u0131 mutluluk duyduklar\u0131n belirtti.<\/p>\n<p>2017 y\u0131l\u0131nda hayat\u0131n\u0131 kaybeden Naim S\u00fcleymano\u011flu\u2019nun ba\u015far\u0131larla ve zorluklarla dolu ya\u015fam hikayesinin anlat\u0131ld\u0131\u011f\u0131 film, s\u00f6yle\u015finin ard\u0131ndan ziyaret\u00e7iler taraf\u0131ndan ilgiyle izlendi.<\/p>\n","protected":false},"excerpt":{"rendered":"<p>T\u00dcRK S\u0130NEMASINDA MERAKLA BEKLENEN &#8220;CEP HERK\u00dcL\u00dc: NA\u0130M S\u00dcLEYMANO\u011eLU&#8221; F\u0130LM\u0130N\u0130N \u0130ZM\u0130R GALASI, OPT\u0130MUM AVM\u2019DE GER\u00c7EKLE\u015eT\u0130.<\/p>\n","protected":false},"author":1,"featured_media":232668,"comment_status":"closed","ping_status":"open","sticky":false,"template":"","format":"standard","meta":{"jetpack_post_was_ever_published":false,"_jetpack_newsletter_access":"","_jetpack_dont_email_post_to_subs":false,"_jetpack_newsletter_tier_id":0,"_jetpack_memberships_contains_paywalled_content":false,"_jetpack_memberships_contains_paid_content":false,"footnotes":"","jetpack_publicize_message":"","jetpack_publicize_feature_enabled":true,"jetpack_social_post_already_shared":true,"jetpack_social_options":{"image_generator_settings":{"template":"highway","default_image_id":0,"font":"","enabled":false},"version":2}},"categories":[1],"tags":[3059,29594,9429,1554,28051],"class_list":["post-232667","post","type-post","status-publish","format-standard","has-post-thumbnail","hentry","category-genel","tag-anlamli","tag-filmine","tag-gala","tag-izmirde","tag-naim"],"jetpack_publicize_connections":[],"jetpack_featured_media_url":"https:\/\/i0.wp.com\/www.tvturk.com\/wp-content\/uploads\/2019\/11\/naim-filmine-izmirde-anlamli-gala_d4d76fe.jpg?fit=1000%2C666","jetpack_sharing_enabled":true,"jetpack_shortlink":"https:\/\/wp.me\/paKIfm-YwH","_links":{"self":[{"href":"http:\/\/www.tvturk.com\/index.php\/wp-json\/wp\/v2\/posts\/232667","targetHints":{"allow":["GET"]}}],"collection":[{"href":"http:\/\/www.tvturk.com\/index.php\/wp-json\/wp\/v2\/posts"}],"about":[{"href":"http:\/\/www.tvturk.com\/index.php\/wp-json\/wp\/v2\/types\/post"}],"author":[{"embeddable":true,"href":"http:\/\/www.tvturk.com\/index.php\/wp-json\/wp\/v2\/users\/1"}],"replies":[{"embeddable":true,"href":"http:\/\/www.tvturk.com\/index.php\/wp-json\/wp\/v2\/comments?post=232667"}],"version-history":[{"count":0,"href":"http:\/\/www.tvturk.com\/index.php\/wp-json\/wp\/v2\/posts\/232667\/revisions"}],"wp:featuredmedia":[{"embeddable":true,"href":"http:\/\/www.tvturk.com\/index.php\/wp-json\/wp\/v2\/media\/232668"}],"wp:attachment":[{"href":"http:\/\/www.tvturk.com\/index.php\/wp-json\/wp\/v2\/media?parent=232667"}],"wp:term":[{"taxonomy":"category","embeddable":true,"href":"http:\/\/www.tvturk.com\/index.php\/wp-json\/wp\/v2\/categories?post=232667"},{"taxonomy":"post_tag","embeddable":true,"href":"http:\/\/www.tvturk.com\/index.php\/wp-json\/wp\/v2\/tags?post=232667"}],"curies":[{"name":"wp","href":"https:\/\/api.w.org\/{rel}","templated":true}]}}