{"id":233200,"date":"2019-11-26T15:16:36","date_gmt":"2019-11-26T12:16:36","guid":{"rendered":"http:\/\/www.tvturk.com\/index.php\/4-ipekyolu-uluslararasi-isadamlari-zirvesi-dunyayi-trabzonda-bulusturuyor\/"},"modified":"2019-11-26T15:16:36","modified_gmt":"2019-11-26T12:16:36","slug":"4-ipekyolu-uluslararasi-isadamlari-zirvesi-dunyayi-trabzonda-bulusturuyor","status":"publish","type":"post","link":"http:\/\/www.tvturk.com\/index.php\/4-ipekyolu-uluslararasi-isadamlari-zirvesi-dunyayi-trabzonda-bulusturuyor\/","title":{"rendered":"4. \u0130pekyolu Uluslararas\u0131 \u0130\u015fadamlar\u0131 Zirvesi d\u00fcnyay\u0131 Trabzon\u2019da bulu\u015fturuyor"},"content":{"rendered":"<p>Trabzon\u2019da 27-29 Kas\u0131m tarihleri aras\u0131nda ger\u00e7ekle\u015ftirilecek olan 4. Uluslararas\u0131 \u0130pekyolu \u0130\u015fadamlar\u0131 Zirvesi ile ilgili olarak bug\u00fcn bir bas\u0131n toplant\u0131s\u0131 d\u00fczenlendi.<\/p>\n<p>Trabzon Valisi \u0130smail Ustao\u011flu, Trabzon B\u00fcy\u00fck\u015fehir Belediye Ba\u015fkan\u0131 Murat Zorluo\u011flu, Trabzon Ticaret ve Sanayi Odas\u0131 (TTSO) Ba\u015fkan\u0131 M. Suat Hac\u0131saliho\u011flu ve Do\u011fu Karadeniz \u0130hracat\u00e7\u0131lar Birli\u011fi (DK\u0130B) Ba\u015fkan Yard\u0131mc\u0131s\u0131 Ahmet Hamdi G\u00fcrdo\u011fan\u2019\u0131n kat\u0131l\u0131m\u0131yla d\u00fczenlenen bas\u0131n toplant\u0131s\u0131nda Trabzon\u2019un \u00e7ok \u00f6nemli bir organizasyona ev sahipli\u011fi yapaca\u011f\u0131 vurguland\u0131.<\/p>\n<p>Vali \u0130smail Ustao\u011flu, yapt\u0131\u011f\u0131 konu\u015fmada &#8220;Tarihi \u0130pekyolu g\u00fczerg\u00e2h\u0131, y\u00fcksek ticaret potansiyeli sayesinde, ge\u00e7mi\u015fte oldu\u011fu gibi g\u00fcn\u00fcm\u00fczde de d\u00fcnyan\u0131n ilgisini \u00fczerine \u00e7ekmeye devam etmektedir. Ge\u00e7mi\u015ften g\u00fcn\u00fcm\u00fcze cazibesini yitirmeyen \u0130pekyolu, aksine g\u00fcnden g\u00fcne de\u011ferini ve k\u0131ymetini her ge\u00e7en g\u00fcn t\u00fcm d\u00fcnyaya yaymakta ve art\u0131rmaktad\u0131r. Bu cazibenin art\u0131rd\u0131\u011f\u0131 pazar pay\u0131, g\u00fczerg\u00e2hta bulunan bulunmayan t\u00fcm \u00fclkelerin art\u0131k ilgisini ciddi \u015fekilde \u00e7ekmekte ve farkl\u0131 alanlardaki ticar\u00ee faaliyetlerin bu g\u00fczerg\u00e2ha kaymas\u0131n\u0131 sa\u011flamaktad\u0131r. \u0130pekyolu g\u00fczerg\u00e2h\u0131na farkl\u0131 bir hareketlilik, yeni bir heyecan katmak \u00fczere hayata ge\u00e7irilen \u2019Bir Ku\u015fak, Bir Yol\u2019 projesinin, Karadeniz ve Hazar Havzas\u0131 \u00fclkelerini ticari yat\u0131r\u0131mlar anlam\u0131nda iyiden iyiye yak\u0131nla\u015ft\u0131rd\u0131\u011f\u0131 ortadad\u0131r. \u0130pekyolu Zirvesi\u2019nin de buna katk\u0131 sa\u011flayaca\u011f\u0131na y\u00fcrekten inan\u0131yoruz. Hazine ve Maliye Bakanl\u0131\u011f\u0131m\u0131z\u0131n koordinesinde, Valili\u011fimiz, B\u00fcy\u00fck\u015fehir Belediyemiz, Ticaret ve Sanayi Odam\u0131z ile Do\u011fu Karadeniz \u0130hracat\u00e7\u0131lar Birli\u011fimiz i\u015fbirli\u011finde ger\u00e7ekle\u015ftirece\u011fimiz 4. Uluslararas\u0131 \u0130pekyolu \u0130\u015fadamlar\u0131 Zirvesi de in\u015fallah beklentilerin \u00fczerinde geri d\u00f6n\u00fc\u015fler sa\u011flayacakt\u0131r. Bakanl\u0131klar d\u00fczeyinde; Ticaret Bakanl\u0131\u011f\u0131m\u0131z, Ula\u015ft\u0131rma ve Altyap\u0131 Bakanl\u0131\u011f\u0131m\u0131z ile Sanayi ve Teknoloji Bakanl\u0131\u011f\u0131m\u0131z\u0131n destekledi\u011fi zirvemiz, T\u00fcrkiye Odalar ve Borsalar Birli\u011fi, T\u00fcrkiye \u0130hracat\u00e7\u0131lar Meclisi, Vak\u0131fbank, T\u00fcrk Hava Yollar\u0131, Do\u011fu Karadeniz Kalk\u0131nma Ajans\u0131, Trabzon Ticaret Borsas\u0131 ve TAV gibi b\u00fcy\u00fck ve \u00f6nemli kurulu\u015flar\u0131n deste\u011fini almaktad\u0131r\u201d dedi.<\/p>\n<p>Trabzon Valisi \u0130smail Ustao\u011flu, kat\u0131l\u0131ma dair g\u00fcncel verileri de payla\u015f\u0131rken \u015fu ifadeleri kulland\u0131:<\/p>\n<p>\u201c\u0130pekyolu hinterland\u0131nda bulunan \u00fclkelerden Bakan, Kurum temsilcileri ve i\u015f insanlar\u0131 zirvemize davet edilmi\u015fti. \u015eu ana kadar davetimize icap edip kat\u0131l\u0131m teyitlerini bildiren 23 \u00fclke oldu. Afganistan, Almanya, Arnavutluk, Azerbaycan, Banglade\u015f, Bosna-Hersek, \u00c7in, Fas, G\u00fcrcistan, \u0130ran, Kazakistan, Kosova, Kuzey Makedonya, Moldova, \u00d6zbekistan, Pakistan, Romanya, Rusya, Sri-Lanka, Tacikistan, T\u00fcrkmenistan, Ukrayna ve Yunanistan\u2019\u0131n yetkili isimlerini ve i\u015f insanlar\u0131n\u0131 aram\u0131zda g\u00f6rece\u011fimizi memnuniyetle ifade etmek isterim. Sayd\u0131\u011f\u0131m\u0131z \u00fclkelerden 110 tane firma ve 168 kat\u0131l\u0131mc\u0131n\u0131n bize bildirimleri yap\u0131ld\u0131. Toplamda yerli ve yabanc\u0131 kat\u0131l\u0131mc\u0131m\u0131z\u0131n 700\u2019\u00fcn \u00fczerinde olaca\u011f\u0131n\u0131 ifade ediyoruz. Yerli ve yabanc\u0131 misafirlerimizi ilimiz ve \u00fclkemiz ad\u0131na verimli i\u015f ba\u011flant\u0131lar\u0131 sa\u011flanm\u0131\u015f ve g\u00fczel hat\u0131ralar biriktirmi\u015f olarak u\u011furlayaca\u011f\u0131z..\u201d<\/p>\n<p>Vali Ustao\u011flu, zirve program\u0131 hakk\u0131nda bilgi verirken de \u015fu ifadeleri kulland\u0131:<\/p>\n<p>\u201c28 Kas\u0131m 2019 Per\u015fembe g\u00fcn\u00fc a\u00e7\u0131l\u0131\u015f\u0131n\u0131 yapaca\u011f\u0131m\u0131z zirvede, Ticaret Finans Yat\u0131r\u0131m ve \u0130\u015fbirli\u011fi, Ta\u015f\u0131mac\u0131l\u0131k ve Lojistik, K\u00fclt\u00fcr ve Turizm sekt\u00f6rlerinde; Bakanl\u0131klar\u0131m\u0131z, uluslararas\u0131 yat\u0131r\u0131m ve finans kurulu\u015flar\u0131n\u0131n \u00fcst d\u00fczey yetkililerinin sunumlar\u0131 e\u015fli\u011finde paneller ger\u00e7ekle\u015ftirilecektir. Misafir \u00fclkelerin; g\u0131da \u00fcr\u00fcnleri ve teknolojileri, in\u015faat malzemeleri, makine sekt\u00f6rleri ba\u015fta olmak \u00fczere, ayakkab\u0131, enerji, gemi in\u015fa, kuyumculuk, mobilya, medikal, otomotiv, su \u00fcr\u00fcnleri, tekstil ve turizmin de aralar\u0131nda bulundu\u011fu pek \u00e7ok sekt\u00f6rden firmalar\u0131, \u00fclkemiz firmalar\u0131 ile ikili i\u015f g\u00f6r\u00fc\u015fmeleri ger\u00e7ekle\u015ftirecektir. Zirvenin ana hedefinin; T\u00fcrkiye\u2019mizin, b\u00f6lge \u00fclkeleri ile ili\u015fkilerinin sa\u011flamla\u015ft\u0131r\u0131lmas\u0131 ve kat\u0131l\u0131mc\u0131 \u00fclkeler aras\u0131ndaki kar\u015f\u0131l\u0131kl\u0131 ticaret hacminin art\u0131r\u0131lmas\u0131 oldu\u011funu belirtmekte fayda g\u00f6r\u00fcyorum. \u00d6te yandan bu ve benzeri dev organizasyonlar\u0131n hem \u015fehrimiz hem b\u00f6lgemiz hem de \u00fclkemizin tan\u0131t\u0131m\u0131na oldu\u011fu kadar, d\u0131\u015f ticaretimize de \u00f6nemli katk\u0131lar sa\u011flayaca\u011f\u0131na y\u00fcrekten inan\u0131yorum. Cumhurba\u015fkan\u0131m\u0131z\u0131n ilimize y\u00f6nelik \u00f6nemli desteklerinden biri olan Trabzon Yat\u0131r\u0131m Adas\u0131 End\u00fcstri B\u00f6lgesi Projesinin misafir edece\u011fimiz \u00fclke yetkililerine ve potansiyel yat\u0131r\u0131mc\u0131lara tan\u0131t\u0131m\u0131 a\u00e7\u0131s\u0131ndan da zirvenin \u00f6nemli bir f\u0131rsat oldu\u011funu ifade etmek istiyorum. Etkinli\u011fin son g\u00fcn\u00fcnde, misafirperverli\u011fimizin g\u00f6stergesi olarak, \u015fehrimizin tarih\u00ee ve turistik alanlar\u0131 konuklar\u0131m\u0131za tan\u0131t\u0131lacak, ayr\u0131ca farkl\u0131 sekt\u00f6rlerden yabanc\u0131 firma temsilcileri ile b\u00f6lgedeki sanayicilerimiz de i\u015f ortamlar\u0131nda bir araya getirilecektir.\u201d<\/p>\n","protected":false},"excerpt":{"rendered":"<p>TRABZON\u2019DA 27-29 KASIM TAR\u0130HLER\u0130 ARASINDA GER\u00c7EKLE\u015eT\u0130R\u0130LECEK OLAN 4. ULUSLARARASI \u0130PEKYOLU \u0130\u015eADAMLARI Z\u0130RVES\u0130 \u0130LE \u0130LG\u0130L\u0130 OLARAK BUG\u00dcN B\u0130R BASIN TOPLANTISI D\u00dcZENLEND\u0130.  TRABZON VAL\u0130S\u0130 \u0130SMA\u0130L USTAO\u011eLU, TRABZON B\u00dcY\u00dcK\u015eEH\u0130R BELED\u0130YE BA\u015eKANI MURAT ZORLUO\u011eLU, TRABZON T\u0130CARET VE SANAY\u0130 ODASI (TTSO) BA\u015eKANI M. SUAT HACISAL\u0130HO\u011eLU VE DO\u011eU KARADEN\u0130Z \u0130HRACAT\u00c7ILAR B\u0130RL\u0130\u011e\u0130 (DK\u0130B) BA\u015eKAN YARDIMCISI AHMET HAMD\u0130 G\u00dcRDO\u011eAN\u2019IN KATILIMIYLA D\u00dcZENLENEN BASIN TOPLANTISINDA TRABZON&#8217;UN \u00c7OK \u00d6NEML\u0130 B\u0130R ORGAN\u0130ZASYONA EV SAH\u0130PL\u0130\u011e\u0130 YAPACA\u011eI VURGULANDI.<\/p>\n","protected":false},"author":1,"featured_media":233201,"comment_status":"closed","ping_status":"open","sticky":false,"template":"","format":"standard","meta":{"jetpack_post_was_ever_published":false,"_jetpack_newsletter_access":"","_jetpack_dont_email_post_to_subs":false,"_jetpack_newsletter_tier_id":0,"_jetpack_memberships_contains_paywalled_content":false,"_jetpack_memberships_contains_paid_content":false,"footnotes":"","jetpack_publicize_message":"","jetpack_publicize_feature_enabled":true,"jetpack_social_post_already_shared":true,"jetpack_social_options":{"image_generator_settings":{"template":"highway","default_image_id":0,"font":"","enabled":false},"version":2}},"categories":[19],"tags":[4839,15885,18137,8827,6531,248,411],"class_list":["post-233200","post","type-post","status-publish","format-standard","has-post-thumbnail","hentry","category-ekonomi","tag-uluslararasi","tag-bulusturuyor","tag-dunyayi","tag-ipekyolu","tag-isadamlari","tag-trabzonda","tag-zirvesi"],"jetpack_publicize_connections":[],"jetpack_featured_media_url":"https:\/\/i0.wp.com\/www.tvturk.com\/wp-content\/uploads\/2019\/11\/4-ipekyolu-uluslararasi-isadamlari-zirvesi-dunyayi-trabzonda-bulusturuyor_f66ddb7.jpg?fit=1000%2C416","jetpack_sharing_enabled":true,"jetpack_shortlink":"https:\/\/wp.me\/paKIfm-YFi","_links":{"self":[{"href":"http:\/\/www.tvturk.com\/index.php\/wp-json\/wp\/v2\/posts\/233200","targetHints":{"allow":["GET"]}}],"collection":[{"href":"http:\/\/www.tvturk.com\/index.php\/wp-json\/wp\/v2\/posts"}],"about":[{"href":"http:\/\/www.tvturk.com\/index.php\/wp-json\/wp\/v2\/types\/post"}],"author":[{"embeddable":true,"href":"http:\/\/www.tvturk.com\/index.php\/wp-json\/wp\/v2\/users\/1"}],"replies":[{"embeddable":true,"href":"http:\/\/www.tvturk.com\/index.php\/wp-json\/wp\/v2\/comments?post=233200"}],"version-history":[{"count":0,"href":"http:\/\/www.tvturk.com\/index.php\/wp-json\/wp\/v2\/posts\/233200\/revisions"}],"wp:featuredmedia":[{"embeddable":true,"href":"http:\/\/www.tvturk.com\/index.php\/wp-json\/wp\/v2\/media\/233201"}],"wp:attachment":[{"href":"http:\/\/www.tvturk.com\/index.php\/wp-json\/wp\/v2\/media?parent=233200"}],"wp:term":[{"taxonomy":"category","embeddable":true,"href":"http:\/\/www.tvturk.com\/index.php\/wp-json\/wp\/v2\/categories?post=233200"},{"taxonomy":"post_tag","embeddable":true,"href":"http:\/\/www.tvturk.com\/index.php\/wp-json\/wp\/v2\/tags?post=233200"}],"curies":[{"name":"wp","href":"https:\/\/api.w.org\/{rel}","templated":true}]}}