{"id":233292,"date":"2019-11-26T18:31:44","date_gmt":"2019-11-26T15:31:44","guid":{"rendered":"http:\/\/www.tvturk.com\/index.php\/filistinliler-abdnin-yahudi-yerlesimleri-kararini-protesto-etti\/"},"modified":"2019-11-26T18:31:44","modified_gmt":"2019-11-26T15:31:44","slug":"filistinliler-abdnin-yahudi-yerlesimleri-kararini-protesto-etti","status":"publish","type":"post","link":"http:\/\/www.tvturk.com\/index.php\/filistinliler-abdnin-yahudi-yerlesimleri-kararini-protesto-etti\/","title":{"rendered":"Filistinliler, ABD\u2019nin Yahudi yerle\u015fimleri karar\u0131n\u0131 protesto etti"},"content":{"rendered":"<p>Bat\u0131 \u015eeria\u2019n\u0131n farkl\u0131 mahallelerinde ya\u015fayan Filistinliler, ABD\u2019nin Yahudi yerle\u015fimleri karar\u0131n\u0131 protesto etti. \u0130srail g\u00fc\u00e7leri, Filistinlilere g\u00f6z ya\u015fart\u0131c\u0131 gazla m\u00fcdahale etti.<\/p>\n<p>\u0130\u015fgal alt\u0131ndaki Bat\u0131 \u015eeria\u2019da ya\u015fayan Filistinliler, ABD\u2019nin \u2018Yahudi yerle\u015fimleri yasad\u0131\u015f\u0131 de\u011fil\u2019 a\u00e7\u0131klamas\u0131n\u0131 protesto etti. ABD D\u0131\u015fi\u015fleri Bakan\u0131 Mike Pompeo\u2019nun &#8220;Yahudi yerle\u015fimlerinin uluslararas\u0131 hukuka ayk\u0131r\u0131 oldu\u011funu d\u00fc\u015f\u00fcnmediklerini\u201d a\u00e7\u0131klamas\u0131n\u0131 kabul etmeyen Filistinliler, sokaklara d\u00f6k\u00fcld\u00fc. Filistin Kurtulu\u015f \u00d6rg\u00fct\u00fc\u2019n\u00fcn protesto \u00e7a\u011fr\u0131s\u0131n\u0131n ard\u0131ndan Filistin bayra\u011f\u0131 ile sokaklara ak\u0131n eden Filistinliler, ABD kar\u015f\u0131t\u0131 sloganlar atarak, y\u00fcr\u00fcy\u00fc\u015f ger\u00e7ekle\u015ftirdi. \u0130srail g\u00fc\u00e7leri ise, y\u00fcr\u00fcy\u00fc\u015fe ge\u00e7en Filistinlilere m\u00fcdahale etti. Filistinliler ile \u0130srail g\u00fc\u00e7leri aras\u0131nda \u00e7at\u0131\u015fmalar ya\u015fand\u0131. Kendini savunan Filistinlilere, \u0130srail g\u00fc\u00e7leri g\u00f6z ya\u015fart\u0131c\u0131 gazla m\u00fcdahale etti.<\/p>\n","protected":false},"excerpt":{"rendered":"<p>BATI \u015eER\u0130A&#8217;NIN FARKLI MAHALLELER\u0130NDE YA\u015eAYAN F\u0130L\u0130ST\u0130NL\u0130LER, ABD&#8217;N\u0130N YAHUD\u0130 YERLE\u015e\u0130MLER\u0130 KARARINI PROTESTO ETT\u0130. \u0130SRA\u0130L G\u00dc\u00c7LER\u0130, F\u0130L\u0130ST\u0130NL\u0130LERE G\u00d6ZYA\u015eARTICI GAZLA M\u00dcDAHALE ETT\u0130.<\/p>\n","protected":false},"author":1,"featured_media":233293,"comment_status":"closed","ping_status":"open","sticky":false,"template":"","format":"standard","meta":{"jetpack_post_was_ever_published":false,"_jetpack_newsletter_access":"","_jetpack_dont_email_post_to_subs":false,"_jetpack_newsletter_tier_id":0,"_jetpack_memberships_contains_paywalled_content":false,"_jetpack_memberships_contains_paid_content":false,"footnotes":"","jetpack_publicize_message":"","jetpack_publicize_feature_enabled":true,"jetpack_social_post_already_shared":true,"jetpack_social_options":{"image_generator_settings":{"template":"highway","default_image_id":0,"font":"","enabled":false},"version":2}},"categories":[10],"tags":[3078,207,5835,12619,831,16473,58679],"class_list":["post-233292","post","type-post","status-publish","format-standard","has-post-thumbnail","hentry","category-dunya","tag-abdnin","tag-etti","tag-filistinliler","tag-kararini","tag-protesto","tag-yahudi","tag-yerlesimleri"],"jetpack_publicize_connections":[],"jetpack_featured_media_url":"https:\/\/i0.wp.com\/www.tvturk.com\/wp-content\/uploads\/2019\/11\/filistinliler-abdnin-yahudi-yerlesimleri-kararini-protesto-etti_1f47118.jpg?fit=1000%2C750","jetpack_sharing_enabled":true,"jetpack_shortlink":"https:\/\/wp.me\/paKIfm-YGM","_links":{"self":[{"href":"http:\/\/www.tvturk.com\/index.php\/wp-json\/wp\/v2\/posts\/233292","targetHints":{"allow":["GET"]}}],"collection":[{"href":"http:\/\/www.tvturk.com\/index.php\/wp-json\/wp\/v2\/posts"}],"about":[{"href":"http:\/\/www.tvturk.com\/index.php\/wp-json\/wp\/v2\/types\/post"}],"author":[{"embeddable":true,"href":"http:\/\/www.tvturk.com\/index.php\/wp-json\/wp\/v2\/users\/1"}],"replies":[{"embeddable":true,"href":"http:\/\/www.tvturk.com\/index.php\/wp-json\/wp\/v2\/comments?post=233292"}],"version-history":[{"count":0,"href":"http:\/\/www.tvturk.com\/index.php\/wp-json\/wp\/v2\/posts\/233292\/revisions"}],"wp:featuredmedia":[{"embeddable":true,"href":"http:\/\/www.tvturk.com\/index.php\/wp-json\/wp\/v2\/media\/233293"}],"wp:attachment":[{"href":"http:\/\/www.tvturk.com\/index.php\/wp-json\/wp\/v2\/media?parent=233292"}],"wp:term":[{"taxonomy":"category","embeddable":true,"href":"http:\/\/www.tvturk.com\/index.php\/wp-json\/wp\/v2\/categories?post=233292"},{"taxonomy":"post_tag","embeddable":true,"href":"http:\/\/www.tvturk.com\/index.php\/wp-json\/wp\/v2\/tags?post=233292"}],"curies":[{"name":"wp","href":"https:\/\/api.w.org\/{rel}","templated":true}]}}