{"id":233339,"date":"2019-11-27T00:02:32","date_gmt":"2019-11-26T21:02:32","guid":{"rendered":"http:\/\/www.tvturk.com\/index.php\/rizede-orman-yangini\/"},"modified":"2019-11-27T00:02:32","modified_gmt":"2019-11-26T21:02:32","slug":"rizede-orman-yangini","status":"publish","type":"post","link":"http:\/\/www.tvturk.com\/index.php\/rizede-orman-yangini\/","title":{"rendered":"Rize\u2019de orman yang\u0131n\u0131"},"content":{"rendered":"<p>Rize merkeze ba\u011fl\u0131 Yeni Selimiye k\u00f6y\u00fc Humeliya Da\u011f\u0131\u2019nda yang\u0131n \u00e7\u0131kt\u0131. Yakla\u015f\u0131k 4 hektarl\u0131k alanda \u00e7\u0131kan yang\u0131n 6 saatte sonra yerle\u015fim yerlerine ula\u015fmadan kontrol alt\u0131na al\u0131nd\u0131.<\/p>\n<p>Saat 15.00 s\u0131ralar\u0131nda Selimiye k\u00f6y\u00fc Humeliya Da\u011f\u0131\u2019nda an\u0131z yak\u0131lmas\u0131 sonucu \u00e7\u0131kan yang\u0131n k\u0131sa s\u00fcrede yay\u0131ld\u0131. Rize \u0130tfaiye ekipleri ile Orman M\u00fcd\u00fcrl\u00fc\u011f\u00fc ekiplerinin 6 saatlik \u00e7al\u0131\u015fmas\u0131 sonucunda yang\u0131n kontrol alt\u0131na al\u0131nd\u0131. Selimiye k\u00f6y\u00fc muhtar\u0131 Cemal Turan, yang\u0131n\u0131n k\u0131rsal alanda arazideki pislikleri yakarken ba\u015flad\u0131\u011f\u0131n\u0131 belirterek \u201cB\u00fcy\u00fck bir h\u0131zla yay\u0131lmaya ba\u015flad\u0131. Herhangi bir can kayb\u0131m\u0131z yok. Kolluk kuvvetleri ve Orman M\u00fcd\u00fcrl\u00fc\u011f\u00fcnden yang\u0131n s\u00f6nd\u00fcrme ekipleri burada gerekli m\u00fcdahaleyi yapt\u0131. Evlere s\u0131\u00e7ramad\u0131. Onlar\u0131 kontrol alt\u0131na ald\u0131k.\u201d dedi.<\/p>\n<p>Rize Orman \u0130\u015fletme \u015eefi Ali T\u00fcr\u00fct, saat 15.00 s\u0131ralar\u0131nda yang\u0131n ihbar\u0131 ald\u0131klar\u0131n\u0131 belirterek, \u201d15 dakika i\u00e7erisinde yang\u0131n yerine gelerek Yeni Selimiye k\u00f6y\u00fcnde m\u00fcdahalede bulunduk. Yakla\u015f\u0131k 10 civar\u0131nda yang\u0131n\u0131 kontrol alt\u0131na ald\u0131k. Yerle\u015fim yerlerinde herhangi bir tehlike olu\u015fturmamaktad\u0131r. Gece olmas\u0131ndan dolay\u0131 tam bir \u00f6l\u00e7\u00fcm yapamad\u0131k, fakat 4 hektar civar\u0131nda bir alanda olu\u015ftu.\u201d ifadelerini kulland\u0131.<\/p>\n","protected":false},"excerpt":{"rendered":"<p>SAAT 15 SULARINDA SEL\u0130M\u0130YE K\u00d6Y\u00dc HUMEL\u0130YA DA\u011eI\u2019NDA ANIZ YAKMASI SONUCU \u00c7IKAN YANGIN KISA S\u00dcREDE T\u00dcM DA\u011eI SARDI. R\u0130ZE \u0130TFA\u0130YE EK\u0130PLER\u0130 \u0130LE ORMAN M\u00dcD\u00dcRL\u00dc\u011e\u00dc EK\u0130PLER\u0130 6 SAATL\u0130K \u00c7ALI\u015eMA SONUCU YANGIN KONTROL ALTINA ALINDI.<\/p>\n","protected":false},"author":1,"featured_media":233340,"comment_status":"closed","ping_status":"open","sticky":false,"template":"","format":"standard","meta":{"jetpack_post_was_ever_published":false,"_jetpack_newsletter_access":"","_jetpack_dont_email_post_to_subs":false,"_jetpack_newsletter_tier_id":0,"_jetpack_memberships_contains_paywalled_content":false,"_jetpack_memberships_contains_paid_content":false,"footnotes":"","jetpack_publicize_message":"","jetpack_publicize_feature_enabled":true,"jetpack_social_post_already_shared":true,"jetpack_social_options":{"image_generator_settings":{"template":"highway","default_image_id":0,"font":"","enabled":false},"version":2}},"categories":[1],"tags":[2404,2926,2115],"class_list":["post-233339","post","type-post","status-publish","format-standard","has-post-thumbnail","hentry","category-genel","tag-orman","tag-rizede","tag-yangini"],"jetpack_publicize_connections":[],"jetpack_featured_media_url":"https:\/\/i0.wp.com\/www.tvturk.com\/wp-content\/uploads\/2019\/11\/rizede-orman-yangini_d924899.jpg?fit=1000%2C562","jetpack_sharing_enabled":true,"jetpack_shortlink":"https:\/\/wp.me\/paKIfm-YHx","_links":{"self":[{"href":"http:\/\/www.tvturk.com\/index.php\/wp-json\/wp\/v2\/posts\/233339","targetHints":{"allow":["GET"]}}],"collection":[{"href":"http:\/\/www.tvturk.com\/index.php\/wp-json\/wp\/v2\/posts"}],"about":[{"href":"http:\/\/www.tvturk.com\/index.php\/wp-json\/wp\/v2\/types\/post"}],"author":[{"embeddable":true,"href":"http:\/\/www.tvturk.com\/index.php\/wp-json\/wp\/v2\/users\/1"}],"replies":[{"embeddable":true,"href":"http:\/\/www.tvturk.com\/index.php\/wp-json\/wp\/v2\/comments?post=233339"}],"version-history":[{"count":0,"href":"http:\/\/www.tvturk.com\/index.php\/wp-json\/wp\/v2\/posts\/233339\/revisions"}],"wp:featuredmedia":[{"embeddable":true,"href":"http:\/\/www.tvturk.com\/index.php\/wp-json\/wp\/v2\/media\/233340"}],"wp:attachment":[{"href":"http:\/\/www.tvturk.com\/index.php\/wp-json\/wp\/v2\/media?parent=233339"}],"wp:term":[{"taxonomy":"category","embeddable":true,"href":"http:\/\/www.tvturk.com\/index.php\/wp-json\/wp\/v2\/categories?post=233339"},{"taxonomy":"post_tag","embeddable":true,"href":"http:\/\/www.tvturk.com\/index.php\/wp-json\/wp\/v2\/tags?post=233339"}],"curies":[{"name":"wp","href":"https:\/\/api.w.org\/{rel}","templated":true}]}}