{"id":233431,"date":"2019-11-27T10:17:10","date_gmt":"2019-11-27T07:17:10","guid":{"rendered":"http:\/\/www.tvturk.com\/index.php\/dunyanin-en-buyuk-cocuk-sagligi-kurumundan-emine-erdogana-tesekkur-ziyareti\/"},"modified":"2019-11-27T10:17:10","modified_gmt":"2019-11-27T07:17:10","slug":"dunyanin-en-buyuk-cocuk-sagligi-kurumundan-emine-erdogana-tesekkur-ziyareti","status":"publish","type":"post","link":"http:\/\/www.tvturk.com\/index.php\/dunyanin-en-buyuk-cocuk-sagligi-kurumundan-emine-erdogana-tesekkur-ziyareti\/","title":{"rendered":"D\u00fcnyan\u0131n en b\u00fcy\u00fck \u00e7ocuk sa\u011fl\u0131\u011f\u0131 kurumundan Emine Erdo\u011fan\u2019a te\u015fekk\u00fcr ziyareti"},"content":{"rendered":"<p>1 milyon 200 bin \u00e7ocuk hekiminin \u00fcye oldu\u011fu Uluslararas\u0131 Pediatri Kurumu (IPA-International Pediatric Assocation) y\u00f6netimi, Cumhurba\u015fkan\u0131 Erdo\u011fan\u2019\u0131n e\u015fi Emine Erdo\u011fan\u2019a te\u015fekk\u00fcr ziyaretinde bulundu.<\/p>\n<p>T\u00fcm d\u00fcnyada 1 milyon 200 bin \u00e7ocuk hekiminin \u00fcye oldu\u011fu, d\u00fcnyan\u0131n en b\u00fcy\u00fck \u00e7ocuk sa\u011fl\u0131\u011f\u0131 kurumu Uluslararas\u0131 Pediatri Kurumu (IPA-International Pediatric Assocation) y\u00f6netimi ve k\u0131ta ba\u015fkanlar\u0131, IPA yeni d\u00f6nem ba\u015fkan\u0131 Prof. Enver Hasano\u011flu ve D\u0131\u015f \u0130li\u015fkiler Direkt\u00f6r\u00fc Kerem Hasano\u011flu ev sahipli\u011finde \u201cM\u00fclteci ve G\u00f6\u00e7men \u00c7ocuklar\u201d g\u00fcndemiyle ge\u00e7ti\u011fimiz g\u00fcnlerde ilk kez \u0130stanbul\u2019da toplanm\u0131\u015ft\u0131. IPA y\u00f6netimi, \u00fc\u00e7 g\u00fcn s\u00fcren toplant\u0131n\u0131n ard\u0131ndan Cumhurba\u015fkan\u0131 Erdo\u011fan\u2019\u0131n e\u015fi Emine Erdo\u011fan\u2019\u0131 ziyaret etti. Emine Erdo\u011fan\u2019\u0131n Vahdettin K\u00f6\u015fk\u00fc\u2019nde kabul etti\u011fi IPA y\u00f6netimi, T\u00fcrkiye\u2019ye, Cumhurba\u015fkan\u0131 Erdo\u011fan\u2019a ve Emine Erdo\u011fan\u2019a sava\u015f ma\u011fduru ve g\u00f6\u00e7men \u00e7ocuklar i\u00e7in yapt\u0131klar\u0131 katk\u0131lardan dolay\u0131 te\u015fekk\u00fcr etti. IPA y\u00f6neticileri, ayr\u0131ca Emine Erdo\u011fan\u2019a g\u00f6\u00e7menler ve Arakan gibi mazlum co\u011frafyalara yapt\u0131\u011f\u0131 ziyaretler ve oradaki M\u00fcsl\u00fcman \u00e7ocuklar\u0131n durumlar\u0131n\u0131 d\u00fcnyaya duyuran ki\u015fi olarak g\u00f6sterdikleri hassasiyet i\u00e7in de m\u00fcte\u015fekkir olduklar\u0131n\u0131 ilettiler. IPA\u2019n\u0131n Amerikal\u0131 Ba\u015fkan\u0131 Prof. Dr. Errol Alden, IPA Direkt\u00f6r\u00fc Kerem Hasano\u011flu ve IPA yeni d\u00f6nem ba\u015fkan\u0131 Prof. Enver Hasano\u011flu, IPA Asya, IPA Afrika, IPA Latin Amerika \u00c7ocuk Sa\u011fl\u0131\u011f\u0131 Ba\u015fkanlar\u0131 ile Sa\u011fl\u0131k Bakan\u0131 Yard\u0131mc\u0131s\u0131 Prof. Dr. Emine Alp Me\u015fe ve AFAD Ba\u015fkan\u0131 Mehmet G\u00fcll\u00fco\u011flu\u2019nun kat\u0131ld\u0131\u011f\u0131 kabulde Emine Erdo\u011fan kurumu kutlarken, b\u00f6lgesel  \u00e7al\u0131\u015fmalar hakk\u0131nda bilgiler al\u0131p, yerli a\u015f\u0131n\u0131n \u00f6nemine dikkat \u00e7ekti.<\/p>\n","protected":false},"excerpt":{"rendered":"<p>1 M\u0130LYON 200 B\u0130N \u00c7OCUK HEK\u0130M\u0130N\u0130N \u00dcYE OLDU\u011eU ULUSLARARASI PED\u0130ATR\u0130 KURUMU (IPA-INTERNAT\u0130ONAL PED\u0130ATR\u0130C ASSOCAT\u0130ON) Y\u00d6NET\u0130M\u0130, CUMHURBA\u015eKANI ERDO\u011eAN\u2019IN E\u015e\u0130 EM\u0130NE ERDO\u011eAN\u2019A TE\u015eEKK\u00dcR Z\u0130YARET\u0130NDE BULUNDU.<\/p>\n","protected":false},"author":1,"featured_media":233432,"comment_status":"closed","ping_status":"open","sticky":false,"template":"","format":"standard","meta":{"jetpack_post_was_ever_published":false,"_jetpack_newsletter_access":"","_jetpack_dont_email_post_to_subs":false,"_jetpack_newsletter_tier_id":0,"_jetpack_memberships_contains_paywalled_content":false,"_jetpack_memberships_contains_paid_content":false,"footnotes":"","jetpack_publicize_message":"","jetpack_publicize_feature_enabled":true,"jetpack_social_post_already_shared":true,"jetpack_social_options":{"image_generator_settings":{"template":"highway","default_image_id":0,"font":"","enabled":false},"version":2}},"categories":[1],"tags":[545,1008,1197,3444,6715,14227,580,379,1730],"class_list":["post-233431","post","type-post","status-publish","format-standard","has-post-thumbnail","hentry","category-genel","tag-buyuk","tag-cocuk","tag-dunyanin","tag-emine","tag-erdogana","tag-kurumundan","tag-sagligi","tag-tesekkur","tag-ziyareti"],"jetpack_publicize_connections":[],"jetpack_featured_media_url":"https:\/\/i0.wp.com\/www.tvturk.com\/wp-content\/uploads\/2019\/11\/dunyanin-en-buyuk-cocuk-sagligi-kurumundan-emine-erdogana-tesekkur-ziyareti_3f49e52.jpg?fit=1000%2C691","jetpack_sharing_enabled":true,"jetpack_shortlink":"https:\/\/wp.me\/paKIfm-YJ1","_links":{"self":[{"href":"http:\/\/www.tvturk.com\/index.php\/wp-json\/wp\/v2\/posts\/233431","targetHints":{"allow":["GET"]}}],"collection":[{"href":"http:\/\/www.tvturk.com\/index.php\/wp-json\/wp\/v2\/posts"}],"about":[{"href":"http:\/\/www.tvturk.com\/index.php\/wp-json\/wp\/v2\/types\/post"}],"author":[{"embeddable":true,"href":"http:\/\/www.tvturk.com\/index.php\/wp-json\/wp\/v2\/users\/1"}],"replies":[{"embeddable":true,"href":"http:\/\/www.tvturk.com\/index.php\/wp-json\/wp\/v2\/comments?post=233431"}],"version-history":[{"count":0,"href":"http:\/\/www.tvturk.com\/index.php\/wp-json\/wp\/v2\/posts\/233431\/revisions"}],"wp:featuredmedia":[{"embeddable":true,"href":"http:\/\/www.tvturk.com\/index.php\/wp-json\/wp\/v2\/media\/233432"}],"wp:attachment":[{"href":"http:\/\/www.tvturk.com\/index.php\/wp-json\/wp\/v2\/media?parent=233431"}],"wp:term":[{"taxonomy":"category","embeddable":true,"href":"http:\/\/www.tvturk.com\/index.php\/wp-json\/wp\/v2\/categories?post=233431"},{"taxonomy":"post_tag","embeddable":true,"href":"http:\/\/www.tvturk.com\/index.php\/wp-json\/wp\/v2\/tags?post=233431"}],"curies":[{"name":"wp","href":"https:\/\/api.w.org\/{rel}","templated":true}]}}