{"id":233551,"date":"2019-11-27T12:33:08","date_gmt":"2019-11-27T09:33:08","guid":{"rendered":"http:\/\/www.tvturk.com\/index.php\/trabzonspor-galatasaray-macinda-ali-palabiyik-duduk-calacak\/"},"modified":"2019-11-27T12:33:08","modified_gmt":"2019-11-27T09:33:08","slug":"trabzonspor-galatasaray-macinda-ali-palabiyik-duduk-calacak","status":"publish","type":"post","link":"http:\/\/www.tvturk.com\/index.php\/trabzonspor-galatasaray-macinda-ali-palabiyik-duduk-calacak\/","title":{"rendered":"Trabzonspor &#8211; Galatasaray ma\u00e7\u0131nda Ali Palab\u0131y\u0131k d\u00fcd\u00fck \u00e7alacak"},"content":{"rendered":"<p>S\u00fcper Lig\u2019in 13. haftas\u0131nda g\u00f6rev alacak hakemler a\u00e7\u0131klan\u0131rken, Trabzonspor-Galatasaray m\u00fcsabakas\u0131n\u0131 hakem Ali Palab\u0131y\u0131k\u2019\u0131n y\u00f6netece\u011fi duyuruldu.<\/p>\n<p>S\u00fcper Lig\u2019in 13. haftas\u0131nda 29 Kas\u0131m Cuma, 30 Kas\u0131m Cumartesi, 1 Aral\u0131k Pazar ve 2 Aral\u0131k Pazartesi g\u00fcn\u00fc oynanacak ma\u00e7larda d\u00fcd\u00fck \u00e7alacak hakemler belli oldu. 1 Aral\u0131k Pazar g\u00fcn\u00fc saat 19.00\u2019da oynanacak olan Trabzonspor &#8211; Galatasaray kar\u015f\u0131la\u015fmas\u0131n\u0131 da hakem Ali Palab\u0131y\u0131k\u2019\u0131n y\u00f6netece\u011fi a\u00e7\u0131kland\u0131. M\u00fccadelede Palab\u0131y\u0131k\u2019\u0131n yard\u0131mc\u0131l\u0131klar\u0131n\u0131 Serkan Olguncan ve Serkan \u00c7imen yapacakken, d\u00f6rd\u00fcnc\u00fc hakem olarak ise Bahattin \u015eim\u015fek g\u00f6rev alacak. Bu m\u00fcsabakan\u0131n VAR hakemi de Ya\u015far Kemal U\u011furlu  olacak.<\/p>\n<p>TFF Merkez Hakem Kurulu\u2019ndan yap\u0131lan a\u00e7\u0131klamada S\u00fcper Lig\u2019in 13. haftas\u0131nda oynanacak ma\u00e7larda sahada olacak hakemler \u015fu \u015fekilde:<\/p>\n<p>29 Kas\u0131m Cuma<\/p>\n<p>20.30 Gen\u00e7lerbirli\u011fi &#8211; Yeni Malatyaspor: Zorbay K\u00fc\u00e7\u00fck<\/p>\n<p>30 Kas\u0131m Cumartesi<\/p>\n<p>15.00 DG Sivasspor &#8211; Kas\u0131mpa\u015fa: C\u00fcneyt \u00c7ak\u0131r<\/p>\n<p>15.00 \u00c7aykur Rizespor &#8211; Konyaspor: Halis \u00d6zkahya<\/p>\n<p>17.30 Aytemiz Alanyaspor &#8211; MKE Ankarag\u00fcc\u00fc: Alper Ulusoy<\/p>\n<p>20.00 G\u00f6ztepe- Fenerbah\u00e7e: Abdulkadir Bitigen<\/p>\n<p>1 Aral\u0131k Pazar<\/p>\n<p>14.00 Gaziantep Futbol Kul\u00fcb\u00fc  &#8211; Denizlispor: Atilla Karao\u011flan<\/p>\n<p>16.30 Medipol Ba\u015fak\u015fehir &#8211; Antalyaspor: Serkan Tokat<\/p>\n<p>19.00 Trabzonspor &#8211; Galatasaray: Ali Palab\u0131y\u0131k<\/p>\n<p>2 Aral\u0131k Pazartesi<\/p>\n<p>20.00 Be\u015fikta\u015f &#8211; Kayserispor: \u00dcmit \u00d6zt\u00fcrk<\/p>\n","protected":false},"excerpt":{"rendered":"<p>S\u00dcPER L\u0130G\u2019\u0130N 13. HAFTASINDA G\u00d6REV ALACAK HAKEMLER A\u00c7IKLANIRKEN, TRABZONSPOR &#8211; GALATASARAY M\u00dcSABAKASINI HAKEM AL\u0130 PALABIYIK\u2019IN Y\u00d6NETECE\u011e\u0130 DUYURULDU.<\/p>\n","protected":false},"author":1,"featured_media":233552,"comment_status":"closed","ping_status":"open","sticky":false,"template":"","format":"standard","meta":{"jetpack_post_was_ever_published":false,"_jetpack_newsletter_access":"","_jetpack_dont_email_post_to_subs":false,"_jetpack_newsletter_tier_id":0,"_jetpack_memberships_contains_paywalled_content":false,"_jetpack_memberships_contains_paid_content":false,"footnotes":"","jetpack_publicize_message":"","jetpack_publicize_feature_enabled":true,"jetpack_social_post_already_shared":true,"jetpack_social_options":{"image_generator_settings":{"template":"highway","default_image_id":0,"font":"","enabled":false},"version":2}},"categories":[657],"tags":[625,4452,4451,1976,4450,20201,916],"class_list":["post-233551","post","type-post","status-publish","format-standard","has-post-thumbnail","hentry","category-spor","tag-ali","tag-calacak","tag-duduk","tag-galatasaray","tag-macinda","tag-palabiyik","tag-trabzonspor"],"jetpack_publicize_connections":[],"jetpack_featured_media_url":"https:\/\/i0.wp.com\/www.tvturk.com\/wp-content\/uploads\/2019\/11\/trabzonspor-galatasaray-macinda-ali-palabiyik-duduk-calacak_5e8837d.jpg?fit=862%2C1000","jetpack_sharing_enabled":true,"jetpack_shortlink":"https:\/\/wp.me\/paKIfm-YKX","_links":{"self":[{"href":"http:\/\/www.tvturk.com\/index.php\/wp-json\/wp\/v2\/posts\/233551","targetHints":{"allow":["GET"]}}],"collection":[{"href":"http:\/\/www.tvturk.com\/index.php\/wp-json\/wp\/v2\/posts"}],"about":[{"href":"http:\/\/www.tvturk.com\/index.php\/wp-json\/wp\/v2\/types\/post"}],"author":[{"embeddable":true,"href":"http:\/\/www.tvturk.com\/index.php\/wp-json\/wp\/v2\/users\/1"}],"replies":[{"embeddable":true,"href":"http:\/\/www.tvturk.com\/index.php\/wp-json\/wp\/v2\/comments?post=233551"}],"version-history":[{"count":0,"href":"http:\/\/www.tvturk.com\/index.php\/wp-json\/wp\/v2\/posts\/233551\/revisions"}],"wp:featuredmedia":[{"embeddable":true,"href":"http:\/\/www.tvturk.com\/index.php\/wp-json\/wp\/v2\/media\/233552"}],"wp:attachment":[{"href":"http:\/\/www.tvturk.com\/index.php\/wp-json\/wp\/v2\/media?parent=233551"}],"wp:term":[{"taxonomy":"category","embeddable":true,"href":"http:\/\/www.tvturk.com\/index.php\/wp-json\/wp\/v2\/categories?post=233551"},{"taxonomy":"post_tag","embeddable":true,"href":"http:\/\/www.tvturk.com\/index.php\/wp-json\/wp\/v2\/tags?post=233551"}],"curies":[{"name":"wp","href":"https:\/\/api.w.org\/{rel}","templated":true}]}}