{"id":23368,"date":"2019-02-11T22:35:48","date_gmt":"2019-02-11T19:35:48","guid":{"rendered":"http:\/\/www.tvturk.com\/index.php\/brezilyali-unlu-gazeteci-helikopter-kazasinda-oldu\/"},"modified":"2019-02-11T22:35:48","modified_gmt":"2019-02-11T19:35:48","slug":"brezilyali-unlu-gazeteci-helikopter-kazasinda-oldu","status":"publish","type":"post","link":"http:\/\/www.tvturk.com\/index.php\/brezilyali-unlu-gazeteci-helikopter-kazasinda-oldu\/","title":{"rendered":"Brezilyal\u0131 \u00fcnl\u00fc gazeteci helikopter kazas\u0131nda \u00f6ld\u00fc"},"content":{"rendered":"<p>Brezilyal\u0131 \u00fcnl\u00fc gazeteci Ricardo Boechat, bulundu\u011fu helikopterin otobanda kamyonun \u00fczerine d\u00fc\u015fmesi sonucu hayat\u0131n\u0131 kaybetti.<\/p>\n<p>Brezilya\u2019n\u0131n en tan\u0131nan gazetecilerinden Ricardo Boechat\u2019\u0131 ta\u015f\u0131yan helikopter, Sao Paulo \u015fehrinde otobanda kamyonun \u00fczerine d\u00fc\u015ft\u00fc. Kazada \u201cgazetecilerin gazetecisi\u201d olarak tan\u0131nan Boechat ve helikopterin pilotu ile yard\u0131mc\u0131 pilot yanarak can verdi. Helikopterin \u00fczerine d\u00fc\u015ft\u00fc\u011f\u00fc kamyonun \u00f6n k\u0131sm\u0131 kullan\u0131lamaz hale geldi. Kamyonun \u015fof\u00f6r\u00fc ise hastaneye kald\u0131r\u0131ld\u0131. Helikopterin bir k\u0131sm\u0131 yanarken, kalan k\u0131sm\u0131n\u0131n par\u00e7alar\u0131 etrafa sa\u00e7\u0131ld\u0131. 11 itfaiye arac\u0131 olay yerine sevk edilirken, \u00fclkenin en b\u00fcy\u00fck \u015fehrine giri\u015f ve \u00e7\u0131k\u0131\u015f kilitlendi.<\/p>\n","protected":false},"excerpt":{"rendered":"<p>BREZ\u0130LYALI \u00dcNL\u00dc GAZETEC\u0130 R\u0130CARDO BOECHAT, BULUNDU\u011eU HEL\u0130KOPTER\u0130N OTOBANDA KAMYONUN \u00dcZER\u0130NE D\u00dc\u015eMES\u0130 SONUCU HAYATINI KAYBETT\u0130.<\/p>\n","protected":false},"author":1,"featured_media":23369,"comment_status":"closed","ping_status":"open","sticky":false,"template":"","format":"standard","meta":{"jetpack_post_was_ever_published":false,"_jetpack_newsletter_access":"","_jetpack_dont_email_post_to_subs":false,"_jetpack_newsletter_tier_id":0,"_jetpack_memberships_contains_paywalled_content":false,"_jetpack_memberships_contains_paid_content":false,"footnotes":"","jetpack_publicize_message":"","jetpack_publicize_feature_enabled":true,"jetpack_social_post_already_shared":false,"jetpack_social_options":{"image_generator_settings":{"template":"highway","default_image_id":0,"font":"","enabled":false},"version":2}},"categories":[655],"tags":[9911,6341,9166,7568,77,5590],"class_list":["post-23368","post","type-post","status-publish","format-standard","has-post-thumbnail","hentry","category-son-dakika","tag-brezilyali","tag-gazeteci","tag-helikopter","tag-kazasinda","tag-oldu","tag-unlu"],"jetpack_publicize_connections":[],"jetpack_featured_media_url":"https:\/\/i0.wp.com\/www.tvturk.com\/wp-content\/uploads\/2019\/02\/brezilyali-unlu-gazeteci-helikopter-kazasinda-oldu_b7362ef.jpg?fit=660%2C371","jetpack_sharing_enabled":true,"jetpack_shortlink":"https:\/\/wp.me\/paKIfm-64U","_links":{"self":[{"href":"http:\/\/www.tvturk.com\/index.php\/wp-json\/wp\/v2\/posts\/23368","targetHints":{"allow":["GET"]}}],"collection":[{"href":"http:\/\/www.tvturk.com\/index.php\/wp-json\/wp\/v2\/posts"}],"about":[{"href":"http:\/\/www.tvturk.com\/index.php\/wp-json\/wp\/v2\/types\/post"}],"author":[{"embeddable":true,"href":"http:\/\/www.tvturk.com\/index.php\/wp-json\/wp\/v2\/users\/1"}],"replies":[{"embeddable":true,"href":"http:\/\/www.tvturk.com\/index.php\/wp-json\/wp\/v2\/comments?post=23368"}],"version-history":[{"count":0,"href":"http:\/\/www.tvturk.com\/index.php\/wp-json\/wp\/v2\/posts\/23368\/revisions"}],"wp:featuredmedia":[{"embeddable":true,"href":"http:\/\/www.tvturk.com\/index.php\/wp-json\/wp\/v2\/media\/23369"}],"wp:attachment":[{"href":"http:\/\/www.tvturk.com\/index.php\/wp-json\/wp\/v2\/media?parent=23368"}],"wp:term":[{"taxonomy":"category","embeddable":true,"href":"http:\/\/www.tvturk.com\/index.php\/wp-json\/wp\/v2\/categories?post=23368"},{"taxonomy":"post_tag","embeddable":true,"href":"http:\/\/www.tvturk.com\/index.php\/wp-json\/wp\/v2\/tags?post=23368"}],"curies":[{"name":"wp","href":"https:\/\/api.w.org\/{rel}","templated":true}]}}